{"id":61987,"date":"2020-05-18T10:30:04","date_gmt":"2020-05-18T16:30:04","guid":{"rendered":"http:\/\/www.eloriente.net\/home\/?p=61987"},"modified":"2020-05-20T08:19:55","modified_gmt":"2020-05-20T14:19:55","slug":"el-covid-19-y-la-endeble-respuesta-mundial-a-la-pandemia","status":"publish","type":"post","link":"http:\/\/www.eloriente.net\/home\/2020\/05\/18\/el-covid-19-y-la-endeble-respuesta-mundial-a-la-pandemia\/","title":{"rendered":"El Covid 19 y la endeble respuesta mundial a la pandemia, por Alberto Campos S\u00e1nchez"},"content":{"rendered":"<h5><a href=\"http:\/\/www.eloriente.net\/home\/?p=61987&amp;preview=true\">Por: Alberto Campos S\u00e1nchez<\/a><\/h5>\n<h5><span data-contrast=\"auto\">La llegada y expansi\u00f3n del\u00a0<\/span><span data-contrast=\"auto\">Covid<\/span><span data-contrast=\"auto\">\u00a019 por todo el planeta, es una muestra palpable<\/span><span data-contrast=\"auto\">\u00a0de<\/span><span data-contrast=\"auto\">\u00a0que pese a los avances cient\u00edficos<\/span><span data-contrast=\"auto\">\u00a0de gran\u00a0<\/span><span data-contrast=\"auto\">calado,\u00a0<\/span><span data-contrast=\"auto\">construidos<\/span><span data-contrast=\"auto\">\u00a0por el ser humano en los \u00faltimos a\u00f1os de avance e innovaci\u00f3n tecnol\u00f3gicos, estos no han sido suficientes para contrarrestar esta pandemia, que sin se<\/span><span data-contrast=\"auto\">r<\/span><span data-contrast=\"auto\">\u00a0la \u00fanica en la historia de la humanidad mantienen en vilo a las sociedades m\u00e1s desarrolladas, sin importar las cargas ideol\u00f3gicas que pudieran estar inmersas. <\/span><\/h5>\n<p><span data-contrast=\"auto\">La pandemia con toda crudeza hace patente nue<\/span><span data-contrast=\"auto\">stra endeble vulnerabilidad,\u00a0<\/span><span data-contrast=\"auto\">incluso no exhibe d\u00e9biles, somos lentamente destruidos por un virus, que causa sus efectos por doquier, destruyendo las estructuras econ\u00f3micas<\/span><span data-contrast=\"auto\">\u00a0y sociales m\u00e1s poderosas y por ende todav\u00eda m\u00e1s aquellas que por raz\u00f3n de su fragilidad han sido avasalladas por el capitalismo neoliberal.<\/span><span data-ccp-props=\"{&quot;335551550&quot;:6,&quot;335551620&quot;:6}\">\u00a0<\/span><\/p>\n<p><span data-ccp-props=\"{}\">\u00a0<script async src=\"https:\/\/pagead2.googlesyndication.com\/pagead\/js\/adsbygoogle.js\"><\/script><br \/>\n<ins class=\"adsbygoogle\" style=\"display: block; text-align: center;\" data-ad-layout=\"in-article\" data-ad-format=\"fluid\" data-ad-client=\"ca-pub-1136171134853753\" data-ad-slot=\"5545504441\"><\/ins><br \/>\n<script>\n     (adsbygoogle = window.adsbygoogle || []).push({});\n<\/script><br \/>\n<\/span><span data-contrast=\"auto\">\u00bfSer\u00e1 que estamos en el umbral de cambiar las reglas del juego en lo que concierne a la econom\u00eda? O quedar sujetos de nueva cuenta en los cl\u00e1sicos empr\u00e9stitos para \u201cresarcir la econom\u00eda\u201d que propone el Banco Mundial, el Fondo Monetario Internacional y el Banc<\/span><span data-contrast=\"auto\">o<\/span><span data-contrast=\"auto\">\u00a0Interamericano de Desarrollo;<\/span><span data-contrast=\"auto\">\u00a0pol\u00edticas que en la practica han demostrado que solo benefician a los grandes corporativos<\/span><span data-contrast=\"auto\">\u00a0y el pueblo se convierte en el\u00a0<\/span><span data-contrast=\"auto\">perdedor, para continuar pagando una de<\/span><span data-contrast=\"auto\">uda que en muchos de los casos<\/span><span data-contrast=\"auto\">\u00a0viene etiquetada a una generaci\u00f3n que a\u00fan no ha nacido, cosa totalmente inaudita y grotesca.<\/span><span data-ccp-props=\"{&quot;335551550&quot;:6,&quot;335551620&quot;:6}\">\u00a0<\/span><\/p>\n<p><span data-ccp-props=\"{&quot;335551550&quot;:6,&quot;335551620&quot;:6}\">\u00a0<\/span><span data-contrast=\"auto\">La circunstancias actuales lo ameritan sin temor a equivocarnos, para construir desde abajo una relaci\u00f3n de equilibrio entre pobres y ricos, empezando por la condonaci\u00f3n de una deuda externa impagable que arrastran varias naciones del orbe, para que en el mediano plazo sirva para aliviar la carga financiera y ello se traduzca en recursos para la pobreza y pobreza extrema, presente desde hace varias d\u00e9cadas e iniciar un proceso de recomposici\u00f3n social, que aplique a las necesidades m\u00e1s sentidas de cada regi\u00f3n, en los campos de la educaci\u00f3n<\/span><span data-contrast=\"auto\">,<\/span><span data-contrast=\"auto\">\u00a0salud, la econom\u00eda, los vaivenes migratorios sumamente preocupantes, el respeto irrestricto al territori<\/span><span data-contrast=\"auto\">o de los pueblos ancestrales, el<\/span><span data-contrast=\"auto\">\u00a0cuidado del medio ambiente, etc. El hacernos omisos de esta realidad que desenmascara la inequidad prevaleciente, equivaldr\u00eda como dejar por asentado el sometimiento\u00a0<\/span><span data-contrast=\"auto\">condonatorio<\/span><span data-contrast=\"auto\">\u00a0del que son objeto muchos pa\u00edses en especial de este continente y por supuesto del mundo.<\/span><span data-ccp-props=\"{&quot;335551550&quot;:6,&quot;335551620&quot;:6}\">\u00a0<\/span><\/p>\n<p><span data-ccp-props=\"{&quot;335551550&quot;:6,&quot;335551620&quot;:6}\"><script async src=\"https:\/\/pagead2.googlesyndication.com\/pagead\/js\/adsbygoogle.js\"><\/script><br \/>\n<ins class=\"adsbygoogle\" style=\"display: block; text-align: center;\" data-ad-layout=\"in-article\" data-ad-format=\"fluid\" data-ad-client=\"ca-pub-1136171134853753\" data-ad-slot=\"5545504441\"><\/ins><br \/>\n<script>\n     (adsbygoogle = window.adsbygoogle || []).push({});\n<\/script><br \/>\n<\/span><span data-contrast=\"auto\">La presencia inesperada del\u00a0<\/span><span data-contrast=\"auto\">Covid<\/span><span data-contrast=\"auto\">\u00a019, ha puesto en jaque a los pa\u00edses del primer mundo, China generador, Estados Unidos, Inglaterra, Alemania, Espa\u00f1a, Italia, etc. Con una manifiesta incapacidad para contener el virus, que hasta el momento arroja mas de 4 millones de infectados y un alto n\u00famero de muertos a nivel mundial.<\/span><span data-ccp-props=\"{&quot;335551550&quot;:6,&quot;335551620&quot;:6}\">\u00a0<\/span><\/p>\n<p><span data-contrast=\"auto\">Con esta panorama nada alentador afectado tambi\u00e9n por una serie de factores que inciden principalmente en el desarrollo de la econom\u00eda, valdr\u00eda la pena repensar en un nuevo modelo m\u00e1s justo y equitativo, sin olvidar la palabras del Dr. Juan Ram\u00f3n\u00a0<\/span><span data-contrast=\"auto\">de la Fuente, Ex Rector de la Universidad Nacional Aut\u00f3noma de M\u00e9xico y actual representante de M\u00e9xico ante las Naciones Unidas, que dicen: \u201cEl\u00a0<\/span><span data-contrast=\"auto\">Covid<\/span><span data-contrast=\"auto\">\u00a019 no se va, se queda.\u201d<\/span><span data-ccp-props=\"{&quot;335551550&quot;:6,&quot;335551620&quot;:6}\">\u00a0<\/span><\/p>\n<p><span data-ccp-props=\"{&quot;335551550&quot;:6,&quot;335551620&quot;:6}\">\u00a0<\/span><\/p>\n<p><span data-ccp-props=\"{}\">\u00a0<\/span><\/p>\n\n\t\t\t  <div \n\t\t\t  \tclass = \"fb-comments\" \n\t\t\t  \tdata-href = \"http:\/\/www.eloriente.net\/home\/2020\/05\/18\/el-covid-19-y-la-endeble-respuesta-mundial-a-la-pandemia\/\"\n\t\t\t  \tdata-numposts = \"10\"\n\t\t\t\tdata-colorscheme = \"dark\"\n\t\t\t\tdata-order-by = \"social\"\n\t\t\t\tdata-mobile=true>\n\t\t\t  <\/div>\n\t\t  <style>\n\t\t\t.fb_iframe_widget_fluid_desktop iframe {\n\t\t\t    width: 100% !important;\n\t\t\t}\n\t\t  <\/style>\n\t\t  ","protected":false},"excerpt":{"rendered":"<p>Por: Alberto Campos S\u00e1nchez La llegada y expansi\u00f3n del\u00a0Covid\u00a019 por todo el planeta, es una muestra palpable\u00a0de\u00a0que pese a los avances cient\u00edficos\u00a0de gran\u00a0calado,\u00a0construidos\u00a0por el ser humano en los \u00faltimos a\u00f1os de avance e innovaci\u00f3n tecnol\u00f3gicos, estos no han sido suficientes para contrarrestar esta pandemia, que sin ser\u00a0la \u00fanica en la historia de la humanidad mantienen [&hellip;]<\/p>\n","protected":false},"author":57,"featured_media":61995,"comment_status":"open","ping_status":"open","sticky":false,"template":"","format":"standard","meta":{"_jetpack_memberships_contains_paid_content":false,"footnotes":""},"categories":[18,32,10504,24,30],"tags":[11033,11164,111,2224,144],"class_list":["post-61987","post","type-post","status-publish","format-standard","has-post-thumbnail","hentry","category-educacion-y-cultura","category-entradas","category-las-ultimas-12","category-mexico-y-el-mundo","category-salud","tag-coronavirus","tag-covid-19","tag-mundo","tag-pandemia","tag-salud-2"],"jetpack_featured_media_url":"http:\/\/www.eloriente.net\/home\/wp-content\/uploads\/2020\/05\/photo-of-man-getting-his-temperature-by-a-thermal-scanner-4148846.jpg","jetpack_sharing_enabled":true,"_links":{"self":[{"href":"http:\/\/www.eloriente.net\/home\/wp-json\/wp\/v2\/posts\/61987"}],"collection":[{"href":"http:\/\/www.eloriente.net\/home\/wp-json\/wp\/v2\/posts"}],"about":[{"href":"http:\/\/www.eloriente.net\/home\/wp-json\/wp\/v2\/types\/post"}],"author":[{"embeddable":true,"href":"http:\/\/www.eloriente.net\/home\/wp-json\/wp\/v2\/users\/57"}],"replies":[{"embeddable":true,"href":"http:\/\/www.eloriente.net\/home\/wp-json\/wp\/v2\/comments?post=61987"}],"version-history":[{"count":5,"href":"http:\/\/www.eloriente.net\/home\/wp-json\/wp\/v2\/posts\/61987\/revisions"}],"predecessor-version":[{"id":62041,"href":"http:\/\/www.eloriente.net\/home\/wp-json\/wp\/v2\/posts\/61987\/revisions\/62041"}],"wp:featuredmedia":[{"embeddable":true,"href":"http:\/\/www.eloriente.net\/home\/wp-json\/wp\/v2\/media\/61995"}],"wp:attachment":[{"href":"http:\/\/www.eloriente.net\/home\/wp-json\/wp\/v2\/media?parent=61987"}],"wp:term":[{"taxonomy":"category","embeddable":true,"href":"http:\/\/www.eloriente.net\/home\/wp-json\/wp\/v2\/categories?post=61987"},{"taxonomy":"post_tag","embeddable":true,"href":"http:\/\/www.eloriente.net\/home\/wp-json\/wp\/v2\/tags?post=61987"}],"curies":[{"name":"wp","href":"https:\/\/api.w.org\/{rel}","templated":true}]}}