{"id":62209,"date":"2020-05-27T13:42:54","date_gmt":"2020-05-27T19:42:54","guid":{"rendered":"http:\/\/www.eloriente.net\/home\/?p=62209"},"modified":"2021-02-09T12:47:10","modified_gmt":"2021-02-09T18:47:10","slug":"mesa-de-debate-militarizacion-de-la-seguridad-reforma-o-riesgo","status":"publish","type":"post","link":"http:\/\/www.eloriente.net\/home\/2020\/05\/27\/mesa-de-debate-militarizacion-de-la-seguridad-reforma-o-riesgo\/","title":{"rendered":"Mesa de debate, Militarizaci\u00f3n de la seguridad \u00bfReforma o Riesgo?"},"content":{"rendered":"<h5 style=\"text-align: center;\">Este mi\u00e9rcoles 13:30 abrimos nueva <a href=\"https:\/\/www.facebook.com\/eloriente.net\/videos\/387505342173770\/\" target=\"_blank\" rel=\"noopener\">conversaci\u00f3n<\/a>, para llevar al siguiente nivel el an\u00e1lisis en\u00a0<a href=\"http:\/\/www.eloriente.net\/home\/\" target=\"_blank\" rel=\"noopener nofollow\" data-ft=\"{&quot;tn&quot;:&quot;-U&quot;}\" data-lynx-mode=\"asynclazy\" data-lynx-uri=\"https:\/\/l.facebook.com\/l.php?u=http%3A%2F%2FELORIENTE.NET%2F%3Ffbclid%3DIwAR3GlLccQ8yhc_mJMG9lFL-ZytzDW2Cd75xZM-1vOWPZUkqyXhNtKl2zl1Y&amp;h=AT3S_bfCM9gKPWgArk7Xg9Q7qQZtJUp7oRRzMa9HsGlF8JeApChvQk-HlsTcmzlNkxXcEKqarGYG9P_BVz8LlPJ9-cie1Y6Q91QoxkYM_5gdFgyxFzP8qtkSANwS17s608PkU3JkCk6pVZyPztWyWps\">ELORIENTE.NET<\/a><\/h5>\n<h5 style=\"text-align: center;\"><a href=\"http:\/\/www.eloriente.net\/home\/?s=fer+galindo\">Fer Galindo<\/a> conversa con:<\/h5>\n<p><span class=\"_5mfr\"><span class=\"_6qdm\">\ud83c\udf99\ufe0f<\/span><\/span>\u00a0Mtro. Fernando Falconi M\u00fazquiz<br \/>\nLicenciado en Derecho por la UNAM Universidad Nacional Aut\u00f3noma de M\u00e9xico; maestro en Criminolog\u00eda y Pol\u00edtica Criminal, con menci\u00f3n honor\u00edfica, por el Instituto Nacional de Ciencias Penales, INACIPE. Instituto Nacional De Ciencias Penales.<\/p>\n<p><span class=\"_5mfr\"><span class=\"_6qdm\">\ud83c\udf99\ufe0f<\/span><\/span>\u00a0V\u00edctor Hugo Becerra<br \/>\nEspecialista en comunicaci\u00f3n pol\u00edtica ITAM y planeaci\u00f3n metropolitana (UAM). Presidente de M\u00e9xico Libertario.<br \/>\nHa creado una gran cantidad de organizaciones libertarias en M\u00e9xico y Am\u00e9rica Latina. Tiene inter\u00e9s en el estudio y la creaci\u00f3n de redes libertarias y la organizaci\u00f3n de actividades acad\u00e9micas de divulgaci\u00f3n de las ideas de la libertad. Sus textos han sido publicados en PanAmPost, Wellington, Instituto Cato entre otras.<\/p>\n<p><iframe loading=\"lazy\" style=\"border: none; overflow: hidden;\" src=\"https:\/\/www.facebook.com\/plugins\/video.php?href=https%3A%2F%2Fwww.facebook.com%2Feloriente.net%2Fvideos%2F387505342173770%2F&amp;show_text=0&amp;width=560\" width=\"560\" height=\"315\" frameborder=\"0\" scrolling=\"no\" allowfullscreen=\"allowfullscreen\"><\/iframe><\/p>\n<p><script async src=\"https:\/\/pagead2.googlesyndication.com\/pagead\/js\/adsbygoogle.js\"><\/script><br \/>\n<ins class=\"adsbygoogle\" style=\"display: block; text-align: center;\" data-ad-layout=\"in-article\" data-ad-format=\"fluid\" data-ad-client=\"ca-pub-1136171134853753\" data-ad-slot=\"1904291222\"><\/ins><br \/>\n<script>\n     (adsbygoogle = window.adsbygoogle || []).push({});\n<\/script><\/p>\n\n\t\t\t  <div \n\t\t\t  \tclass = \"fb-comments\" \n\t\t\t  \tdata-href = \"http:\/\/www.eloriente.net\/home\/2020\/05\/27\/mesa-de-debate-militarizacion-de-la-seguridad-reforma-o-riesgo\/\"\n\t\t\t  \tdata-numposts = \"10\"\n\t\t\t\tdata-colorscheme = \"dark\"\n\t\t\t\tdata-order-by = \"social\"\n\t\t\t\tdata-mobile=true>\n\t\t\t  <\/div>\n\t\t  <style>\n\t\t\t.fb_iframe_widget_fluid_desktop iframe {\n\t\t\t    width: 100% !important;\n\t\t\t}\n\t\t  <\/style>\n\t\t  ","protected":false},"excerpt":{"rendered":"<p>Este mi\u00e9rcoles 13:30 abrimos nueva conversaci\u00f3n, para llevar al siguiente nivel el an\u00e1lisis en\u00a0ELORIENTE.NET Fer Galindo conversa con: \ud83c\udf99\ufe0f\u00a0Mtro. Fernando Falconi M\u00fazquiz Licenciado en Derecho por la UNAM Universidad Nacional Aut\u00f3noma de M\u00e9xico; maestro en Criminolog\u00eda y Pol\u00edtica Criminal, con menci\u00f3n honor\u00edfica, por el Instituto Nacional de Ciencias Penales, INACIPE. Instituto Nacional De Ciencias Penales. [&hellip;]<\/p>\n","protected":false},"author":57,"featured_media":62210,"comment_status":"open","ping_status":"open","sticky":false,"template":"","format":"video","meta":{"_jetpack_memberships_contains_paid_content":false,"footnotes":""},"categories":[18,32,63,35,10504,10,24,21],"tags":[8875,11338,9298],"class_list":["post-62209","post","type-post","status-publish","format-video","has-post-thumbnail","hentry","category-educacion-y-cultura","category-entradas","category-estados","category-secciones-oriente","category-las-ultimas-12","category-lo-mas-reciente","category-mexico-y-el-mundo","category-politica-y-gobierno","tag-militarizacion","tag-militarizacion-de-la-seguridad","tag-politica-y-gobierno","post_format-post-format-video"],"jetpack_featured_media_url":"http:\/\/www.eloriente.net\/home\/wp-content\/uploads\/2020\/05\/100800645_3315477805151302_4966643994332233728_n.png","jetpack_sharing_enabled":true,"_links":{"self":[{"href":"http:\/\/www.eloriente.net\/home\/wp-json\/wp\/v2\/posts\/62209"}],"collection":[{"href":"http:\/\/www.eloriente.net\/home\/wp-json\/wp\/v2\/posts"}],"about":[{"href":"http:\/\/www.eloriente.net\/home\/wp-json\/wp\/v2\/types\/post"}],"author":[{"embeddable":true,"href":"http:\/\/www.eloriente.net\/home\/wp-json\/wp\/v2\/users\/57"}],"replies":[{"embeddable":true,"href":"http:\/\/www.eloriente.net\/home\/wp-json\/wp\/v2\/comments?post=62209"}],"version-history":[{"count":5,"href":"http:\/\/www.eloriente.net\/home\/wp-json\/wp\/v2\/posts\/62209\/revisions"}],"predecessor-version":[{"id":64009,"href":"http:\/\/www.eloriente.net\/home\/wp-json\/wp\/v2\/posts\/62209\/revisions\/64009"}],"wp:featuredmedia":[{"embeddable":true,"href":"http:\/\/www.eloriente.net\/home\/wp-json\/wp\/v2\/media\/62210"}],"wp:attachment":[{"href":"http:\/\/www.eloriente.net\/home\/wp-json\/wp\/v2\/media?parent=62209"}],"wp:term":[{"taxonomy":"category","embeddable":true,"href":"http:\/\/www.eloriente.net\/home\/wp-json\/wp\/v2\/categories?post=62209"},{"taxonomy":"post_tag","embeddable":true,"href":"http:\/\/www.eloriente.net\/home\/wp-json\/wp\/v2\/tags?post=62209"}],"curies":[{"name":"wp","href":"https:\/\/api.w.org\/{rel}","templated":true}]}}