{"id":62618,"date":"2020-06-17T14:54:02","date_gmt":"2020-06-17T20:54:02","guid":{"rendered":"http:\/\/www.eloriente.net\/home\/?p=62618"},"modified":"2020-06-17T14:57:01","modified_gmt":"2020-06-17T20:57:01","slug":"en-vivo-conferencia-de-gobernador-centro-bajio-occidente","status":"publish","type":"post","link":"http:\/\/www.eloriente.net\/home\/2020\/06\/17\/en-vivo-conferencia-de-gobernador-centro-bajio-occidente\/","title":{"rendered":"EN VIVO Conferencia de gobernadores Centro Baj\u00edo Occidente"},"content":{"rendered":"<p>Este mediod\u00eda, gobernadores de Jalisco, Aguascalientes, Quer\u00e9taro, entre otros, se reunieron y brindaron despu\u00e9s conferencia de prensa, donde han expresado su posicionamiento sobre diversos temas de inter\u00e9s para M\u00e9xico.<\/p>\n<p><script async src=\"https:\/\/pagead2.googlesyndication.com\/pagead\/js\/adsbygoogle.js\"><\/script><br \/>\n<ins class=\"adsbygoogle\" style=\"display: block; text-align: center;\" data-ad-layout=\"in-article\" data-ad-format=\"fluid\" data-ad-client=\"ca-pub-1136171134853753\" data-ad-slot=\"5545504441\"><\/ins><br \/>\n<script>\n     (adsbygoogle = window.adsbygoogle || []).push({});\n<\/script><\/p>\n<p>&nbsp;<\/p>\n\n\t\t\t  <div \n\t\t\t  \tclass = \"fb-comments\" \n\t\t\t  \tdata-href = \"http:\/\/www.eloriente.net\/home\/2020\/06\/17\/en-vivo-conferencia-de-gobernador-centro-bajio-occidente\/\"\n\t\t\t  \tdata-numposts = \"10\"\n\t\t\t\tdata-colorscheme = \"dark\"\n\t\t\t\tdata-order-by = \"social\"\n\t\t\t\tdata-mobile=true>\n\t\t\t  <\/div>\n\t\t  <style>\n\t\t\t.fb_iframe_widget_fluid_desktop iframe {\n\t\t\t    width: 100% !important;\n\t\t\t}\n\t\t  <\/style>\n\t\t  ","protected":false},"excerpt":{"rendered":"<p>Este mediod\u00eda, gobernadores de Jalisco, Aguascalientes, Quer\u00e9taro, entre otros, se reunieron y brindaron despu\u00e9s conferencia de prensa, donde han expresado su posicionamiento sobre diversos temas de inter\u00e9s para M\u00e9xico. &nbsp;<\/p>\n","protected":false},"author":1,"featured_media":62619,"comment_status":"open","ping_status":"open","sticky":false,"template":"","format":"video","meta":{"_jetpack_memberships_contains_paid_content":false,"footnotes":""},"categories":[2434,4,32,63,2628,10504,10,21,6528],"tags":[2967,3293,1605,2878],"class_list":["post-62618","post","type-post","status-publish","format-video","has-post-thumbnail","hentry","category-lunesdepolitica","category-canal-2-en-vivo","category-entradas","category-estados","category-jalisco-estados","category-las-ultimas-12","category-lo-mas-reciente","category-politica-y-gobierno","category-queretaro","tag-aguascalientes","tag-guanajuato","tag-jalisco","tag-queretaro","post_format-post-format-video"],"jetpack_featured_media_url":"http:\/\/www.eloriente.net\/home\/wp-content\/uploads\/2020\/06\/Captura-de-Pantalla-2020-06-17-a-las-15.48.13.jpg","jetpack_sharing_enabled":true,"_links":{"self":[{"href":"http:\/\/www.eloriente.net\/home\/wp-json\/wp\/v2\/posts\/62618"}],"collection":[{"href":"http:\/\/www.eloriente.net\/home\/wp-json\/wp\/v2\/posts"}],"about":[{"href":"http:\/\/www.eloriente.net\/home\/wp-json\/wp\/v2\/types\/post"}],"author":[{"embeddable":true,"href":"http:\/\/www.eloriente.net\/home\/wp-json\/wp\/v2\/users\/1"}],"replies":[{"embeddable":true,"href":"http:\/\/www.eloriente.net\/home\/wp-json\/wp\/v2\/comments?post=62618"}],"version-history":[{"count":2,"href":"http:\/\/www.eloriente.net\/home\/wp-json\/wp\/v2\/posts\/62618\/revisions"}],"predecessor-version":[{"id":62621,"href":"http:\/\/www.eloriente.net\/home\/wp-json\/wp\/v2\/posts\/62618\/revisions\/62621"}],"wp:featuredmedia":[{"embeddable":true,"href":"http:\/\/www.eloriente.net\/home\/wp-json\/wp\/v2\/media\/62619"}],"wp:attachment":[{"href":"http:\/\/www.eloriente.net\/home\/wp-json\/wp\/v2\/media?parent=62618"}],"wp:term":[{"taxonomy":"category","embeddable":true,"href":"http:\/\/www.eloriente.net\/home\/wp-json\/wp\/v2\/categories?post=62618"},{"taxonomy":"post_tag","embeddable":true,"href":"http:\/\/www.eloriente.net\/home\/wp-json\/wp\/v2\/tags?post=62618"}],"curies":[{"name":"wp","href":"https:\/\/api.w.org\/{rel}","templated":true}]}}