{"id":62703,"date":"2020-06-25T17:36:41","date_gmt":"2020-06-25T23:36:41","guid":{"rendered":"http:\/\/www.eloriente.net\/home\/?p=62703"},"modified":"2020-06-25T17:36:41","modified_gmt":"2020-06-25T23:36:41","slug":"la-construccion-de-lo-mexicano-por-ana-sofia-rodriguez","status":"publish","type":"post","link":"http:\/\/www.eloriente.net\/home\/2020\/06\/25\/la-construccion-de-lo-mexicano-por-ana-sofia-rodriguez\/","title":{"rendered":"La Construcci\u00f3n de lo mexicano, por Ana Sof\u00eda Rodr\u00edguez"},"content":{"rendered":"<p><span class=\"style-scope yt-formatted-string\" dir=\"auto\"> La C\u00e1tedra In\u00e9s Amor de Gesti\u00f3n Cultural convoc\u00f3 al Foro Movilidad e Integraci\u00f3n Cultural del 24 al 27 de junio de 2020.<\/span><\/p>\n<p><span class=\"style-scope yt-formatted-string\" dir=\"auto\">Algunas de las preguntas que se abordan en el mismo son: \u00bfqui\u00e9nes somos cuando decimos que somos mexicanas y mexicanos? \u00bfQu\u00e9 identidades caben en esa definici\u00f3n? \u00bf\u201dSer mexicano\u201d es una definici\u00f3n estrecha y excluyente? \u00bfTiene ra\u00edces hist\u00f3ricas identificables? \u00bfTiene la capacidad de ensancharse para incluir a la diversidad que habita en nuestro pa\u00eds?<\/span><\/p>\n<p><script async src=\"https:\/\/pagead2.googlesyndication.com\/pagead\/js\/adsbygoogle.js\"><\/script><br \/>\n<!-- TALENTO HOME SUPERIOR --><br \/>\n<ins class=\"adsbygoogle\" style=\"display: inline-block; width: 950px; height: 90px;\" data-ad-client=\"ca-pub-1136171134853753\" data-ad-slot=\"5340559732\"><\/ins><br \/>\n<script>\n     (adsbygoogle = window.adsbygoogle || []).push({});\n<\/script><span class=\"style-scope yt-formatted-string\" dir=\"auto\">En este video, Ana Sof\u00eda Rodr\u00edguez durante la primera de las mesas aporta su punto de vista.<\/span><\/p>\n<p><span class=\"style-scope yt-formatted-string\" dir=\"auto\">Ella es editora e investigadora. Actualmente cursa el doctorado en Historia de El Colegio de M\u00e9xico. Sus intereses de investigaci\u00f3n se centran en los usos p\u00fablicos de la historia, la historia intelectual y la historia de la salud mental y la discapacidad. Coordina el sitio (Dis)capacidades de la revista Nexos, en el que se exploran las ideas y realidades de los cuerpos y mentes considerados divergentes. Ha escrito en publicaciones nacionales e internacionales.<\/span><\/p>\n\n\t\t\t  <div \n\t\t\t  \tclass = \"fb-comments\" \n\t\t\t  \tdata-href = \"http:\/\/www.eloriente.net\/home\/2020\/06\/25\/la-construccion-de-lo-mexicano-por-ana-sofia-rodriguez\/\"\n\t\t\t  \tdata-numposts = \"10\"\n\t\t\t\tdata-colorscheme = \"dark\"\n\t\t\t\tdata-order-by = \"social\"\n\t\t\t\tdata-mobile=true>\n\t\t\t  <\/div>\n\t\t  <style>\n\t\t\t.fb_iframe_widget_fluid_desktop iframe {\n\t\t\t    width: 100% !important;\n\t\t\t}\n\t\t  <\/style>\n\t\t  ","protected":false},"excerpt":{"rendered":"<p>La C\u00e1tedra In\u00e9s Amor de Gesti\u00f3n Cultural convoc\u00f3 al Foro Movilidad e Integraci\u00f3n Cultural del 24 al 27 de junio de 2020. Algunas de las preguntas que se abordan en el mismo son: \u00bfqui\u00e9nes somos cuando decimos que somos mexicanas y mexicanos? \u00bfQu\u00e9 identidades caben en esa definici\u00f3n? \u00bf\u201dSer mexicano\u201d es una definici\u00f3n estrecha y [&hellip;]<\/p>\n","protected":false},"author":1,"featured_media":62706,"comment_status":"open","ping_status":"open","sticky":false,"template":"","format":"video","meta":{"_jetpack_memberships_contains_paid_content":false,"footnotes":""},"categories":[624,3,32,5297,10504,10,24,21],"tags":[11427,11426,3077,11425],"class_list":["post-62703","post","type-post","status-publish","format-video","has-post-thumbnail","hentry","category-articulistas","category-canal-1-tu-aula","category-entradas","category-historia","category-las-ultimas-12","category-lo-mas-reciente","category-mexico-y-el-mundo","category-politica-y-gobierno","tag-catedra-amor","tag-construccion-de-lo-mexicano","tag-historia-de-mexico","tag-lo-mexicano","post_format-post-format-video"],"jetpack_featured_media_url":"http:\/\/www.eloriente.net\/home\/wp-content\/uploads\/2020\/06\/maxresdefault-5.jpg","jetpack_sharing_enabled":true,"_links":{"self":[{"href":"http:\/\/www.eloriente.net\/home\/wp-json\/wp\/v2\/posts\/62703"}],"collection":[{"href":"http:\/\/www.eloriente.net\/home\/wp-json\/wp\/v2\/posts"}],"about":[{"href":"http:\/\/www.eloriente.net\/home\/wp-json\/wp\/v2\/types\/post"}],"author":[{"embeddable":true,"href":"http:\/\/www.eloriente.net\/home\/wp-json\/wp\/v2\/users\/1"}],"replies":[{"embeddable":true,"href":"http:\/\/www.eloriente.net\/home\/wp-json\/wp\/v2\/comments?post=62703"}],"version-history":[{"count":2,"href":"http:\/\/www.eloriente.net\/home\/wp-json\/wp\/v2\/posts\/62703\/revisions"}],"predecessor-version":[{"id":62712,"href":"http:\/\/www.eloriente.net\/home\/wp-json\/wp\/v2\/posts\/62703\/revisions\/62712"}],"wp:featuredmedia":[{"embeddable":true,"href":"http:\/\/www.eloriente.net\/home\/wp-json\/wp\/v2\/media\/62706"}],"wp:attachment":[{"href":"http:\/\/www.eloriente.net\/home\/wp-json\/wp\/v2\/media?parent=62703"}],"wp:term":[{"taxonomy":"category","embeddable":true,"href":"http:\/\/www.eloriente.net\/home\/wp-json\/wp\/v2\/categories?post=62703"},{"taxonomy":"post_tag","embeddable":true,"href":"http:\/\/www.eloriente.net\/home\/wp-json\/wp\/v2\/tags?post=62703"}],"curies":[{"name":"wp","href":"https:\/\/api.w.org\/{rel}","templated":true}]}}