{"id":62991,"date":"2020-07-16T14:09:11","date_gmt":"2020-07-16T20:09:11","guid":{"rendered":"http:\/\/www.eloriente.net\/home\/?p=62991"},"modified":"2020-07-16T14:10:27","modified_gmt":"2020-07-16T20:10:27","slug":"fundacion-uabjo-cuatro-anos-mas-de-trabajo-a-favor-de-la-comunidad-estudiantil","status":"publish","type":"post","link":"http:\/\/www.eloriente.net\/home\/2020\/07\/16\/fundacion-uabjo-cuatro-anos-mas-de-trabajo-a-favor-de-la-comunidad-estudiantil\/","title":{"rendered":"Fundaci\u00f3n UABJO: cuatro a\u00f1os m\u00e1s de trabajo a favor de la comunidad estudiantil"},"content":{"rendered":"<h5><a href=\"http:\/\/www.eloriente.net\/home\/2020\/07\/16\/fundacion-uabjo-cuatro-anos-mas-de-trabajo-a-favor-de-la-comunidad-estudiantil\/\">Por:<\/a> <a href=\"http:\/\/www.uabjo.mx\/\" target=\"_blank\" rel=\"noopener\">UABJO<\/a><\/h5>\n<h5><span data-contrast=\"auto\">\u201cLa Fundaci\u00f3n UABJO es promotora del respeto y la identidad universitaria, su gesti\u00f3n ha permitido lograr m\u00e1s becas para estudiantes ind\u00edgenas y madres universitarias, con un sentido humanista. Gracias a su labor tambi\u00e9n hemos accedido a proyectos nacionales e internacionales\u201d, expres\u00f3 el rector de nuestra Universidad, Eduardo Bautista Mart\u00ednez.<\/span><span data-ccp-props=\"{&quot;201341983&quot;:0,&quot;335559739&quot;:160,&quot;335559740&quot;:259}\">\u00a0<\/span><\/h5>\n<p><span data-contrast=\"auto\">Con estas acciones la Fundaci\u00f3n manifiesta que la Universidad es el esfuerzo de estudiantes, personal docente y administrativo, una comunidad que no se detiene y contin\u00faa trabajando de manera virtual, durante la crisis por el Covid-19, con sentido humanista y reafirma que #SomosUABJO, enfatiz\u00f3.\u00a0<\/span><span data-ccp-props=\"{&quot;201341983&quot;:0,&quot;335559739&quot;:160,&quot;335559740&quot;:259}\">\u00a0<\/span><\/p>\n<p><span data-contrast=\"auto\">Lo anterior en un encuentro virtual, en el que la Directora Ejecutiva de Fundaci\u00f3n UABJO, Martha Mayra Mendoza Solano, rindi\u00f3 su informe de actividades 2016-2020, acompa\u00f1ada por integrantes del Consejo Consultivo de dicha Asociaci\u00f3n.<\/span><span data-ccp-props=\"{&quot;201341983&quot;:0,&quot;335559739&quot;:160,&quot;335559740&quot;:259}\">\u00a0<\/span><\/p>\n<p><span data-contrast=\"auto\">Durante su intervenci\u00f3n la Directora Ejecutiva, dio cuenta de las acciones impulsadas, en las que destaca la gesti\u00f3n de becas. Con el apoyo de la Fundaci\u00f3n Alfredo\u00a0<\/span><span data-contrast=\"auto\">Harp<\/span><span data-contrast=\"auto\">\u00a0Hel\u00fa, se dio continuidad a Programa de Becas Alimentarias, que al d\u00eda de hoy ha beneficiado a 750 estudiantes de diversas licenciaturas.<\/span><span data-ccp-props=\"{&quot;201341983&quot;:0,&quot;335559739&quot;:160,&quot;335559740&quot;:259}\">\u00a0<a href=\"http:\/\/www.eloriente.net\/home\/wp-content\/uploads\/2020\/07\/2-1.jpg\"><img loading=\"lazy\" decoding=\"async\" class=\"wp-image-62993 aligncenter\" src=\"http:\/\/www.eloriente.net\/home\/wp-content\/uploads\/2020\/07\/2-1.jpg\" alt=\"\" width=\"547\" height=\"342\" srcset=\"http:\/\/www.eloriente.net\/home\/wp-content\/uploads\/2020\/07\/2-1.jpg 1280w, http:\/\/www.eloriente.net\/home\/wp-content\/uploads\/2020\/07\/2-1-300x188.jpg 300w, http:\/\/www.eloriente.net\/home\/wp-content\/uploads\/2020\/07\/2-1-768x480.jpg 768w, http:\/\/www.eloriente.net\/home\/wp-content\/uploads\/2020\/07\/2-1-1024x640.jpg 1024w, http:\/\/www.eloriente.net\/home\/wp-content\/uploads\/2020\/07\/2-1-696x435.jpg 696w, http:\/\/www.eloriente.net\/home\/wp-content\/uploads\/2020\/07\/2-1-1068x668.jpg 1068w, http:\/\/www.eloriente.net\/home\/wp-content\/uploads\/2020\/07\/2-1-672x420.jpg 672w, http:\/\/www.eloriente.net\/home\/wp-content\/uploads\/2020\/07\/2-1-600x375.jpg 600w\" sizes=\"(max-width: 547px) 100vw, 547px\" \/><\/a><\/span><\/p>\n<p><span data-contrast=\"auto\">De igual forma se ha promovido el Programa Semillas de Talento de la Secretar\u00eda de Pueblos Ind\u00edgenas y\u00a0<\/span><span data-contrast=\"auto\">Afromexicano<\/span><span data-contrast=\"auto\">\u00a0(SEPIA) que otorga becas a estudiantes hablantes de lenguas ind\u00edgenas, el cual benefici\u00f3 a 150 j\u00f3venes en 2019 y para 2020 aplicaron 190.\u00a0<\/span><span data-ccp-props=\"{&quot;201341983&quot;:0,&quot;335559739&quot;:160,&quot;335559740&quot;:259}\">\u00a0<\/span><\/p>\n<p><span data-contrast=\"auto\">Tambi\u00e9n el Programa Nacional de Apoyo a la Capacitaci\u00f3n y el Empleo en M\u00e9xico (PRONACEM), ha becado a 313 j\u00f3venes para realizar estudios de ingl\u00e9s y computaci\u00f3n. As\u00ed mismo \u201cEmprendimiento desde Cero\u201d del Instituto Oaxaque\u00f1o del Emprendedor y la Competitividad (IODEMC), ha beneficiado a 120 estudiantes para desarrollar proyectos en l\u00ednea, por mencionar algunos.<\/span><span data-ccp-props=\"{&quot;201341983&quot;:0,&quot;335559739&quot;:160,&quot;335559740&quot;:259}\">\u00a0<\/span><span data-contrast=\"auto\"><a href=\"http:\/\/www.eloriente.net\/home\/wp-content\/uploads\/2020\/07\/3-1.jpg\"><img loading=\"lazy\" decoding=\"async\" class=\"wp-image-62994 aligncenter\" src=\"http:\/\/www.eloriente.net\/home\/wp-content\/uploads\/2020\/07\/3-1.jpg\" alt=\"\" width=\"550\" height=\"344\" srcset=\"http:\/\/www.eloriente.net\/home\/wp-content\/uploads\/2020\/07\/3-1.jpg 1280w, http:\/\/www.eloriente.net\/home\/wp-content\/uploads\/2020\/07\/3-1-300x188.jpg 300w, http:\/\/www.eloriente.net\/home\/wp-content\/uploads\/2020\/07\/3-1-768x480.jpg 768w, http:\/\/www.eloriente.net\/home\/wp-content\/uploads\/2020\/07\/3-1-1024x640.jpg 1024w, http:\/\/www.eloriente.net\/home\/wp-content\/uploads\/2020\/07\/3-1-696x435.jpg 696w, http:\/\/www.eloriente.net\/home\/wp-content\/uploads\/2020\/07\/3-1-1068x668.jpg 1068w, http:\/\/www.eloriente.net\/home\/wp-content\/uploads\/2020\/07\/3-1-672x420.jpg 672w, http:\/\/www.eloriente.net\/home\/wp-content\/uploads\/2020\/07\/3-1-600x375.jpg 600w\" sizes=\"(max-width: 550px) 100vw, 550px\" \/><\/a><\/span><\/p>\n<h6><span data-contrast=\"auto\">Identidad universitaria\u00a0<\/span><span data-ccp-props=\"{&quot;201341983&quot;:0,&quot;335559739&quot;:160,&quot;335559740&quot;:259}\">\u00a0<\/span><\/h6>\n<p><span data-contrast=\"auto\">Por otra parte, Mendoza Solano, dijo que, en el rubro de fortalecimiento a la identidad, se promovi\u00f3 la campa\u00f1a #SomosUABJO, la cual permiti\u00f3 la visita de profesionistas que han egresado de la instituci\u00f3n, quienes compartieron con estudiantes, sus experiencias y el orgullo de haberse formado en la UABJO.<\/span><span data-ccp-props=\"{&quot;201341983&quot;:0,&quot;335559739&quot;:160,&quot;335559740&quot;:259}\">\u00a0<\/span><\/p>\n<p><span data-contrast=\"auto\">\u201cLa identidad universitaria no resulta solamente de ser integrante de la nuestra M\u00e1xima Casa de Estudios, sino de un proceso social de conocer y compartir valores, historia, tradiciones, s\u00edmbolos, pr\u00e1cticas cotidianas y compromisos sociales que conforman su ser y quehacer\u201d, afirm\u00f3.<\/span><span data-ccp-props=\"{&quot;201341983&quot;:0,&quot;335559739&quot;:160,&quot;335559740&quot;:259}\">\u00a0<\/span><\/p>\n<p><span data-contrast=\"auto\">Finalmente explic\u00f3 que en estos cuatro a\u00f1os de trabajo se han estrechado lazos con diversas instituciones del sector p\u00fablico y privado, para desarrollar conferencias magistrales, conversatorios y programas de promoci\u00f3n del arte, la lectura, participaci\u00f3n en ferias de libro y diversas acciones que contribuyen a la formaci\u00f3n integral estudiantil.\u00a0<\/span><span data-ccp-props=\"{&quot;201341983&quot;:0,&quot;335559739&quot;:160,&quot;335559740&quot;:259}\">\u00a0<\/span><\/p>\n<p><span data-contrast=\"auto\">Si deseas conocer m\u00e1s sobre la Fundaci\u00f3n UABJO te invitamos a ingresar a\u00a0<\/span><a href=\"http:\/\/www.fundacion.uabjo.mx\/\" target=\"_blank\" rel=\"noopener\"><span data-contrast=\"none\">www.fundacion.uabjo.mx<\/span><\/a><span data-contrast=\"auto\">\u00a0<\/span><span data-ccp-props=\"{&quot;201341983&quot;:0,&quot;335559739&quot;:160,&quot;335559740&quot;:259}\">\u00a0<\/span><\/p>\n\n\t\t\t  <div \n\t\t\t  \tclass = \"fb-comments\" \n\t\t\t  \tdata-href = \"http:\/\/www.eloriente.net\/home\/2020\/07\/16\/fundacion-uabjo-cuatro-anos-mas-de-trabajo-a-favor-de-la-comunidad-estudiantil\/\"\n\t\t\t  \tdata-numposts = \"10\"\n\t\t\t\tdata-colorscheme = \"dark\"\n\t\t\t\tdata-order-by = \"social\"\n\t\t\t\tdata-mobile=true>\n\t\t\t  <\/div>\n\t\t  <style>\n\t\t\t.fb_iframe_widget_fluid_desktop iframe {\n\t\t\t    width: 100% !important;\n\t\t\t}\n\t\t  <\/style>\n\t\t  ","protected":false},"excerpt":{"rendered":"<p>Por: UABJO \u201cLa Fundaci\u00f3n UABJO es promotora del respeto y la identidad universitaria, su gesti\u00f3n ha permitido lograr m\u00e1s becas para estudiantes ind\u00edgenas y madres universitarias, con un sentido humanista. Gracias a su labor tambi\u00e9n hemos accedido a proyectos nacionales e internacionales\u201d, expres\u00f3 el rector de nuestra Universidad, Eduardo Bautista Mart\u00ednez.\u00a0 Con estas acciones la [&hellip;]<\/p>\n","protected":false},"author":57,"featured_media":62992,"comment_status":"open","ping_status":"open","sticky":false,"template":"","format":"standard","meta":{"_jetpack_memberships_contains_paid_content":false,"footnotes":""},"categories":[18,32,35,10504,10,464,8677],"tags":[11498,3234,182],"class_list":["post-62991","post","type-post","status-publish","format-standard","has-post-thumbnail","hentry","category-educacion-y-cultura","category-entradas","category-secciones-oriente","category-las-ultimas-12","category-lo-mas-reciente","category-oaxaca-estados","category-uabjo","tag-comunidad-estudiantil","tag-fundacion-uabjo","tag-uabjo"],"jetpack_featured_media_url":"http:\/\/www.eloriente.net\/home\/wp-content\/uploads\/2020\/07\/1.JPG.jpg","jetpack_sharing_enabled":true,"_links":{"self":[{"href":"http:\/\/www.eloriente.net\/home\/wp-json\/wp\/v2\/posts\/62991"}],"collection":[{"href":"http:\/\/www.eloriente.net\/home\/wp-json\/wp\/v2\/posts"}],"about":[{"href":"http:\/\/www.eloriente.net\/home\/wp-json\/wp\/v2\/types\/post"}],"author":[{"embeddable":true,"href":"http:\/\/www.eloriente.net\/home\/wp-json\/wp\/v2\/users\/57"}],"replies":[{"embeddable":true,"href":"http:\/\/www.eloriente.net\/home\/wp-json\/wp\/v2\/comments?post=62991"}],"version-history":[{"count":3,"href":"http:\/\/www.eloriente.net\/home\/wp-json\/wp\/v2\/posts\/62991\/revisions"}],"predecessor-version":[{"id":62998,"href":"http:\/\/www.eloriente.net\/home\/wp-json\/wp\/v2\/posts\/62991\/revisions\/62998"}],"wp:featuredmedia":[{"embeddable":true,"href":"http:\/\/www.eloriente.net\/home\/wp-json\/wp\/v2\/media\/62992"}],"wp:attachment":[{"href":"http:\/\/www.eloriente.net\/home\/wp-json\/wp\/v2\/media?parent=62991"}],"wp:term":[{"taxonomy":"category","embeddable":true,"href":"http:\/\/www.eloriente.net\/home\/wp-json\/wp\/v2\/categories?post=62991"},{"taxonomy":"post_tag","embeddable":true,"href":"http:\/\/www.eloriente.net\/home\/wp-json\/wp\/v2\/tags?post=62991"}],"curies":[{"name":"wp","href":"https:\/\/api.w.org\/{rel}","templated":true}]}}