{"id":63028,"date":"2020-07-17T15:47:39","date_gmt":"2020-07-17T21:47:39","guid":{"rendered":"http:\/\/www.eloriente.net\/home\/?p=63028"},"modified":"2020-07-17T15:47:39","modified_gmt":"2020-07-17T21:47:39","slug":"rumbo-al-congreso-iberoamericano-de-cultura","status":"publish","type":"post","link":"http:\/\/www.eloriente.net\/home\/2020\/07\/17\/rumbo-al-congreso-iberoamericano-de-cultura\/","title":{"rendered":"Rumbo al Congreso Iberoamericano de Cultura"},"content":{"rendered":"<p>La cultura ser\u00e1 la piedra angular para una reconstrucci\u00f3n simb\u00f3lica y humana, ser\u00e1 una \u00e9poca de nuevo humanismo que llegar\u00e1 tras la crisis sanitaria provocada por el coronavirus COVID-19, afirm\u00f3 la secretaria de Cultura del Gobierno de M\u00e9xico, Alejandra Frausto Guerrero, al participar en una sesi\u00f3n de trabajo con Rebeca Grynspan, secretaria general Iberoamericana.<\/p>\n<p>En la sesi\u00f3n, que se llev\u00f3 a cabo de manera digital para abordar la organizaci\u00f3n del Congreso Iberoamericano de Cultura, la encargada de la pol\u00edtica cultural del pa\u00eds destac\u00f3 que la situaci\u00f3n actual ha dado a la cultura un papel preponderante, como elemento de acompa\u00f1amiento en los hogares y tambi\u00e9n de expresi\u00f3n, para toda la poblaci\u00f3n.<\/p>\n<p>Al hacer un balance de las acciones que la actual administraci\u00f3n ha tomado para apoyar a las comunidades creativas del pa\u00eds, destac\u00f3 la puesta en marcha de Telar \u2013censo de comunidades creativas- y, a la par, del Sondeo Nacional de diagn\u00f3stico sobre la situaci\u00f3n de los agentes culturales y creativos ante el coronavirus COVID-19, mecanismo que permitir\u00e1 continuar en el dise\u00f1o de M\u00e9xico Creativo (econom\u00eda creativa con dimensi\u00f3n social).<\/p>\n<p>Este sondeo, que cierra su etapa de registro el pr\u00f3ximo 30 de julio, se encuentra en sinton\u00eda con modelos planteados por la UNESCO, la Organizaci\u00f3n de Estados Iberoamericanos para la Educaci\u00f3n, la Ciencia y la Cultura (OIE); del Banco Interamericano de Desarrollo (BID), del Programa de las Naciones Unidas para el Desarrollo, de la Federaci\u00f3n Internacional de Consejos de las Artes y Agencias Culturales y de la Secretar\u00eda General Iberoamericana (SEGIB); adem\u00e1s, se envi\u00f3 a consulta con la Organizaci\u00f3n de los Estados Americanos.<\/p>\n<p><a href=\"http:\/\/www.eloriente.net\/home\/wp-content\/uploads\/2020\/07\/Ale-Frausto-rumbo-al-Congreso-Iberoamericano-de-Cultura.png\"><img loading=\"lazy\" decoding=\"async\" class=\"aligncenter size-full wp-image-63029\" src=\"http:\/\/www.eloriente.net\/home\/wp-content\/uploads\/2020\/07\/Ale-Frausto-rumbo-al-Congreso-Iberoamericano-de-Cultura.png\" alt=\"\" width=\"320\" height=\"180\" srcset=\"http:\/\/www.eloriente.net\/home\/wp-content\/uploads\/2020\/07\/Ale-Frausto-rumbo-al-Congreso-Iberoamericano-de-Cultura.png 320w, http:\/\/www.eloriente.net\/home\/wp-content\/uploads\/2020\/07\/Ale-Frausto-rumbo-al-Congreso-Iberoamericano-de-Cultura-300x169.png 300w\" sizes=\"(max-width: 320px) 100vw, 320px\" \/><\/a><\/p>\n<p><script async src=\"https:\/\/pagead2.googlesyndication.com\/pagead\/js\/adsbygoogle.js\"><\/script><br \/>\n<ins class=\"adsbygoogle\" style=\"display: block; text-align: center;\" data-ad-layout=\"in-article\" data-ad-format=\"fluid\" data-ad-client=\"ca-pub-1136171134853753\" data-ad-slot=\"5545504441\"><\/ins><br \/>\n<script>\n     (adsbygoogle = window.adsbygoogle || []).push({});\n<\/script>Estas herramientas permitir\u00e1n tener informaci\u00f3n reciente y proporcionada de forma directa por las comunidades art\u00edsticas y culturales del pa\u00eds y servir\u00e1n para la toma de decisiones de pol\u00edtica p\u00fablica a corto, mediano y largo plazo.<\/p>\n<p>Record\u00f3 la puesta en marcha de la plataforma Contigo en la distancia, que actualmente registra m\u00e1s de 2.6 millones de visitas, donde participan todas las \u00e1reas, dependencias e institutos de la Secretar\u00eda de Cultura con materiales digitales; a trav\u00e9s de ella, dijo, tambi\u00e9n se han apoyado a m\u00e1s de cuatro mil artistas, ya sea en convocatorias directas o bien, a trav\u00e9s del Banco de Funciones \u2013donde al artista se le paga por la presentaci\u00f3n que realizar\u00e1 cuando las condiciones sanitarias lo permitan, o bien, en un ambiente digital-.<\/p>\n<p>Respecto al Congreso Iberoamericano de Cultura, el cual se llevar\u00e1 a cabo del 4 al 8 de noviembre de 2020 en sesiones virtuales y semipresenciales, y donde M\u00e9xico ser\u00e1 el anfitri\u00f3n en la parte virtual, \u00a0Frausto Guerrero expres\u00f3 la importancia para que incluya a la comunidad art\u00edstica y creadora, de igual forma, invit\u00f3 a incluir entre las l\u00edneas de di\u00e1logo las pr\u00e1cticas culturales comunitarias como herramientas de solidaridad que han permitido asumir de mejor manera la contingencia sanitaria; manifest\u00f3 que con estos trabajos y el apoyo de la SEGIB se generar\u00e1n l\u00edneas de trabajo hacia MONDIACULT 2022.<\/p>\n<p>En su oportunidad, Rebeca Grynspan, titular de la SEGIB, destac\u00f3 tambi\u00e9n la importancia de la transformaci\u00f3n social que se percibe a ra\u00edz de la contingencia sanitaria a nivel mundial y la necesidad de que la cultura ayude en ese tr\u00e1nsito.<\/p>\n<p>Reconoci\u00f3 el trabajo emprendido por la Secretar\u00eda de Cultura del Gobierno de M\u00e9xico para poner en marcha la plataforma Contigo a la distancia. Tambi\u00e9n, explic\u00f3 los programas Iberoamericanos de Cooperaci\u00f3n Cultural en el actual contexto, entre ellos, el caso de Iberartesan\u00edas -que preside M\u00e9xico- donde se cre\u00f3 un fondo para atender a artesanos que se encuentran en extrema necesidad, ante la contingencia por COVID-19.<\/p>\n<p>Respecto al Congreso Iberoamericano de Cultura, que tendr\u00e1 por lema \u201cCultura y Desarrollo Sostenible\u201d, coment\u00f3 que se debe abrir un espacio que permita el di\u00e1logo y analizar c\u00f3mo se organizan y conforman las cadenas culturales a ra\u00edz de la contingencia sanitaria, no s\u00f3lo para la producci\u00f3n, sino tambi\u00e9n como un sector econ\u00f3mico.<\/p>\n<p>Destac\u00f3 que la pol\u00edtica p\u00fablica se debe trazar siempre de manera horizontal y trabajar con la mira puesta en los ejes de protecci\u00f3n del patrimonio cultural, con la participaci\u00f3n de la diversidad de voces que se relacionan y con la idea de transformaci\u00f3n.<\/p>\n<p>En su participaci\u00f3n, Enrique Vargas, coordinador del Espacio Cultural iberoamericano de la SEGIB, inform\u00f3 que este organismo, en colaboraci\u00f3n con la UNESCO, el BID y la OEI, ha puesto en marcha tambi\u00e9n un estudio para medir el impacto del COVID-19 en la regi\u00f3n, se prev\u00e9 la entrega de resultados a m\u00e1s tardar en el mes de octubre, una vez que todos los pa\u00edses miembros terminen de recopilar y transmitir su informaci\u00f3n.<\/p>\n<p>La sesi\u00f3n cont\u00f3 tambi\u00e9n con la participaci\u00f3n de Marina N\u00fa\u00f1ez, subsecretaria de Desarrollo Cultural; Pablo Raphael de la Madrid, director general de Promoci\u00f3n y Festivales Culturales, y Ana Laura Rojo, subdirectora de Cooperaci\u00f3n Cultural Internacional, por parte de la Secretar\u00eda de Cultura del Gobierno de M\u00e9xico, y de H\u00e9ctor Dada, director de la Oficina Subregional para M\u00e9xico, el Caribe y Centroam\u00e9rica, por parte de la Secretar\u00eda General Iberoamericana.<\/p>\n\n\t\t\t  <div \n\t\t\t  \tclass = \"fb-comments\" \n\t\t\t  \tdata-href = \"http:\/\/www.eloriente.net\/home\/2020\/07\/17\/rumbo-al-congreso-iberoamericano-de-cultura\/\"\n\t\t\t  \tdata-numposts = \"10\"\n\t\t\t\tdata-colorscheme = \"dark\"\n\t\t\t\tdata-order-by = \"social\"\n\t\t\t\tdata-mobile=true>\n\t\t\t  <\/div>\n\t\t  <style>\n\t\t\t.fb_iframe_widget_fluid_desktop iframe {\n\t\t\t    width: 100% !important;\n\t\t\t}\n\t\t  <\/style>\n\t\t  ","protected":false},"excerpt":{"rendered":"<p>La cultura ser\u00e1 la piedra angular para una reconstrucci\u00f3n simb\u00f3lica y humana, ser\u00e1 una \u00e9poca de nuevo humanismo que llegar\u00e1 tras la crisis sanitaria provocada por el coronavirus COVID-19, afirm\u00f3 la secretaria de Cultura del Gobierno de M\u00e9xico, Alejandra Frausto Guerrero, al participar en una sesi\u00f3n de trabajo con Rebeca Grynspan, secretaria general Iberoamericana. En [&hellip;]<\/p>\n","protected":false},"author":1,"featured_media":14811,"comment_status":"open","ping_status":"open","sticky":false,"template":"","format":"standard","meta":{"_jetpack_memberships_contains_paid_content":false,"footnotes":""},"categories":[1588,32,10504,10,24],"tags":[11513,11515,11514],"class_list":["post-63028","post","type-post","status-publish","format-standard","has-post-thumbnail","hentry","category-comunicados-y-boletines","category-entradas","category-las-ultimas-12","category-lo-mas-reciente","category-mexico-y-el-mundo","tag-congreso-cultura","tag-congreso-iberoamericano-de-cultura","tag-segib"],"jetpack_featured_media_url":"http:\/\/www.eloriente.net\/home\/wp-content\/uploads\/2013\/07\/Festival-Danza-Conteporanea-Lila-Lopez.jpg","jetpack_sharing_enabled":true,"_links":{"self":[{"href":"http:\/\/www.eloriente.net\/home\/wp-json\/wp\/v2\/posts\/63028"}],"collection":[{"href":"http:\/\/www.eloriente.net\/home\/wp-json\/wp\/v2\/posts"}],"about":[{"href":"http:\/\/www.eloriente.net\/home\/wp-json\/wp\/v2\/types\/post"}],"author":[{"embeddable":true,"href":"http:\/\/www.eloriente.net\/home\/wp-json\/wp\/v2\/users\/1"}],"replies":[{"embeddable":true,"href":"http:\/\/www.eloriente.net\/home\/wp-json\/wp\/v2\/comments?post=63028"}],"version-history":[{"count":1,"href":"http:\/\/www.eloriente.net\/home\/wp-json\/wp\/v2\/posts\/63028\/revisions"}],"predecessor-version":[{"id":63030,"href":"http:\/\/www.eloriente.net\/home\/wp-json\/wp\/v2\/posts\/63028\/revisions\/63030"}],"wp:featuredmedia":[{"embeddable":true,"href":"http:\/\/www.eloriente.net\/home\/wp-json\/wp\/v2\/media\/14811"}],"wp:attachment":[{"href":"http:\/\/www.eloriente.net\/home\/wp-json\/wp\/v2\/media?parent=63028"}],"wp:term":[{"taxonomy":"category","embeddable":true,"href":"http:\/\/www.eloriente.net\/home\/wp-json\/wp\/v2\/categories?post=63028"},{"taxonomy":"post_tag","embeddable":true,"href":"http:\/\/www.eloriente.net\/home\/wp-json\/wp\/v2\/tags?post=63028"}],"curies":[{"name":"wp","href":"https:\/\/api.w.org\/{rel}","templated":true}]}}