{"id":63091,"date":"2020-07-23T10:35:26","date_gmt":"2020-07-23T16:35:26","guid":{"rendered":"http:\/\/www.eloriente.net\/home\/?p=63091"},"modified":"2020-07-23T10:35:26","modified_gmt":"2020-07-23T16:35:26","slug":"langosta-voladora-otra-plaga-que-golpea-centroamerica","status":"publish","type":"post","link":"http:\/\/www.eloriente.net\/home\/2020\/07\/23\/langosta-voladora-otra-plaga-que-golpea-centroamerica\/","title":{"rendered":"Langosta voladora, otra plaga que golpea Centroam\u00e9rica"},"content":{"rendered":"<h5 class=\"t-content__chapo\"><a href=\"http:\/\/www.eloriente.net\/home\/?p=63091&amp;preview=true\">Por:<\/a> <a href=\"https:\/\/www.rfi.fr\/\">RFI\/Lucile Gimberg<\/a><\/h5>\n<p class=\"t-content__chapo\">Las autoridades de M\u00e9xico y varios pa\u00edses de Centroam\u00e9rica enfrentan una nueva\u00a0preocupaci\u00f3n, adem\u00e1s del coronavirus. Las langostas voladoras se han convertido en una plaga que amenaza la agricultura local, al comer cultivos de granos b\u00e1sicos y unas 400 especies de plantas.<\/p>\n<p class=\"t-content__chapo\">Pesa apenas dos gramos pero consume a diario su peso entero en material fresco y\u00a0est\u00e1 dejando en vilo a Mesoam\u00e9rica.<\/p>\n<p class=\"t-content__chapo\">La langosta centroamericana ha alcanzado el estado de plaga en cuatro pa\u00edses, M\u00e9xico, Guatemala, Belice y el Salvador, y amenaza con desplazarse en las pr\u00f3ximas semanas hacia pa\u00edses vecinos.<\/p>\n<p class=\"t-content__chapo\">RFI habl\u00f3 con Efra\u00edn Medina, director ejecutivo del Organismo Internacional Regional de Sanidad Agropecuaria (OIRSA), uno de los organismos que monitorea esta plaga.\u00a0Trabaja con los gobiernos y el sector privado para controlarla.<\/p>\n<div class=\"t-content__body u-clearfix\">\n<h5>\u00abEs una langosta end\u00e9mica de Centroam\u00e9rica. De 1945 a 1950 tuvo efectos devastadores y destru\u00eda toda clase de cultivos que encontr\u00f3 a su paso: gram\u00ednias, pastizales, frijol, hortaliza y \u00e1rboles frutales\u00bb, cuenta.<\/h5>\n<p>Hoy hay inicios de brotes en las mismas regiones que hace 70 a\u00f1os y los pa\u00edses en cuesti\u00f3n han puesto en marcha planes de acci\u00f3n.<\/p>\n<p>\u00abNo est\u00e1 totalmente controlado, pero creemos que s\u00ed es controlable\u00bb, dice\u00a0Efra\u00edn Medina, y explica que el desarrollo del insecto se encuentra todav\u00eda en sus primeras etapas\u00a0y no puede volar.<\/p>\n<div id=\"tms-ad-inread-5592558362894466\" data-tms-ad-type=\"inread\" data-tms-ad-provider=\"teads\" data-tms-ad-status=\"idle\">\n<h6>Millones de insectos recorriendo 150 kil\u00f3metros diarios<\/h6>\n<\/div>\n<p>Para erradicar, se usan bombas de mano, cuando los brotes son peque\u00f1os, \u00abpero tambi\u00e9n se preparan aspersiones a\u00e9reas\u00bb. En el mes de agosto, los insectos llegar\u00e1n a su edad adulta.\u00a0Podr\u00e1n volar. \u00abY sobre todo, ovipositar la siguiente generaci\u00f3n\u00bb, explica el investigador.<\/p>\n<p>Dice tambi\u00e9n que las nubes que\u00a0se forman pueden ser de\u00a0varios millones de insectos voladores. \u00abQue vuelan a una velocidad de 150 kil\u00f3metros diarios\u00bb, afirma el ingeniero.<\/p>\n<p>Si no se logra controlar la plaga, las langostas voladoras podr\u00edan poner en peligro la seguridad alimentaria de los habitantes de la regi\u00f3n que, en gran parte, viven de la agricultura.<\/p>\n<\/div>\n\n\t\t\t  <div \n\t\t\t  \tclass = \"fb-comments\" \n\t\t\t  \tdata-href = \"http:\/\/www.eloriente.net\/home\/2020\/07\/23\/langosta-voladora-otra-plaga-que-golpea-centroamerica\/\"\n\t\t\t  \tdata-numposts = \"10\"\n\t\t\t\tdata-colorscheme = \"dark\"\n\t\t\t\tdata-order-by = \"social\"\n\t\t\t\tdata-mobile=true>\n\t\t\t  <\/div>\n\t\t  <style>\n\t\t\t.fb_iframe_widget_fluid_desktop iframe {\n\t\t\t    width: 100% !important;\n\t\t\t}\n\t\t  <\/style>\n\t\t  ","protected":false},"excerpt":{"rendered":"<p>Por: RFI\/Lucile Gimberg Las autoridades de M\u00e9xico y varios pa\u00edses de Centroam\u00e9rica enfrentan una nueva\u00a0preocupaci\u00f3n, adem\u00e1s del coronavirus. Las langostas voladoras se han convertido en una plaga que amenaza la agricultura local, al comer cultivos de granos b\u00e1sicos y unas 400 especies de plantas. Pesa apenas dos gramos pero consume a diario su peso entero [&hellip;]<\/p>\n","protected":false},"author":57,"featured_media":63093,"comment_status":"open","ping_status":"open","sticky":false,"template":"","format":"standard","meta":{"_jetpack_memberships_contains_paid_content":false,"footnotes":""},"categories":[18,32,35,10504,10,20,24],"tags":[251,11540,11539],"class_list":["post-63091","post","type-post","status-publish","format-standard","has-post-thumbnail","hentry","category-educacion-y-cultura","category-entradas","category-secciones-oriente","category-las-ultimas-12","category-lo-mas-reciente","category-medio-ambiente","category-mexico-y-el-mundo","tag-centroamerica","tag-langosta-voladora","tag-plagas"],"jetpack_featured_media_url":"http:\/\/www.eloriente.net\/home\/wp-content\/uploads\/2020\/07\/insect-macro-grasshopper-royalty-free-67630.jpg","jetpack_sharing_enabled":true,"_links":{"self":[{"href":"http:\/\/www.eloriente.net\/home\/wp-json\/wp\/v2\/posts\/63091"}],"collection":[{"href":"http:\/\/www.eloriente.net\/home\/wp-json\/wp\/v2\/posts"}],"about":[{"href":"http:\/\/www.eloriente.net\/home\/wp-json\/wp\/v2\/types\/post"}],"author":[{"embeddable":true,"href":"http:\/\/www.eloriente.net\/home\/wp-json\/wp\/v2\/users\/57"}],"replies":[{"embeddable":true,"href":"http:\/\/www.eloriente.net\/home\/wp-json\/wp\/v2\/comments?post=63091"}],"version-history":[{"count":4,"href":"http:\/\/www.eloriente.net\/home\/wp-json\/wp\/v2\/posts\/63091\/revisions"}],"predecessor-version":[{"id":63096,"href":"http:\/\/www.eloriente.net\/home\/wp-json\/wp\/v2\/posts\/63091\/revisions\/63096"}],"wp:featuredmedia":[{"embeddable":true,"href":"http:\/\/www.eloriente.net\/home\/wp-json\/wp\/v2\/media\/63093"}],"wp:attachment":[{"href":"http:\/\/www.eloriente.net\/home\/wp-json\/wp\/v2\/media?parent=63091"}],"wp:term":[{"taxonomy":"category","embeddable":true,"href":"http:\/\/www.eloriente.net\/home\/wp-json\/wp\/v2\/categories?post=63091"},{"taxonomy":"post_tag","embeddable":true,"href":"http:\/\/www.eloriente.net\/home\/wp-json\/wp\/v2\/tags?post=63091"}],"curies":[{"name":"wp","href":"https:\/\/api.w.org\/{rel}","templated":true}]}}