{"id":6323,"date":"2013-11-08T06:56:11","date_gmt":"2013-11-08T12:56:11","guid":{"rendered":"http:\/\/www.eloriente.net\/home\/?p=6323"},"modified":"2013-11-08T07:59:15","modified_gmt":"2013-11-08T13:59:15","slug":"el_oriente-conversatorio-musica-y-ciencia-instrumenta-oaxaca-2012","status":"publish","type":"post","link":"http:\/\/www.eloriente.net\/home\/2013\/11\/08\/el_oriente-conversatorio-musica-y-ciencia-instrumenta-oaxaca-2012\/","title":{"rendered":"@El_Oriente: Ruy P\u00e9rez Tamayo y Jos\u00e9 Luis Castillo conversan en Oaxaca: &#8216;M\u00fasica y Ciencia&#8217;"},"content":{"rendered":"<p>eloriente.net<\/p>\n<p>Actualizaci\u00f3n 8 de noviembre de 2013<\/p>\n<p>En ocasi\u00f3n de que este 8 de noviembre celebramos un a\u00f1o m\u00e1s del maestro Ruy P\u00e9rez Tamayo, hemos recobrado esta grabaci\u00f3n efectuada en 2012. No sin antes recordar, en datos de <a href=\"http:\/\/www.librosaguilar.com\/\" target=\"_blank\">Aguilar<\/a>, algunos aspectos de la vida del acad\u00e9mico y amigo que hoy celebramos.<\/p>\n<p>( Tampico, Tamaulipas, 8 de noviembre de 1924) es un m\u00e9dico, investigador y acad\u00e9mico mexicano. Fue fundador de la Unidad de Patolog\u00eda de la Facultad de Medicina de la UNAM, la cual dirigi\u00f3 por quince a\u00f1os. Desde 1958 ha sido catedr\u00e1tico de Patolog\u00eda, con m\u00e1s de cincuenta y ocho a\u00f1os de ejercer la docencia fue nombrado profesor em\u00e9rito. Es adem\u00e1s jefe del Departamento de Medicina Experimental de la Facultad de Medicina en el Hospital General de M\u00e9xico. Durante diez a\u00f1os perteneci\u00f3 a la Junta de Gobierno de la UNAM. Ha dado cursos y conferencias en la Universidad del Valle, en la Universidad de Antioquia, en la Universidad Nacional de Colombia, en la Universidad de Washington, en la Universidad del Salvador, en la Universidad de Yale, en la Universidad Nacional Aut\u00f3noma de Nicaragua, en la Universidad de San Marcos, en la Universidad Estatal de Colorado, en la Universidad de Guatemala, en la Universidad de Kansas, en la Universidad de Johns Hopkins, en la Universidad de Rochester, en la Universidad de Howard, en la Universidad de Harvard, en la Universidad Central de Venezuela, en la Universidad de Puerto Rico, en la Universidad de Costa Rica, en la Universidad de Ginebra, y en la Fundaci\u00f3n Jim\u00e9nez D\u00edaz. Fue acreedor de la beca Guggenheim. El 13 de noviembre de 1986 fue elegido miembro de la Academia Mexicana de la Lengua.<\/p>\n<p>Es miembro de la Academia de la Investigaci\u00f3n Cient\u00edfica de M\u00e9xico, la Asociaci\u00f3n Mexicana de la Historia de la Medicina y la American Association of Pathologist. Es miembro del Consejo Consultivo de Ciencias de la Presidencia de la Rep\u00fablica y es Investigador Nacional de Excelencia del Sistema Nacional de Investigadores Entre los premios y distinciones que ha recibido se encuentran: Premio Nacional de Ciencias por el Gobierno Federal de M\u00e9xico en 1974, Premio Miguel Otero por la Secretar\u00eda de Salubridad y Asistencia en 1979, Premio Luis Elizondo por el Instituto Tecnol\u00f3gico y de Estudios Superiores de Monterrey en 1979, Doctor honoris causa por la Universidad Aut\u00f3noma de Yucat\u00e1n en 1980, Premio A\u00edda Weiss en 1986 por su investigaci\u00f3n en c\u00e1ncer, por la Coordinaci\u00f3n de la investigaci\u00f3n cient\u00edfica de la UNAM, Premio Rohrer en 1988, Doctor honoris causa por la Benem\u00e9rita Universidad Aut\u00f3noma de Puebla en 1993, Premio Nacional de Historia y Filosof\u00eda de la Medicina, Presea Jos\u00e9 Mar\u00eda Luis Mora en reconocimiento a su trayectoria acad\u00e9mica por el Estado de M\u00e9xico en 2002, Condecoraci\u00f3n Eduardo Liceaga por el Consejo de Salubridad General en 2005, Premio El\u00edas Sourasky otorgado por Funsalud en 2005 y Premio Juchim\u00e1n de Plata en el campo de la ciencia y tecnolog\u00eda en 2005.<\/p>\n<p>Son m\u00e1s de 150 art\u00edculos cient\u00edficos en revistas nacionales y extranjeras los que ha publicado, ha escrito 64 libros, 18 acerca de temas cient\u00edficos y 46 de divulgaci\u00f3n o de ensayos hist\u00f3ricos. En Taurus public\u00f3, junto con Arnoldo Kraus, Diccionario incompleto de bio\u00e9tica (2007).<\/p>\n<p>&nbsp;<\/p>\n<p>eloriente.net<\/p>\n<p>19 de diciembre de 2012<\/p>\n<p>eloriente.net (Oaxaca, Oax.) 19 de diciembre de 2012.- Del 14 al 25 de noviembre de 2012 se llev\u00f3 a cabo en la ciudad y en el pueblo de Santa Mar\u00eda Tlahuitoltepec el programa Instrumenta Oaxaca 2012.<\/p>\n<p>Instrumenta Oaxaca, impulsado por la Fundaci\u00f3n Alfredo Harp Hel\u00fa Oaxaca y Oaxaca M\u00fasica y Cultura A.C., es un programa permanente de desarrollo musical que comprende la educaci\u00f3n, la creaci\u00f3n, la difusi\u00f3n y la investigaci\u00f3n de la m\u00fasica. A trav\u00e9s de estos cuatro copnceptos se busca crear nuevos p\u00fablicos, la promoci\u00f3n de talentos y la divulgaci\u00f3n de la m\u00fasica.<\/p>\n<p>Desde su inicio en el a\u00f1o 2003, Instrumenta Oaxaca ha tenido como misi\u00f3n impulsar y desarrollar diversos programas de excelencia art\u00edstica de educaci\u00f3n, creaci\u00f3n, investigaci\u00f3n, preservaci\u00f3n y difusi\u00f3n de la m\u00fasica mediante actividades sustantivas destinadas a enriquecer el medio musical.<\/p>\n<p>En este a\u00f1o, Instrumenta Oaxaca cont\u00f3 con 500 horas de clase para 320 alumnos, 28 maestros, 26 conciertos, 4 conferencias magistrales, 3 talleres infantiles, 2 exposiciones, 2 reconocimientos a la trayectoria y se celebraron los 150 a\u00f1os de Claude Debussy; los centenarios de John Cage, Conlon Nancarrow y Jos\u00e9 Pablo Moncayo; y especialmente los 70 a\u00f1os de Eduardo Mata, figura fue inspiradora de este proyecto acad\u00e9mico-musical.<\/p>\n<p>@El_Oriente ha decidido publicar el video del Conversatorio M\u00fasica y Ciencia en reconocimiento a Ignacio Toscano, director general de Instrumenta Oaxaca, al Dr. Ruy P\u00e9rez Tamayo, a Jos\u00e9 Luis Castillo y al esfuerzo de alumnos, maestros y todos quienes hacen posible este Programa.<\/p>\n<p><span class=\"embed-youtube\" style=\"text-align:center; display: block;\"><iframe loading=\"lazy\" class=\"youtube-player\" width=\"640\" height=\"360\" src=\"https:\/\/www.youtube.com\/embed\/IWoKgzLeUG0?version=3&#038;rel=1&#038;showsearch=0&#038;showinfo=1&#038;iv_load_policy=1&#038;fs=1&#038;hl=es-ES&#038;autohide=2&#038;wmode=transparent&#038;listType=playlist&#038;list=PLVkykMdvASnkApkwwU2q_qhHOoITudkGX\" allowfullscreen=\"true\" style=\"border:0;\" sandbox=\"allow-scripts allow-same-origin allow-popups allow-presentation allow-popups-to-escape-sandbox\"><\/iframe><\/span><\/p>\n\n\t\t\t  <div \n\t\t\t  \tclass = \"fb-comments\" \n\t\t\t  \tdata-href = \"http:\/\/www.eloriente.net\/home\/2013\/11\/08\/el_oriente-conversatorio-musica-y-ciencia-instrumenta-oaxaca-2012\/\"\n\t\t\t  \tdata-numposts = \"10\"\n\t\t\t\tdata-colorscheme = \"dark\"\n\t\t\t\tdata-order-by = \"social\"\n\t\t\t\tdata-mobile=true>\n\t\t\t  <\/div>\n\t\t  <style>\n\t\t\t.fb_iframe_widget_fluid_desktop iframe {\n\t\t\t    width: 100% !important;\n\t\t\t}\n\t\t  <\/style>\n\t\t  ","protected":false},"excerpt":{"rendered":"<p>eloriente.net Actualizaci\u00f3n 8 de noviembre de 2013 En ocasi\u00f3n de que este 8 de noviembre celebramos un a\u00f1o m\u00e1s del maestro Ruy P\u00e9rez Tamayo, hemos recobrado esta grabaci\u00f3n efectuada en 2012. No sin antes recordar, en datos de Aguilar, algunos aspectos de la vida del acad\u00e9mico y amigo que hoy celebramos. ( Tampico, Tamaulipas, 8 [&hellip;]<\/p>\n","protected":false},"author":1,"featured_media":6324,"comment_status":"open","ping_status":"open","sticky":false,"template":"","format":"standard","meta":{"_jetpack_memberships_contains_paid_content":false,"footnotes":""},"categories":[5,32,13,31],"tags":[],"class_list":["post-6323","post","type-post","status-publish","format-standard","has-post-thumbnail","hentry","category-canal-3-musica","category-entradas","category-especiales","category-principal"],"jetpack_featured_media_url":"http:\/\/www.eloriente.net\/home\/wp-content\/uploads\/2012\/12\/Captura-de-pantalla-2012-12-19-a-las-10.33.15.png","jetpack_sharing_enabled":true,"_links":{"self":[{"href":"http:\/\/www.eloriente.net\/home\/wp-json\/wp\/v2\/posts\/6323"}],"collection":[{"href":"http:\/\/www.eloriente.net\/home\/wp-json\/wp\/v2\/posts"}],"about":[{"href":"http:\/\/www.eloriente.net\/home\/wp-json\/wp\/v2\/types\/post"}],"author":[{"embeddable":true,"href":"http:\/\/www.eloriente.net\/home\/wp-json\/wp\/v2\/users\/1"}],"replies":[{"embeddable":true,"href":"http:\/\/www.eloriente.net\/home\/wp-json\/wp\/v2\/comments?post=6323"}],"version-history":[{"count":10,"href":"http:\/\/www.eloriente.net\/home\/wp-json\/wp\/v2\/posts\/6323\/revisions"}],"predecessor-version":[{"id":6334,"href":"http:\/\/www.eloriente.net\/home\/wp-json\/wp\/v2\/posts\/6323\/revisions\/6334"}],"wp:featuredmedia":[{"embeddable":true,"href":"http:\/\/www.eloriente.net\/home\/wp-json\/wp\/v2\/media\/6324"}],"wp:attachment":[{"href":"http:\/\/www.eloriente.net\/home\/wp-json\/wp\/v2\/media?parent=6323"}],"wp:term":[{"taxonomy":"category","embeddable":true,"href":"http:\/\/www.eloriente.net\/home\/wp-json\/wp\/v2\/categories?post=6323"},{"taxonomy":"post_tag","embeddable":true,"href":"http:\/\/www.eloriente.net\/home\/wp-json\/wp\/v2\/tags?post=6323"}],"curies":[{"name":"wp","href":"https:\/\/api.w.org\/{rel}","templated":true}]}}