{"id":63273,"date":"2020-08-03T22:16:51","date_gmt":"2020-08-04T04:16:51","guid":{"rendered":"http:\/\/www.eloriente.net\/home\/?p=63273"},"modified":"2020-09-01T16:21:07","modified_gmt":"2020-09-01T22:21:07","slug":"uabjo-formara-parte-del-corredor-interoceanico-del-istmo","status":"publish","type":"post","link":"http:\/\/www.eloriente.net\/home\/2020\/08\/03\/uabjo-formara-parte-del-corredor-interoceanico-del-istmo\/","title":{"rendered":"UABJO formar\u00e1 parte del Corredor Interoce\u00e1nico del Istmo"},"content":{"rendered":"<p>\u201cEs muy importante considerar la formaci\u00f3n del capital humano en los procesos de desarrollo, as\u00ed como identificar los saberes de las regiones, por ello nos llena de orgullo formar parte del proyecto del Corredor Interoce\u00e1nico del Istmo de Tehuantepec (CIIT)\u201d, expres\u00f3 el rector de la Universidad Aut\u00f3noma \u201cBenito Ju\u00e1rez\u201d de Oaxaca (UABJO), Eduardo Bautista Mart\u00ednez.<\/p>\n<p>Lo anterior, durante la reuni\u00f3n virtual que sostuvo con la Diputada Federal por el Distrito 7, con cabecera en Ciudad Ixtepec, Rosalinda Dom\u00ednguez Flores y el Secretario T\u00e9cnico del CIIT, H\u00e9ctor Ram\u00edrez Reyes.<\/p>\n<p>Durante su intervenci\u00f3n, Bautista Mart\u00ednez, coment\u00f3 que la universidad promueve alianzas y fortalece el trabajo incluyente, con la participaci\u00f3n activa de sus docentes y personal administrativo en favor de la educaci\u00f3n.<\/p>\n<p>En su oportunidad, la Diputada agradeci\u00f3 la colaboraci\u00f3n de la Universidad, por acceder a formar parte de este proyecto que beneficiar\u00e1 a estudiantes de un gran n\u00famero de municipios de la regi\u00f3n. \u201cEs un sue\u00f1o que se hab\u00eda estado suspendido y ahora se har\u00e1 realidad, porque sin duda la educaci\u00f3n es el gran motor de desarrollo y bienestar\u201d.<\/p>\n<p><script async src=\"https:\/\/pagead2.googlesyndication.com\/pagead\/js\/adsbygoogle.js\"><\/script><br \/>\n<ins class=\"adsbygoogle\" style=\"display: block; text-align: center;\" data-ad-layout=\"in-article\" data-ad-format=\"fluid\" data-ad-client=\"ca-pub-1136171134853753\" data-ad-slot=\"5545504441\"><\/ins><br \/>\n<script>\n     (adsbygoogle = window.adsbygoogle || []).push({});\n<\/script>El Secretario T\u00e9cnico, explic\u00f3 que esto permitir\u00e1 el fortalecimiento del capital humano y la capacidad productiva local que involucra las actividades de todos los sectores y sin duda potencializar\u00e1 el sector econ\u00f3mico.<\/p>\n<p>En este encuentro en el que tambi\u00e9n estuvo presente la Directora del Centro de Educaci\u00f3n Continua Abierta y a Distancia (CECAD), Irma Yolanda Ortiz Acosta, se acord\u00f3 la firma de dos convenios de colaboraci\u00f3n para la instalaci\u00f3n de un m\u00f3dulo de este espacio acad\u00e9mico.<\/p>\n<p>Dicha unidad ofertar\u00e1 las licenciaturas a distancia que se tienen en convenio con la Universidad Nacional Aut\u00f3noma de M\u00e9xico (UNAM): Derecho, Ciencias Pol\u00edticas y Administraci\u00f3n P\u00fablica, Ciencias de la Comunicaci\u00f3n, Dise\u00f1o y Comunicaci\u00f3n Visual, Trabajo Social, Psicolog\u00eda y Pedagog\u00eda<\/p>\n<p>As\u00ed como los programas educativos propios: Bachillerato Virtual, Licenciatura en Econom\u00eda Social y Desarrollo Local, Maestr\u00eda en Sistema Penal Acusatorio Adversarial, sumado a los diplomados, cursos y talleres de Educaci\u00f3n Continua que se imparten.<\/p>\n<p>Este CIIT establece conexi\u00f3n con el Puerto de Veracruz y Salina Cruz, adem\u00e1s de un encadenamiento de 10 polos de desarrollo en Tehuantepec, 5 en Veracruz y 5 en Oaxaca, cuesti\u00f3n que ayudar\u00e1 a fortalecer la capacidad productiva del sector primario como la pesca, ganader\u00eda, agricultura, silvicultura, acuacultura e industria.<\/p>\n<p>&nbsp;<\/p>\n\n\t\t\t  <div \n\t\t\t  \tclass = \"fb-comments\" \n\t\t\t  \tdata-href = \"http:\/\/www.eloriente.net\/home\/2020\/08\/03\/uabjo-formara-parte-del-corredor-interoceanico-del-istmo\/\"\n\t\t\t  \tdata-numposts = \"10\"\n\t\t\t\tdata-colorscheme = \"dark\"\n\t\t\t\tdata-order-by = \"social\"\n\t\t\t\tdata-mobile=true>\n\t\t\t  <\/div>\n\t\t  <style>\n\t\t\t.fb_iframe_widget_fluid_desktop iframe {\n\t\t\t    width: 100% !important;\n\t\t\t}\n\t\t  <\/style>\n\t\t  ","protected":false},"excerpt":{"rendered":"<p>\u201cEs muy importante considerar la formaci\u00f3n del capital humano en los procesos de desarrollo, as\u00ed como identificar los saberes de las regiones, por ello nos llena de orgullo formar parte del proyecto del Corredor Interoce\u00e1nico del Istmo de Tehuantepec (CIIT)\u201d, expres\u00f3 el rector de la Universidad Aut\u00f3noma \u201cBenito Ju\u00e1rez\u201d de Oaxaca (UABJO), Eduardo Bautista Mart\u00ednez. [&hellip;]<\/p>\n","protected":false},"author":1,"featured_media":63274,"comment_status":"open","ping_status":"open","sticky":false,"template":"","format":"standard","meta":{"_jetpack_memberships_contains_paid_content":false,"footnotes":""},"categories":[4300,1588,18,32,63,4213,10504,10,23,464,84],"tags":[11635,3227,8941,8470,182],"class_list":["post-63273","post","type-post","status-publish","format-standard","has-post-thumbnail","hentry","category-comunicacion","category-comunicados-y-boletines","category-educacion-y-cultura","category-entradas","category-estados","category-juchitan","category-las-ultimas-12","category-lo-mas-reciente","category-municipios","category-oaxaca-estados","category-universidades","tag-corredor-transistmico","tag-diputados-federales","tag-eduardo-bautista","tag-istmo-oaxaca","tag-uabjo"],"jetpack_featured_media_url":"http:\/\/www.eloriente.net\/home\/wp-content\/uploads\/2020\/09\/UABJO-Corredor-del-Istmo.jpg","jetpack_sharing_enabled":true,"_links":{"self":[{"href":"http:\/\/www.eloriente.net\/home\/wp-json\/wp\/v2\/posts\/63273"}],"collection":[{"href":"http:\/\/www.eloriente.net\/home\/wp-json\/wp\/v2\/posts"}],"about":[{"href":"http:\/\/www.eloriente.net\/home\/wp-json\/wp\/v2\/types\/post"}],"author":[{"embeddable":true,"href":"http:\/\/www.eloriente.net\/home\/wp-json\/wp\/v2\/users\/1"}],"replies":[{"embeddable":true,"href":"http:\/\/www.eloriente.net\/home\/wp-json\/wp\/v2\/comments?post=63273"}],"version-history":[{"count":1,"href":"http:\/\/www.eloriente.net\/home\/wp-json\/wp\/v2\/posts\/63273\/revisions"}],"predecessor-version":[{"id":63275,"href":"http:\/\/www.eloriente.net\/home\/wp-json\/wp\/v2\/posts\/63273\/revisions\/63275"}],"wp:featuredmedia":[{"embeddable":true,"href":"http:\/\/www.eloriente.net\/home\/wp-json\/wp\/v2\/media\/63274"}],"wp:attachment":[{"href":"http:\/\/www.eloriente.net\/home\/wp-json\/wp\/v2\/media?parent=63273"}],"wp:term":[{"taxonomy":"category","embeddable":true,"href":"http:\/\/www.eloriente.net\/home\/wp-json\/wp\/v2\/categories?post=63273"},{"taxonomy":"post_tag","embeddable":true,"href":"http:\/\/www.eloriente.net\/home\/wp-json\/wp\/v2\/tags?post=63273"}],"curies":[{"name":"wp","href":"https:\/\/api.w.org\/{rel}","templated":true}]}}