{"id":63596,"date":"2020-11-15T07:59:49","date_gmt":"2020-11-15T13:59:49","guid":{"rendered":"http:\/\/www.eloriente.net\/home\/?p=63596"},"modified":"2020-11-16T12:58:59","modified_gmt":"2020-11-16T18:58:59","slug":"transmision-en-vivo-cuarto-informe-del-gobernador-de-oaxaca","status":"publish","type":"post","link":"http:\/\/www.eloriente.net\/home\/2020\/11\/15\/transmision-en-vivo-cuarto-informe-del-gobernador-de-oaxaca\/","title":{"rendered":"Transmisi\u00f3n en vivo: Cuarto Informe del gobernador de Oaxaca"},"content":{"rendered":"<p><strong>Recuerda que ser\u00e1 en esta misma entrada a las 13 horas cuando podr\u00e1s ver completamente en vivo la transmisi\u00f3n del informe del gobernador de Oaxaca.\u00a0<\/strong><\/p>\n<p>Alejandro Murat Hinojosa est\u00e1 completando dos tercios de su mandato. Electo en el a\u00f1o 2016, tom\u00f3 posesi\u00f3n del cargo durante la madrugada del primero de diciembre de ese mismo a\u00f1o en medio de una situaci\u00f3n an\u00f3mala, provocada por manifestaciones sociales.<\/p>\n<p>La situaci\u00f3n en Oaxaca ahora es diferente. Las manifestaciones del magisterio son cada vez m\u00e1s espaciada y la crisis social y econ\u00f3mica provocada por la pandemia mantiene en alerta al estado.<\/p>\n<p>El Cuarto Informe del gobernador Murat tambi\u00e9n llega en un contexto completamente diferente: su relaci\u00f3n con el presidente L\u00f3pez Obrador parece \u00f3ptima, como tambi\u00e9n lo fue en su momento con el presidente Enrique Pe\u00f1a Nieto. El proyecto de desarrollo del Istmo de Tehuantepec y la construcci\u00f3n de las v\u00edas de comunicaci\u00f3n hacia la Costa y el propio Istmo han marcado numerosas visitas del presidente de la Rep\u00fablica, lo cual ha estrechado la relaci\u00f3n entre ambos ejecutivos.<\/p>\n<p><script async src=\"https:\/\/pagead2.googlesyndication.com\/pagead\/js\/adsbygoogle.js\"><\/script><br \/>\n<ins class=\"adsbygoogle\" style=\"display: block; text-align: center;\" data-ad-layout=\"in-article\" data-ad-format=\"fluid\" data-ad-client=\"ca-pub-1136171134853753\" data-ad-slot=\"5545504441\"><\/ins><br \/>\n<script>\n     (adsbygoogle = window.adsbygoogle || []).push({});\n<\/script>Adem\u00e1s de un recuento de resultados, se espera que este d\u00eda Alejandro Murat tambi\u00e9n se\u00f1ale la posici\u00f3n de Oaxaca ante la nueva realidad presupuestal del pa\u00eds, que adelanta recortes importantes a los presupuestos federales para 2021.<\/p>\n<p>Estos recortes marcar\u00e1n sin duda la recuperaci\u00f3n del estado ante la crisis sanitaria y econ\u00f3mica, pero tambi\u00e9n el trabajo y la reacci\u00f3n de los municipios de Oaxaca, mismos que tambi\u00e9n ver\u00e1n reducidos los fondos de car\u00e1cter federal, incluidos los relacionados con la seguridad p\u00fablica.<\/p>\n<p>Durante los \u00faltimos d\u00edas, ya se han difundido algunos materiales que dan cuenta de cierto contenido a informar este d\u00eda 15 de noviembre de 2020:<\/p>\n<blockquote class=\"twitter-tweet\" data-theme=\"dark\">\n<p dir=\"ltr\" lang=\"es\">Desde el inicio de mi gobierno hemos invertido para ampliar la red hospitalaria y, durante la pandemia, reconvertimos 25 hospitales para atender a pacientes COVID-19; fortalecemos el sector salud para que nada ni nadie nos impida crecer. <a href=\"https:\/\/twitter.com\/hashtag\/4toInformeOaxaca?src=hash&amp;ref_src=twsrc%5Etfw\">#4toInformeOaxaca<\/a> <a href=\"https:\/\/twitter.com\/hashtag\/CreciendoOaxaca?src=hash&amp;ref_src=twsrc%5Etfw\">#CreciendoOaxaca<\/a> <a href=\"https:\/\/t.co\/1YAwZ0G4ab\">pic.twitter.com\/1YAwZ0G4ab<\/a><\/p>\n<p>\u2014 Alejandro Murat (@alejandromurat) <a href=\"https:\/\/twitter.com\/alejandromurat\/status\/1327423542288388096?ref_src=twsrc%5Etfw\">November 14, 2020<\/a><\/p><\/blockquote>\n<p><script async src=\"https:\/\/platform.twitter.com\/widgets.js\" charset=\"utf-8\"><\/script><\/p>\n<p>&nbsp;<\/p>\n\n\t\t\t  <div \n\t\t\t  \tclass = \"fb-comments\" \n\t\t\t  \tdata-href = \"http:\/\/www.eloriente.net\/home\/2020\/11\/15\/transmision-en-vivo-cuarto-informe-del-gobernador-de-oaxaca\/\"\n\t\t\t  \tdata-numposts = \"10\"\n\t\t\t\tdata-colorscheme = \"dark\"\n\t\t\t\tdata-order-by = \"social\"\n\t\t\t\tdata-mobile=true>\n\t\t\t  <\/div>\n\t\t  <style>\n\t\t\t.fb_iframe_widget_fluid_desktop iframe {\n\t\t\t    width: 100% !important;\n\t\t\t}\n\t\t  <\/style>\n\t\t  ","protected":false},"excerpt":{"rendered":"<p>Recuerda que ser\u00e1 en esta misma entrada a las 13 horas cuando podr\u00e1s ver completamente en vivo la transmisi\u00f3n del informe del gobernador de Oaxaca.\u00a0 Alejandro Murat Hinojosa est\u00e1 completando dos tercios de su mandato. Electo en el a\u00f1o 2016, tom\u00f3 posesi\u00f3n del cargo durante la madrugada del primero de diciembre de ese mismo a\u00f1o [&hellip;]<\/p>\n","protected":false},"author":48,"featured_media":63598,"comment_status":"open","ping_status":"open","sticky":false,"template":"","format":"video","meta":{"_jetpack_memberships_contains_paid_content":false,"footnotes":""},"categories":[2434,8,4,32,63,10504,10,464,21],"tags":[4052,11834,11833,11836,11835],"class_list":["post-63596","post","type-post","status-publish","format-video","has-post-thumbnail","hentry","category-lunesdepolitica","category-agenda","category-canal-2-en-vivo","category-entradas","category-estados","category-las-ultimas-12","category-lo-mas-reciente","category-oaxaca-estados","category-politica-y-gobierno","tag-alejandro-murat","tag-cuarto-informe-murat","tag-informe-murat","tag-informe-murat-en-vivo","tag-informe-oaxaca","post_format-post-format-video"],"jetpack_featured_media_url":"http:\/\/www.eloriente.net\/home\/wp-content\/uploads\/2020\/11\/maxresdefault-1.jpg","jetpack_sharing_enabled":true,"_links":{"self":[{"href":"http:\/\/www.eloriente.net\/home\/wp-json\/wp\/v2\/posts\/63596"}],"collection":[{"href":"http:\/\/www.eloriente.net\/home\/wp-json\/wp\/v2\/posts"}],"about":[{"href":"http:\/\/www.eloriente.net\/home\/wp-json\/wp\/v2\/types\/post"}],"author":[{"embeddable":true,"href":"http:\/\/www.eloriente.net\/home\/wp-json\/wp\/v2\/users\/48"}],"replies":[{"embeddable":true,"href":"http:\/\/www.eloriente.net\/home\/wp-json\/wp\/v2\/comments?post=63596"}],"version-history":[{"count":1,"href":"http:\/\/www.eloriente.net\/home\/wp-json\/wp\/v2\/posts\/63596\/revisions"}],"predecessor-version":[{"id":63597,"href":"http:\/\/www.eloriente.net\/home\/wp-json\/wp\/v2\/posts\/63596\/revisions\/63597"}],"wp:featuredmedia":[{"embeddable":true,"href":"http:\/\/www.eloriente.net\/home\/wp-json\/wp\/v2\/media\/63598"}],"wp:attachment":[{"href":"http:\/\/www.eloriente.net\/home\/wp-json\/wp\/v2\/media?parent=63596"}],"wp:term":[{"taxonomy":"category","embeddable":true,"href":"http:\/\/www.eloriente.net\/home\/wp-json\/wp\/v2\/categories?post=63596"},{"taxonomy":"post_tag","embeddable":true,"href":"http:\/\/www.eloriente.net\/home\/wp-json\/wp\/v2\/tags?post=63596"}],"curies":[{"name":"wp","href":"https:\/\/api.w.org\/{rel}","templated":true}]}}