{"id":63842,"date":"2021-01-02T09:18:44","date_gmt":"2021-01-02T15:18:44","guid":{"rendered":"http:\/\/www.eloriente.net\/home\/?p=63842"},"modified":"2021-01-02T12:50:49","modified_gmt":"2021-01-02T18:50:49","slug":"noba-regalado-es-beca-jenkins-del-toro","status":"publish","type":"post","link":"http:\/\/www.eloriente.net\/home\/2021\/01\/02\/noba-regalado-es-beca-jenkins-del-toro\/","title":{"rendered":"Noba Regalado es Beca Jenkins Del Toro"},"content":{"rendered":"<p>La Beca Jenkins del Toro para estudiar cine en alguna de las mejores escuelas del mundo ya dio a conocer su ganador para este a\u00f1o.<\/p>\n<blockquote class=\"twitter-tweet\" data-theme=\"dark\">\n<p dir=\"ltr\" lang=\"es\">RESULTADOS Beca anterior. Listos para la sigueinte. <a href=\"https:\/\/t.co\/edbK1GNMV3\">https:\/\/t.co\/edbK1GNMV3<\/a><\/p>\n<p>\u2014 Guillermo del Toro (@RealGDT) <a href=\"https:\/\/twitter.com\/RealGDT\/status\/1344074566788915200?ref_src=twsrc%5Etfw\">December 30, 2020<\/a><\/p><\/blockquote>\n<p><script async src=\"https:\/\/platform.twitter.com\/widgets.js\" charset=\"utf-8\"><\/script>Fue as\u00ed, como se hace en nuestro tiempo como supo el mundo que Noba Regalado \u2014Juan Ernesto Regalado Morales\u2014 hab\u00eda ganado la edici\u00f3n de este a\u00f1o. Un par de d\u00edas despu\u00e9s, mientras la noticia llegaba del ciberespacio hasta el Istmo de Tehuantepec, Ernesto respondi\u00f3:<\/p>\n<blockquote class=\"twitter-tweet\" data-theme=\"dark\">\n<p dir=\"ltr\" lang=\"es\">Gracias por la gran oportunidad que se est\u00e1 brindando, lo admiro mucho y prometo dar lo mejor de mi.<\/p>\n<p>\u2014 Juan (Noba) Ernesto Regalado Morales (@Regalado_Noba) <a href=\"https:\/\/twitter.com\/Regalado_Noba\/status\/1344734522076749826?ref_src=twsrc%5Etfw\">December 31, 2020<\/a><\/p><\/blockquote>\n<h3><script async src=\"https:\/\/platform.twitter.com\/widgets.js\" charset=\"utf-8\"><\/script>\u00bfQu\u00e9 es la beca Jenkins?<\/h3>\n<p>Nace gracias a los recursos que aportan la Fundaci\u00f3n Mary Street Jenkins, la organizaci\u00f3n de el Patronato del Festival Internacional de Cine en Guadalajara, A. C., la Universidad de Guadalajara y la Fundaci\u00f3n Universidad de Guadalajara A. C., y la voluntad y el apoyo de Guillermo del Toro, con el prop\u00f3sito de fomentar el desarrollo del arte cinematogr\u00e1fico mexicano e impulsar a esta industria como un punto de desarrollo cultural, art\u00edstico, social y econ\u00f3mico en nuestra naci\u00f3n.<\/p>\n<h3>\u00bfPorqu\u00e9 Noba?<\/h3>\n<p>Con 34 a\u00f1os, ha sido muy importante el documental que Nendok. Entre Lagunas. que produjo junto con sus compa\u00f1eros de generaci\u00f3n de la organizaci\u00f3n Ambulantes M\u00e1s All\u00e1, una beca que tambi\u00e9n gan\u00f3 en el 2017 por la organizaci\u00f3n Ambulante que, como sabemos, dirige Diego Luna.<\/p>\n<p><iframe loading=\"lazy\" src=\"https:\/\/player.vimeo.com\/video\/257923543\" width=\"640\" height=\"360\" frameborder=\"0\" allowfullscreen=\"allowfullscreen\"><\/iframe><\/p>\n<p><a href=\"https:\/\/vimeo.com\/257923543\">Tr\u00e1iler de \u00a8Nendok entre lagunas\u00a8<\/a> from <a href=\"https:\/\/vimeo.com\/ambulantemasalla\">Ambulante M\u00e1s All\u00e1<\/a> on <a href=\"https:\/\/vimeo.com\">Vimeo<\/a>.<\/p>\n<p><script async src=\"https:\/\/pagead2.googlesyndication.com\/pagead\/js\/adsbygoogle.js\"><\/script><br \/>\n<ins class=\"adsbygoogle\" style=\"display: block; text-align: center;\" data-ad-layout=\"in-article\" data-ad-format=\"fluid\" data-ad-client=\"ca-pub-1136171134853753\" data-ad-slot=\"1904291222\"><\/ins><br \/>\n<script>\n     (adsbygoogle = window.adsbygoogle || []).push({});\n<\/script>Sin embargo, el trabajo de Noba no se entiende sin su tambi\u00e9n activismo en lo social. Por esas tareas y otras de penetraci\u00f3n en la comunidad, recibi\u00f3 el Premio Regional de las Juventudes del Istmo en 2017.<\/p>\n<p>Adem\u00e1s estudia el quinto semestre de la licenciatura de Producci\u00f3n y Expresi\u00f3n Art\u00edstica en la Universidad para el Bienestar Benito Ju\u00e1rez en Ciudad Ixtepec.<\/p>\n<h3>\u00bfQu\u00e9 es lo que sigue para Noba?<\/h3>\n<p>El propio cineasta ha declarado: Hacer la maestr\u00eda en cine documental, ya se en Cuba o en Espa\u00f1a. Precisamente con el recurso que la beca Jenkins le ha permitido.<\/p>\n<h3>En la Universidad de Nueva York<\/h3>\n<p><iframe loading=\"lazy\" src=\"https:\/\/www.youtube.com\/embed\/EEHCBYJEOT4\" width=\"560\" height=\"315\" frameborder=\"0\" allowfullscreen=\"allowfullscreen\"><\/iframe><\/p>\n<p><script async src=\"https:\/\/pagead2.googlesyndication.com\/pagead\/js\/adsbygoogle.js\"><\/script><br \/>\n<ins class=\"adsbygoogle\" style=\"display: block;\" data-ad-format=\"autorelaxed\" data-ad-client=\"ca-pub-1136171134853753\" data-ad-slot=\"4595267748\"><\/ins><br \/>\n<script>\n     (adsbygoogle = window.adsbygoogle || []).push({});\n<\/script><\/p>\n\n\t\t\t  <div \n\t\t\t  \tclass = \"fb-comments\" \n\t\t\t  \tdata-href = \"http:\/\/www.eloriente.net\/home\/2021\/01\/02\/noba-regalado-es-beca-jenkins-del-toro\/\"\n\t\t\t  \tdata-numposts = \"10\"\n\t\t\t\tdata-colorscheme = \"dark\"\n\t\t\t\tdata-order-by = \"social\"\n\t\t\t\tdata-mobile=true>\n\t\t\t  <\/div>\n\t\t  <style>\n\t\t\t.fb_iframe_widget_fluid_desktop iframe {\n\t\t\t    width: 100% !important;\n\t\t\t}\n\t\t  <\/style>\n\t\t  ","protected":false},"excerpt":{"rendered":"<p>La Beca Jenkins del Toro para estudiar cine en alguna de las mejores escuelas del mundo ya dio a conocer su ganador para este a\u00f1o. RESULTADOS Beca anterior. Listos para la sigueinte. https:\/\/t.co\/edbK1GNMV3 \u2014 Guillermo del Toro (@RealGDT) December 30, 2020 Fue as\u00ed, como se hace en nuestro tiempo como supo el mundo que Noba [&hellip;]<\/p>\n","protected":false},"author":1,"featured_media":63843,"comment_status":"open","ping_status":"open","sticky":false,"template":"","format":"standard","meta":{"_jetpack_memberships_contains_paid_content":false,"footnotes":""},"categories":[6,49,18,32,63,10504,10,464],"tags":[11936,10941,11937,11819,11935],"class_list":["post-63842","post","type-post","status-publish","format-standard","has-post-thumbnail","hentry","category-canal-4-especiales","category-destacadas","category-educacion-y-cultura","category-entradas","category-estados","category-las-ultimas-12","category-lo-mas-reciente","category-oaxaca-estados","tag-beca-del-toro","tag-beca-jenkins","tag-cine-becas","tag-cineastas-oaxaquenos","tag-noba-regalado"],"jetpack_featured_media_url":"http:\/\/www.eloriente.net\/home\/wp-content\/uploads\/2021\/01\/Captura-de-pantalla-2021-01-02-a-las-08.48.30.jpg","jetpack_sharing_enabled":true,"_links":{"self":[{"href":"http:\/\/www.eloriente.net\/home\/wp-json\/wp\/v2\/posts\/63842"}],"collection":[{"href":"http:\/\/www.eloriente.net\/home\/wp-json\/wp\/v2\/posts"}],"about":[{"href":"http:\/\/www.eloriente.net\/home\/wp-json\/wp\/v2\/types\/post"}],"author":[{"embeddable":true,"href":"http:\/\/www.eloriente.net\/home\/wp-json\/wp\/v2\/users\/1"}],"replies":[{"embeddable":true,"href":"http:\/\/www.eloriente.net\/home\/wp-json\/wp\/v2\/comments?post=63842"}],"version-history":[{"count":2,"href":"http:\/\/www.eloriente.net\/home\/wp-json\/wp\/v2\/posts\/63842\/revisions"}],"predecessor-version":[{"id":63845,"href":"http:\/\/www.eloriente.net\/home\/wp-json\/wp\/v2\/posts\/63842\/revisions\/63845"}],"wp:featuredmedia":[{"embeddable":true,"href":"http:\/\/www.eloriente.net\/home\/wp-json\/wp\/v2\/media\/63843"}],"wp:attachment":[{"href":"http:\/\/www.eloriente.net\/home\/wp-json\/wp\/v2\/media?parent=63842"}],"wp:term":[{"taxonomy":"category","embeddable":true,"href":"http:\/\/www.eloriente.net\/home\/wp-json\/wp\/v2\/categories?post=63842"},{"taxonomy":"post_tag","embeddable":true,"href":"http:\/\/www.eloriente.net\/home\/wp-json\/wp\/v2\/tags?post=63842"}],"curies":[{"name":"wp","href":"https:\/\/api.w.org\/{rel}","templated":true}]}}