{"id":64125,"date":"2021-02-11T19:39:31","date_gmt":"2021-02-12T01:39:31","guid":{"rendered":"http:\/\/www.eloriente.net\/home\/?p=64125"},"modified":"2021-03-11T17:42:00","modified_gmt":"2021-03-11T23:42:00","slug":"ice-uabjo-y-casa-unen-colaboraciones","status":"publish","type":"post","link":"http:\/\/www.eloriente.net\/home\/2021\/02\/11\/ice-uabjo-y-casa-unen-colaboraciones\/","title":{"rendered":"ICE, UABJO y Casa unen colaboraciones"},"content":{"rendered":"<p>Con el prop\u00f3sito de estrechar lazos de cooperaci\u00f3n interinstitucional, la Universidad Aut\u00f3noma \u201cBenito Ju\u00e1rez\u201d de Oaxaca (UABJO) y el Instituto de Ciencias de la Educaci\u00f3n (ICE), firmaron convenios de colaboraci\u00f3n con el Centro de las Artes de San Agust\u00edn (CaSa).<\/p>\n<p>Dichos documentos fueron signados por el Rector, Eduardo Bautista Mart\u00ednez y los Directores del ICE, H\u00e9ctor Aguilar Aguilar y del CaSa, Daniel Efr\u00e9n Brena Wilson.<\/p>\n<p>El acuerdo marco tiene como prop\u00f3sito unir esfuerzos para desarrollar actividades conjuntas de investigaci\u00f3n, docencia, colaboraci\u00f3n acad\u00e9mica, formaci\u00f3n de recursos humanos, estancias acad\u00e9micas y divulgaci\u00f3n de acciones de inter\u00e9s com\u00fan.<\/p>\n<p>El espec\u00edfico se enmarca en el Doctorado en Educaci\u00f3n, Arte y Cultura del ICE, el cual fue aprobado el 15 de noviembre de 2019 por el H. Consejo Universitario y est\u00e1 pr\u00f3ximo a evaluarse por el Consejo Nacional de Ciencia y Tecnolog\u00eda (CONACYT).<\/p>\n<p>Durante su intervenci\u00f3n, Bautista Mart\u00ednez, celebr\u00f3 la alianza con el CaSa y record\u00f3 las pl\u00e1ticas sostenidas con el universitario Francisco Toledo en el Instituto de Artes Gr\u00e1ficas de Oaxaca (IAGO), a quien recuerda con el \u00e1nimo de seguir generando proyectos e iniciativas, las cuales se han ido concretando, m\u00e1s all\u00e1 de la formalidad de los acuerdos.<\/p>\n<p>\u201cCon este Centro, hemos emprendido diversas actividades, como el Programa de Fotograf\u00eda Documental, desarrollado en 2019, entre otros\u201d, refiri\u00f3.<\/p>\n<p>Y ahora con el ICE a trav\u00e9s de una ruta muy puntual, que materializar\u00e1 el sentido de pertinencia, considerando el contexto, la pluralidad y la recuperaci\u00f3n de las ra\u00edces culturales de los pueblos ind\u00edgenas, argument\u00f3.<\/p>\n<p>A su vez, el Director del CaSa, reconoci\u00f3 el trabajo colaborativo entre las instituciones para la difusi\u00f3n, producci\u00f3n, educaci\u00f3n en las artes e investigaci\u00f3n. As\u00ed mismo, manifest\u00f3 la disponibilidad de los acervos y la colaboraci\u00f3n para los fines convenidos.<\/p>\n<p>En su momento, el Director del ICE, H\u00e9ctor Aguilar Aguilar, explic\u00f3 que esto representa la posibilidad de ampliar la visi\u00f3n en la formaci\u00f3n profesional, incluyendo la parte art\u00edstica y de cara a la pr\u00f3xima reforma del plan de estudios del instituto.<\/p>\n<p>En su oportunidad, la investigadora, Leticia Brise\u00f1o, una de las impulsoras de dicho posgrado, destac\u00f3 que esta acci\u00f3n genera v\u00ednculos importantes entre los procesos art\u00edsticos y culturales, con la educaci\u00f3n formal, parte de los objetivos del programa educativo.<\/p>\n<p>Cabe destacar que esto permitir\u00e1 desarrollar proyectos de investigaci\u00f3n, docencia, difusi\u00f3n art\u00edstica; impulsar el trabajo en redes de cooperaci\u00f3n educativa y cultural, as\u00ed como coeditar, publicar y difundir obras de producci\u00f3n acad\u00e9mica; dise\u00f1ar y organizar seminarios, diplomados, cursos, coloquios, conferencias, entre otros.<\/p>\n<p>En este acto estuvo presente tambi\u00e9n el investigador Abraham Nah\u00f3n, integrante del n\u00facleo acad\u00e9mico b\u00e1sico.<\/p>\n<p><script async src=\"https:\/\/pagead2.googlesyndication.com\/pagead\/js\/adsbygoogle.js\"><\/script><br \/>\n<ins class=\"adsbygoogle\" style=\"display: block;\" data-ad-format=\"autorelaxed\" data-ad-client=\"ca-pub-1136171134853753\" data-ad-slot=\"4595267748\"><\/ins><br \/>\n<script>\n     (adsbygoogle = window.adsbygoogle || []).push({});\n<\/script><\/p>\n\n\t\t\t  <div \n\t\t\t  \tclass = \"fb-comments\" \n\t\t\t  \tdata-href = \"http:\/\/www.eloriente.net\/home\/2021\/02\/11\/ice-uabjo-y-casa-unen-colaboraciones\/\"\n\t\t\t  \tdata-numposts = \"10\"\n\t\t\t\tdata-colorscheme = \"dark\"\n\t\t\t\tdata-order-by = \"social\"\n\t\t\t\tdata-mobile=true>\n\t\t\t  <\/div>\n\t\t  <style>\n\t\t\t.fb_iframe_widget_fluid_desktop iframe {\n\t\t\t    width: 100% !important;\n\t\t\t}\n\t\t  <\/style>\n\t\t  ","protected":false},"excerpt":{"rendered":"<p>Con el prop\u00f3sito de estrechar lazos de cooperaci\u00f3n interinstitucional, la Universidad Aut\u00f3noma \u201cBenito Ju\u00e1rez\u201d de Oaxaca (UABJO) y el Instituto de Ciencias de la Educaci\u00f3n (ICE), firmaron convenios de colaboraci\u00f3n con el Centro de las Artes de San Agust\u00edn (CaSa). Dichos documentos fueron signados por el Rector, Eduardo Bautista Mart\u00ednez y los Directores del ICE, [&hellip;]<\/p>\n","protected":false},"author":1,"featured_media":64126,"comment_status":"open","ping_status":"open","sticky":false,"template":"","format":"standard","meta":{"_jetpack_memberships_contains_paid_content":false,"footnotes":""},"categories":[1588,49,18,32,10504,10,8677,84],"tags":[1203,12047],"class_list":["post-64125","post","type-post","status-publish","format-standard","has-post-thumbnail","hentry","category-comunicados-y-boletines","category-destacadas","category-educacion-y-cultura","category-entradas","category-las-ultimas-12","category-lo-mas-reciente","category-uabjo","category-universidades","tag-casa","tag-san-agustin"],"jetpack_featured_media_url":"http:\/\/www.eloriente.net\/home\/wp-content\/uploads\/2021\/03\/Uabjo-y-Casa.jpg","jetpack_sharing_enabled":true,"_links":{"self":[{"href":"http:\/\/www.eloriente.net\/home\/wp-json\/wp\/v2\/posts\/64125"}],"collection":[{"href":"http:\/\/www.eloriente.net\/home\/wp-json\/wp\/v2\/posts"}],"about":[{"href":"http:\/\/www.eloriente.net\/home\/wp-json\/wp\/v2\/types\/post"}],"author":[{"embeddable":true,"href":"http:\/\/www.eloriente.net\/home\/wp-json\/wp\/v2\/users\/1"}],"replies":[{"embeddable":true,"href":"http:\/\/www.eloriente.net\/home\/wp-json\/wp\/v2\/comments?post=64125"}],"version-history":[{"count":1,"href":"http:\/\/www.eloriente.net\/home\/wp-json\/wp\/v2\/posts\/64125\/revisions"}],"predecessor-version":[{"id":64127,"href":"http:\/\/www.eloriente.net\/home\/wp-json\/wp\/v2\/posts\/64125\/revisions\/64127"}],"wp:featuredmedia":[{"embeddable":true,"href":"http:\/\/www.eloriente.net\/home\/wp-json\/wp\/v2\/media\/64126"}],"wp:attachment":[{"href":"http:\/\/www.eloriente.net\/home\/wp-json\/wp\/v2\/media?parent=64125"}],"wp:term":[{"taxonomy":"category","embeddable":true,"href":"http:\/\/www.eloriente.net\/home\/wp-json\/wp\/v2\/categories?post=64125"},{"taxonomy":"post_tag","embeddable":true,"href":"http:\/\/www.eloriente.net\/home\/wp-json\/wp\/v2\/tags?post=64125"}],"curies":[{"name":"wp","href":"https:\/\/api.w.org\/{rel}","templated":true}]}}