{"id":64138,"date":"2021-03-15T12:19:50","date_gmt":"2021-03-15T18:19:50","guid":{"rendered":"http:\/\/www.eloriente.net\/home\/?p=64138"},"modified":"2021-03-15T12:20:55","modified_gmt":"2021-03-15T18:20:55","slug":"mitla-incluyente-ya-cuenta-con-equipo-para-personas-con-discapacidad","status":"publish","type":"post","link":"http:\/\/www.eloriente.net\/home\/2021\/03\/15\/mitla-incluyente-ya-cuenta-con-equipo-para-personas-con-discapacidad\/","title":{"rendered":"Mitla incluyente: ya cuenta con equipo para personas con discapacidad"},"content":{"rendered":"<p>Al contar con los dos \u00fanicos sitios arqueol\u00f3gicos en M\u00e9xico, <a href=\"http:\/\/www.eloriente.net\/home\/2017\/12\/11\/30-anos-oaxaca-monte-alban-patrimonio-mundial\/\" target=\"_blank\" rel=\"noopener\">Monte Alb\u00e1n<\/a>, espacio incluyente inaugurado el 3 de diciembre del 2019 y Mitla, puesto en marcha por Ivette Mor\u00e1n de Murat, esposa del gobernador del estado, Oaxaca se coloca a la vanguardia en los temas de inclusi\u00f3n social, y <a href=\"http:\/\/www.eloriente.net\/home\/2015\/10\/19\/unicamente-el-64-de-los-hogares-oaxaquenos-tienen-accesibilidad-a-servicios-ocde\/\" target=\"_blank\" rel=\"noopener\">accesibilidad tur\u00edstica.<\/a><\/p>\n<p>Este s\u00e1bado 13 de marzo, la presidenta del DIF Oaxaca acudi\u00f3 a las ruinas arqueol\u00f3gicas de Villa de Mitla, para constatar la conclusi\u00f3n y funcionamiento de las obras de infraestructura que permitir\u00e1n disfrutar del sitio hist\u00f3rico a personas con discapacidad y adultas mayores, al tener la posibilidad de desplazarse por medio de carritos y sillas el\u00e9ctricas adaptadas, donadas por el Sistema para el Desarrollo Integral de la Familia (DIF) del Estado de Oaxaca.<\/p>\n<p>\u201cEstamos muy felices, es un d\u00eda para celebrar que esta zona arqueol\u00f3gica, ya es un espacio incluyente. En estos logros no solamente utilizamos la intenci\u00f3n y el coraz\u00f3n para hacerlo, es el trabajo en equipo que da buenos resultados.<\/p>\n<p>Sin el apoyo del Gobernador, esto no hubiera sido posible, es un sue\u00f1o hecho realidad. Las personas con discapacidad podr\u00e1n conocer este maravilloso tesoro de Oaxaca \u201c, se\u00f1al\u00f3 la esposa del gobernador Alejandro Murat.<\/p>\n<p>Ivette Mor\u00e1n de Murat invit\u00f3 al turismo nacional y extranjero a visitar Mitla, para que todas y todos puedan gozar y conocer este maravilloso lugar. \u201cHoy, con Mitla incluyente, ya no hay pretexto para no visitar y conocer esta maravilla hist\u00f3rica\u201d.<\/p>\n<figure id=\"attachment_64139\" aria-describedby=\"caption-attachment-64139\" style=\"width: 960px\" class=\"wp-caption aligncenter\"><a href=\"http:\/\/www.eloriente.net\/home\/wp-content\/uploads\/2021\/03\/Recorrido-Mitla-incluyente-Gobierno-del-Estado-de-Oaxaca.jpeg\"><img loading=\"lazy\" decoding=\"async\" class=\"size-full wp-image-64139\" src=\"http:\/\/www.eloriente.net\/home\/wp-content\/uploads\/2021\/03\/Recorrido-Mitla-incluyente-Gobierno-del-Estado-de-Oaxaca.jpeg\" alt=\"\" width=\"960\" height=\"638\" srcset=\"http:\/\/www.eloriente.net\/home\/wp-content\/uploads\/2021\/03\/Recorrido-Mitla-incluyente-Gobierno-del-Estado-de-Oaxaca.jpeg 960w, http:\/\/www.eloriente.net\/home\/wp-content\/uploads\/2021\/03\/Recorrido-Mitla-incluyente-Gobierno-del-Estado-de-Oaxaca-300x199.jpeg 300w, http:\/\/www.eloriente.net\/home\/wp-content\/uploads\/2021\/03\/Recorrido-Mitla-incluyente-Gobierno-del-Estado-de-Oaxaca-768x510.jpeg 768w, http:\/\/www.eloriente.net\/home\/wp-content\/uploads\/2021\/03\/Recorrido-Mitla-incluyente-Gobierno-del-Estado-de-Oaxaca-696x463.jpeg 696w, http:\/\/www.eloriente.net\/home\/wp-content\/uploads\/2021\/03\/Recorrido-Mitla-incluyente-Gobierno-del-Estado-de-Oaxaca-632x420.jpeg 632w, http:\/\/www.eloriente.net\/home\/wp-content\/uploads\/2021\/03\/Recorrido-Mitla-incluyente-Gobierno-del-Estado-de-Oaxaca-600x399.jpeg 600w\" sizes=\"(max-width: 960px) 100vw, 960px\" \/><\/a><figcaption id=\"caption-attachment-64139\" class=\"wp-caption-text\">Recorrido Mitla incluyente, Gobierno del Estado de Oaxaca<\/figcaption><\/figure>\n<p><script async src=\"https:\/\/pagead2.googlesyndication.com\/pagead\/js\/adsbygoogle.js\"><\/script><br \/>\n<ins class=\"adsbygoogle\" style=\"display: block; text-align: center;\" data-ad-layout=\"in-article\" data-ad-format=\"fluid\" data-ad-client=\"ca-pub-1136171134853753\" data-ad-slot=\"1904291222\"><\/ins><br \/>\n<script>\n     (adsbygoogle = window.adsbygoogle || []).push({});\n<\/script>El delegado del Instituto Nacional de Antropolog\u00eda e Historia (INAH) en Oaxaca, resalt\u00f3 que la intervenci\u00f3n fue muy cuidada, donde se definieron criterios que pudieran vincular arquitect\u00f3nicamente el patrimonio hist\u00f3rico. Se cuid\u00f3 que los materiales se mimetizaran adecuadamente, y con la intervenci\u00f3n del municipio, se consiguieron piedras adecuadas para concluir de manera correcta esta infraestructura de accesibilidad.<\/p>\n<h4>\u00bfQu\u00e9 equipo fue entregado?<\/h4>\n<p>Christian Holm Rodr\u00edguez mencion\u00f3 que el DIF Estatal entreg\u00f3 equipamiento, el cual consta de 2 veh\u00edculos adaptados, 3 sillas motorizadas el\u00e9ctricas y sillas de ruedas normales. \u201cLas sillas de rueda hospitalarias son para aquellas personas que no cuenten con este aparato, con esta entrega ya podr\u00e1n ingresar y recorrer f\u00e1cilmente la zona arqueol\u00f3gica\u201d.<\/p>\n<p>Una de las personas beneficiadas con la accesibilidad en Mitla, detall\u00f3 sentirse contento, pues por primera vez pudo observar la inmensidad de las pir\u00e1mides, pinturas y el hermoso paisaje. \u201cEsta zona forma parte de nuestro patrimonio, debemos cuidarlo y protegerlo. Gracias al Gobernador y su esposa, por hacer realidad mis sue\u00f1os, sobre todo, por echar andar este tipo de proyectos. Muchas gracias\u201d.<\/p>\n<p>Por otra parte, la esposa del Mandatario Estatal, en compa\u00f1\u00eda de Christian Holm Rodr\u00edguez, continuaron su gira de trabajo por la regi\u00f3n de los Valles Centrales. En esta ocasi\u00f3n visitaron los municipios de Santa Mar\u00eda del Tule y San Pablo Villa de Mitla, para llevar y dar a conocer el programa emergente \u201cMi Mercado DIFerente\u201d.<\/p>\n<p>Durante su recorrido, Ivette Mor\u00e1n de Murat se\u00f1al\u00f3 que los mercados p\u00fablicos son espacios importantes que han sido afectados severamente por esta pandemia, por ello, es importante implementar programas que apoyen a estos mercados.<\/p>\n<p>\u201cCon la entrega de cr\u00e9ditos a tasas muy bajas, apoyamos a resarcir la afectaci\u00f3n econ\u00f3mica provocada por la pandemia y, sobre todo, protegemos la salud de las y los locatarios, as\u00ed como del p\u00fablico en general con equipo y material desinfectante. En este espacio se crea comunidad y se preserva las tradiciones gastron\u00f3micas\u201d, finaliz\u00f3 la esposa del Gobernador.<\/p>\n<p>Mantenemos la cercan\u00eda con las familias oaxaque\u00f1as, para juntos y en equipo, crear, construir y crecer por un mejor Oaxaca.<\/p>\n<h3>M\u00c1S EN ELORIENTE SOBRE ACCESIBILIDAD:<\/h3>\n<p><iframe loading=\"lazy\" src=\"https:\/\/www.youtube.com\/embed\/AaZ1SV2A-uc\" width=\"560\" height=\"315\" frameborder=\"0\" allowfullscreen=\"allowfullscreen\"><\/iframe><\/p>\n<p><script async src=\"https:\/\/pagead2.googlesyndication.com\/pagead\/js\/adsbygoogle.js\"><\/script><br \/>\n<ins class=\"adsbygoogle\" style=\"display: block;\" data-ad-format=\"autorelaxed\" data-ad-client=\"ca-pub-1136171134853753\" data-ad-slot=\"4595267748\"><\/ins><br \/>\n<script>\n     (adsbygoogle = window.adsbygoogle || []).push({});\n<\/script><\/p>\n\n\t\t\t  <div \n\t\t\t  \tclass = \"fb-comments\" \n\t\t\t  \tdata-href = \"http:\/\/www.eloriente.net\/home\/2021\/03\/15\/mitla-incluyente-ya-cuenta-con-equipo-para-personas-con-discapacidad\/\"\n\t\t\t  \tdata-numposts = \"10\"\n\t\t\t\tdata-colorscheme = \"dark\"\n\t\t\t\tdata-order-by = \"social\"\n\t\t\t\tdata-mobile=true>\n\t\t\t  <\/div>\n\t\t  <style>\n\t\t\t.fb_iframe_widget_fluid_desktop iframe {\n\t\t\t    width: 100% !important;\n\t\t\t}\n\t\t  <\/style>\n\t\t  ","protected":false},"excerpt":{"rendered":"<p>Al contar con los dos \u00fanicos sitios arqueol\u00f3gicos en M\u00e9xico, Monte Alb\u00e1n, espacio incluyente inaugurado el 3 de diciembre del 2019 y Mitla, puesto en marcha por Ivette Mor\u00e1n de Murat, esposa del gobernador del estado, Oaxaca se coloca a la vanguardia en los temas de inclusi\u00f3n social, y accesibilidad tur\u00edstica. Este s\u00e1bado 13 de [&hellip;]<\/p>\n","protected":false},"author":1,"featured_media":64141,"comment_status":"open","ping_status":"open","sticky":false,"template":"","format":"standard","meta":{"_jetpack_memberships_contains_paid_content":false,"footnotes":""},"categories":[11,32,63,10504,10,12051,23,464,21,30,19],"tags":[12053,241,2155,12052,12054],"class_list":["post-64138","post","type-post","status-publish","format-standard","has-post-thumbnail","hentry","category-colaboradores","category-entradas","category-estados","category-las-ultimas-12","category-lo-mas-reciente","category-mitla","category-municipios","category-oaxaca-estados","category-politica-y-gobierno","category-salud","category-turismo-y-negocios","tag-accesibilidad-turistica","tag-cultura","tag-mitla","tag-mitla-incluyente","tag-obras-cultura"],"jetpack_featured_media_url":"http:\/\/www.eloriente.net\/home\/wp-content\/uploads\/2021\/03\/Recorrido-Mitla-Incluyendo-gobierno-de-Oaxaca.jpeg","jetpack_sharing_enabled":true,"_links":{"self":[{"href":"http:\/\/www.eloriente.net\/home\/wp-json\/wp\/v2\/posts\/64138"}],"collection":[{"href":"http:\/\/www.eloriente.net\/home\/wp-json\/wp\/v2\/posts"}],"about":[{"href":"http:\/\/www.eloriente.net\/home\/wp-json\/wp\/v2\/types\/post"}],"author":[{"embeddable":true,"href":"http:\/\/www.eloriente.net\/home\/wp-json\/wp\/v2\/users\/1"}],"replies":[{"embeddable":true,"href":"http:\/\/www.eloriente.net\/home\/wp-json\/wp\/v2\/comments?post=64138"}],"version-history":[{"count":1,"href":"http:\/\/www.eloriente.net\/home\/wp-json\/wp\/v2\/posts\/64138\/revisions"}],"predecessor-version":[{"id":64140,"href":"http:\/\/www.eloriente.net\/home\/wp-json\/wp\/v2\/posts\/64138\/revisions\/64140"}],"wp:featuredmedia":[{"embeddable":true,"href":"http:\/\/www.eloriente.net\/home\/wp-json\/wp\/v2\/media\/64141"}],"wp:attachment":[{"href":"http:\/\/www.eloriente.net\/home\/wp-json\/wp\/v2\/media?parent=64138"}],"wp:term":[{"taxonomy":"category","embeddable":true,"href":"http:\/\/www.eloriente.net\/home\/wp-json\/wp\/v2\/categories?post=64138"},{"taxonomy":"post_tag","embeddable":true,"href":"http:\/\/www.eloriente.net\/home\/wp-json\/wp\/v2\/tags?post=64138"}],"curies":[{"name":"wp","href":"https:\/\/api.w.org\/{rel}","templated":true}]}}