{"id":64186,"date":"2021-03-22T11:02:18","date_gmt":"2021-03-22T17:02:18","guid":{"rendered":"http:\/\/www.eloriente.net\/home\/?p=64186"},"modified":"2021-03-22T11:02:18","modified_gmt":"2021-03-22T17:02:18","slug":"1329-maestras-y-maestros-fueron-contratados-en-oaxaca","status":"publish","type":"post","link":"http:\/\/www.eloriente.net\/home\/2021\/03\/22\/1329-maestras-y-maestros-fueron-contratados-en-oaxaca\/","title":{"rendered":"1,329 maestras y maestros fueron contratados en Oaxaca"},"content":{"rendered":"<p>El Instituto Estatal de Educaci\u00f3n P\u00fablica de Oaxaca (IEEPO) inform\u00f3 este inicio de semana que\u00a0como resultado de las negociaciones efectuadas con las y los estudiantes de las 11 escuelas normales en la entidad, y con apego al marco administrativo y legal dio respuesta a los 24 puntos presentados en un documento con sus planteamientos; adem\u00e1s de que seguir\u00e1 con el acompa\u00f1amiento a los tr\u00e1mites y gestiones correspondientes ante la federaci\u00f3n.<\/p>\n<p>En ese sentido, la respuesta \u00edntegra del gobierno dada a los normalistas puede consultarse en\u00a0la p\u00e1gina web institucional <a href=\"http:\/\/www.oaxaca.gob.mx\/ieepo\" target=\"_blank\" rel=\"noopener\">www.oaxaca.gob.mx\/ieepo<\/a>.<\/p>\n<p>Destaca sin duda que all\u00ed se pueden revisar los listados con los detalles de mil 329 normalistas contratados de las generaciones 2017-2018 y 2018 -2019.<\/p>\n<p><script async src=\"https:\/\/pagead2.googlesyndication.com\/pagead\/js\/adsbygoogle.js\"><\/script><br \/>\n<ins class=\"adsbygoogle\" style=\"display: block; text-align: center;\" data-ad-layout=\"in-article\" data-ad-format=\"fluid\" data-ad-client=\"ca-pub-1136171134853753\" data-ad-slot=\"1904291222\"><\/ins><br \/>\n<script>\n     (adsbygoogle = window.adsbygoogle || []).push({});\n<\/script>De la generaci\u00f3n 2017-2018, ingresaron al sistema educativo en la entidad 695 nuevos maestros, de los cuales, por nivel fueron: en Educaci\u00f3n Especial 39, en Educaci\u00f3n F\u00edsica 152, en Preescolar Ind\u00edgena nueve, en Preescolar General 228, en Primaria Ind\u00edgena cinco y en Primaria General 262.<\/p>\n<p>Asimismo, de la generaci\u00f3n 2018-2019 suman 634 los normalistas egresados contratados; de ellos, en Educaci\u00f3n Especial fueron 42, en Educaci\u00f3n F\u00edsica 121, en Preescolar Ind\u00edgena cinco, en Preescolar General 160, en Primaria Ind\u00edgena 22 y en Primaria General 284.<\/p>\n<p>Respecto a los integrantes de la generaci\u00f3n 2019-2020 ser\u00e1n contratados aquellos que se encuentren titulados -requisito indispensable- y mediante convocatoria p\u00fablica. Para ello, est\u00e1 por iniciar el proceso de contrataci\u00f3n, el cual deber\u00e1 concluir antes del comienzo del siguiente ciclo escolar.<\/p>\n<p>La autoridad educativa informa que ingresar\u00e1n todos los exalumnos que hayan cumplido los requisitos y los procesos normativos estipulados por la Unidad del Sistema para la Carrera de las Maestras y los Maestros (Usicamm) con apego a criterios de equidad, transparencia y de acuerdo a la vacancia disponible.<\/p>\n<p>Sobre las respuestas a las peticiones de los futuros maestros presentadas a trav\u00e9s de la\u00a0 Coordinadora Estudiantil Normalista del Estado de Oaxaca (CENEO), se informa que en la solicitud de que se reconozcan y respeten la autonom\u00eda, organizaci\u00f3n e injerencia respectiva de cada uno de los comit\u00e9s y\/o consejos estudiantiles de las 11 Normales, el IEEPO reitera que es respetuoso de las formas de organizaci\u00f3n y participaci\u00f3n de cada una de los planteles de la entidad.<\/p>\n<h3>Contrataci\u00f3n autom\u00e1tica<\/h3>\n<p>Asimismo, la respuesta a la exigencia sobre la contrataci\u00f3n autom\u00e1tica de la generaci\u00f3n 2017-2021 de las 11 Escuelas Normales P\u00fablicas del Estado de Oaxaca, sin ning\u00fan condicionamiento, rechazando todo examen o plataforma, es que en tanto la normatividad vigente no sea modificada, el proceso de admisi\u00f3n en educaci\u00f3n b\u00e1sica se realiza a trav\u00e9s de la Convocatoria emitida por la Unidad de Sistema para la Carrera de las Maestras y Maestros (USICAMM) y conforme a la vacancia existente en cada entidad federativa.<\/p>\n<p>Por otra parte, en la petici\u00f3n de que se gestionen nuevos transportes escolares para cada uno de los planteles (autobuses, sprinter y camionetas), el Instituto indica que opera bajo los Lineamientos del Fondo de Aportaciones para la N\u00f3mina Educativa y Gasto Operativo (FONE) y los recursos solo pueden ser utilizados para los fines autorizados y marcados en el punto 4.2 Uso de los Recursos que exige gran responsabilidad y cuidado en las asignaciones presupuestarias.<\/p>\n<p><script async src=\"https:\/\/pagead2.googlesyndication.com\/pagead\/js\/adsbygoogle.js\"><\/script><br \/>\n<ins class=\"adsbygoogle\" style=\"display: block;\" data-ad-format=\"autorelaxed\" data-ad-client=\"ca-pub-1136171134853753\" data-ad-slot=\"4595267748\"><\/ins><br \/>\n<script>\n     (adsbygoogle = window.adsbygoogle || []).push({});\n<\/script><\/p>\n\n\t\t\t  <div \n\t\t\t  \tclass = \"fb-comments\" \n\t\t\t  \tdata-href = \"http:\/\/www.eloriente.net\/home\/2021\/03\/22\/1329-maestras-y-maestros-fueron-contratados-en-oaxaca\/\"\n\t\t\t  \tdata-numposts = \"10\"\n\t\t\t\tdata-colorscheme = \"dark\"\n\t\t\t\tdata-order-by = \"social\"\n\t\t\t\tdata-mobile=true>\n\t\t\t  <\/div>\n\t\t  <style>\n\t\t\t.fb_iframe_widget_fluid_desktop iframe {\n\t\t\t    width: 100% !important;\n\t\t\t}\n\t\t  <\/style>\n\t\t  ","protected":false},"excerpt":{"rendered":"<p>El Instituto Estatal de Educaci\u00f3n P\u00fablica de Oaxaca (IEEPO) inform\u00f3 este inicio de semana que\u00a0como resultado de las negociaciones efectuadas con las y los estudiantes de las 11 escuelas normales en la entidad, y con apego al marco administrativo y legal dio respuesta a los 24 puntos presentados en un documento con sus planteamientos; adem\u00e1s [&hellip;]<\/p>\n","protected":false},"author":1,"featured_media":30811,"comment_status":"open","ping_status":"open","sticky":false,"template":"","format":"standard","meta":{"_jetpack_memberships_contains_paid_content":false,"footnotes":""},"categories":[49,18,71,32,63,10504,10,23,464,11830,21],"tags":[375,12072,12071,73],"class_list":["post-64186","post","type-post","status-publish","format-standard","has-post-thumbnail","hentry","category-destacadas","category-educacion-y-cultura","category-elecciones","category-entradas","category-estados","category-las-ultimas-12","category-lo-mas-reciente","category-municipios","category-oaxaca-estados","category-oaxaca-de-juarez","category-politica-y-gobierno","tag-ieepo","tag-normalistas-de-oaxaca","tag-normalistas-oaxaca","tag-oaxaca"],"jetpack_featured_media_url":"http:\/\/www.eloriente.net\/home\/wp-content\/uploads\/2014\/08\/maestros-de-ingles-en-estados-unidos.jpg","jetpack_sharing_enabled":true,"_links":{"self":[{"href":"http:\/\/www.eloriente.net\/home\/wp-json\/wp\/v2\/posts\/64186"}],"collection":[{"href":"http:\/\/www.eloriente.net\/home\/wp-json\/wp\/v2\/posts"}],"about":[{"href":"http:\/\/www.eloriente.net\/home\/wp-json\/wp\/v2\/types\/post"}],"author":[{"embeddable":true,"href":"http:\/\/www.eloriente.net\/home\/wp-json\/wp\/v2\/users\/1"}],"replies":[{"embeddable":true,"href":"http:\/\/www.eloriente.net\/home\/wp-json\/wp\/v2\/comments?post=64186"}],"version-history":[{"count":1,"href":"http:\/\/www.eloriente.net\/home\/wp-json\/wp\/v2\/posts\/64186\/revisions"}],"predecessor-version":[{"id":64187,"href":"http:\/\/www.eloriente.net\/home\/wp-json\/wp\/v2\/posts\/64186\/revisions\/64187"}],"wp:featuredmedia":[{"embeddable":true,"href":"http:\/\/www.eloriente.net\/home\/wp-json\/wp\/v2\/media\/30811"}],"wp:attachment":[{"href":"http:\/\/www.eloriente.net\/home\/wp-json\/wp\/v2\/media?parent=64186"}],"wp:term":[{"taxonomy":"category","embeddable":true,"href":"http:\/\/www.eloriente.net\/home\/wp-json\/wp\/v2\/categories?post=64186"},{"taxonomy":"post_tag","embeddable":true,"href":"http:\/\/www.eloriente.net\/home\/wp-json\/wp\/v2\/tags?post=64186"}],"curies":[{"name":"wp","href":"https:\/\/api.w.org\/{rel}","templated":true}]}}