{"id":64188,"date":"2021-03-22T11:30:10","date_gmt":"2021-03-22T17:30:10","guid":{"rendered":"http:\/\/www.eloriente.net\/home\/?p=64188"},"modified":"2021-03-22T11:30:10","modified_gmt":"2021-03-22T17:30:10","slug":"en-quien-reencarnara-juarez-por-jarumy-mendez","status":"publish","type":"post","link":"http:\/\/www.eloriente.net\/home\/2021\/03\/22\/en-quien-reencarnara-juarez-por-jarumy-mendez\/","title":{"rendered":"\u00bfEn qui\u00e9n reencarnar\u00e1 Ju\u00e1rez?, por Jarumy M\u00e9ndez"},"content":{"rendered":"<h3 style=\"text-align: right;\">Indicio Esmeralda, por <a href=\"http:\/\/www.eloriente.net\/home\/2021\/03\/07\/matildas-por-jarumy-mendez\/\" target=\"_blank\" rel=\"noopener\">Jarumy M\u00e9ndez<\/a><\/h3>\n<p>Hace algunas semanas, Genaro Lozano describ\u00eda en su columna semanal el sentimiento de desencanto que atraviesan los votantes de AMLO al ver que el cambio radical y profundo que quer\u00edan para el pa\u00eds tristemente se pierde ante las decisiones del presidente.<\/p>\n<p>Ese desencanto no es nuevo ni exclusivo de la 4T, sino del sistema pol\u00edtico mexicano; un sistema que ha apartado a sus mejores cuadros y a los peores los ha ensalzado.<\/p>\n<p>La aberraci\u00f3n y el desd\u00e9n de los mexicanos por la pol\u00edtica esconde la insatisfacci\u00f3n de una necesidad colectiva: h\u00e9roes nacionales que cambien ese escenario pol\u00edtico y nos devuelvan la esperanza.<\/p>\n<p>Ante personajes desde\u00f1ables de nuestro tiempo, los pol\u00edticos han optado por rememorar a las figuras de anta\u00f1o; la imagen institucional de la cuarta transformaci\u00f3n muestra a Morelos, Hidalgo, Madero, C\u00e1rdenas y por supuesto a Ju\u00e1rez al centro sosteniendo la bandera nacional. Sin embargo, ese universo simb\u00f3lico que construye el nacionalismo contrasta de forma grotesca con la praxis pol\u00edtica y su contin\u00fao vac\u00edo de significados. Nada tan nost\u00e1lgico y desesperanzador como vivir de las glorias pasadas y mirar un futuro desolador, sin idea ni \u00e1nimo de progreso.<\/p>\n<p>La aspiraci\u00f3n personal de AMLO de pasar a la historia como h\u00e9roe nacional hoy se desploma en un mundo moderno de redes sociales y medios de comunicaci\u00f3n, su error: querer conducir al pa\u00eds de los tiempos de Ju\u00e1rez y C\u00e1rdenas, sin entender su tiempo ni adelantarse a \u00e9l. El \u201cguardi\u00e1n de la defensa identitaria de M\u00e9xico\u201d ha convertido la capacidad cr\u00edtica y el derecho de voz del pueblo en la m\u00e1s grande amenaza nacional, todo el que se atreva a discrepar es un \u201cconservador\u201d.<\/p>\n<p><script async src=\"https:\/\/pagead2.googlesyndication.com\/pagead\/js\/adsbygoogle.js\"><\/script><br \/>\n<ins class=\"adsbygoogle\" style=\"display: block; text-align: center;\" data-ad-layout=\"in-article\" data-ad-format=\"fluid\" data-ad-client=\"ca-pub-1136171134853753\" data-ad-slot=\"1904291222\"><\/ins><br \/>\n<script>\n     (adsbygoogle = window.adsbygoogle || []).push({});\n<\/script><\/p>\n<p>Si la causa feminista ya ha logrado resaltar la importancia del lenguaje como fuente de violencia simb\u00f3lica, las y los mexicanos hemos sido v\u00edctimas constantes de discursos y palabras de odio, de esa violencia simb\u00f3lica del lenguaje en las ya por dem\u00e1s desafortunadas ma\u00f1aneras; las palabras importan y m\u00e1s en la voz de un presidente y l\u00edder moral, pues \u00e9ste puede unir o dividir a una naci\u00f3n.<\/p>\n<p>Los ciudadanos queremos alguien aut\u00e9ntico, pero como en las relaciones de pareja d\u00f3nde el amor no es suficiente, de igual forma para dirigir al pa\u00eds no basta el carisma ni tampoco el talento.<\/p>\n<p>Recordemos que, durante los a\u00f1os del Revolucionario Institucional, desfilaron los \u201chombres de Estado\u201d o los llamados \u201ctecn\u00f3cratas\u201d, responsables de diversas acciones econ\u00f3micas positivas, pero tambi\u00e9n de dolencias sociales muy graves como la proliferaci\u00f3n de la miseria en M\u00e9xico. En frase de Roberto Morris \u201clos populistas quieren quedar bien con la gente, los tecn\u00f3cratas con los bancos\u201d. Ni populismo ni tecnocracia, ni carisma ni talento son suficientes para gobernar un pa\u00eds tan diverso.<\/p>\n<p>Y es que ah\u00ed est\u00e1 la clave, gobernar desde la diversidad se ha convertido en la m\u00e1s complicada tarea para los pol\u00edticos actuales. El pluralismo encarna las diferentes formas de ser mexicanas y mexicanos, y desde ah\u00ed los diversos intereses y dolencias. Tambi\u00e9n por eso es que no caben actitudes dictatoriales.<\/p>\n<p>Es claro que nos falta la visi\u00f3n y la actitud del reformador y el estadista, de una mujer u hombre que entienda su tiempo, que tenga principios personales, pero tambi\u00e9n comprenda y ejerza los principios de una naci\u00f3n democr\u00e1tica.<\/p>\n<p>Ju\u00e1rez supo convertirse en el estadista y el Reformador que M\u00e9xico necesitaba. A partir de Ju\u00e1rez la figura presidencial se elev\u00f3 a representaci\u00f3n simb\u00f3lica de unidad y respeto. Hoy esa figura presidencial ha sido traicionada por hombres que no han sabido estar a la altura de la confianza de su pueblo, y aunque tenemos presidente, la silla est\u00e1 vac\u00eda y en espera. Pues existimos mexicanas, \u00a1s\u00ed\u2026existimos!, que consideramos que el se\u00f1or presidente no nos representa.<\/p>\n<p>A doscientos quince a\u00f1os del natalicio de Benito Ju\u00e1rez es inevitable a\u00f1orar las virtudes del patricio y de la generaci\u00f3n de la Reforma; es inevitable pensar en la defensa de la Constituci\u00f3n y sus instituciones, en la defensa de la divisi\u00f3n de poderes y el Estado Laico y por supuesto que es forzoso y urgente pensar en la sucesi\u00f3n presidencial: \u00bfEn qu\u00e9 mujer u hombre reencarnar\u00e1n las virtudes y actitud reformadora del patricio?.<\/p>\n<p>@jarumymendez<\/p>\n<p><script async src=\"https:\/\/pagead2.googlesyndication.com\/pagead\/js\/adsbygoogle.js\"><\/script><br \/>\n<ins class=\"adsbygoogle\" style=\"display: block;\" data-ad-format=\"autorelaxed\" data-ad-client=\"ca-pub-1136171134853753\" data-ad-slot=\"4595267748\"><\/ins><br \/>\n<script>\n     (adsbygoogle = window.adsbygoogle || []).push({});\n<\/script><\/p>\n\n\t\t\t  <div \n\t\t\t  \tclass = \"fb-comments\" \n\t\t\t  \tdata-href = \"http:\/\/www.eloriente.net\/home\/2021\/03\/22\/en-quien-reencarnara-juarez-por-jarumy-mendez\/\"\n\t\t\t  \tdata-numposts = \"10\"\n\t\t\t\tdata-colorscheme = \"dark\"\n\t\t\t\tdata-order-by = \"social\"\n\t\t\t\tdata-mobile=true>\n\t\t\t  <\/div>\n\t\t  <style>\n\t\t\t.fb_iframe_widget_fluid_desktop iframe {\n\t\t\t    width: 100% !important;\n\t\t\t}\n\t\t  <\/style>\n\t\t  ","protected":false},"excerpt":{"rendered":"<p>Indicio Esmeralda, por Jarumy M\u00e9ndez Hace algunas semanas, Genaro Lozano describ\u00eda en su columna semanal el sentimiento de desencanto que atraviesan los votantes de AMLO al ver que el cambio radical y profundo que quer\u00edan para el pa\u00eds tristemente se pierde ante las decisiones del presidente. Ese desencanto no es nuevo ni exclusivo de la [&hellip;]<\/p>\n","protected":false},"author":1,"featured_media":60569,"comment_status":"open","ping_status":"open","sticky":false,"template":"","format":"standard","meta":{"_jetpack_memberships_contains_paid_content":false,"footnotes":""},"categories":[11,49,32,13,63,5297,8473,10504,10,464],"tags":[8557,674],"class_list":["post-64188","post","type-post","status-publish","format-standard","has-post-thumbnail","hentry","category-colaboradores","category-destacadas","category-entradas","category-especiales","category-estados","category-historia","category-jarumy-esmeralda-mendez-reyes","category-las-ultimas-12","category-lo-mas-reciente","category-oaxaca-estados","tag-jarumy-mendez","tag-juarez"],"jetpack_featured_media_url":"http:\/\/www.eloriente.net\/home\/wp-content\/uploads\/2020\/03\/benito-juarez.jpg","jetpack_sharing_enabled":true,"_links":{"self":[{"href":"http:\/\/www.eloriente.net\/home\/wp-json\/wp\/v2\/posts\/64188"}],"collection":[{"href":"http:\/\/www.eloriente.net\/home\/wp-json\/wp\/v2\/posts"}],"about":[{"href":"http:\/\/www.eloriente.net\/home\/wp-json\/wp\/v2\/types\/post"}],"author":[{"embeddable":true,"href":"http:\/\/www.eloriente.net\/home\/wp-json\/wp\/v2\/users\/1"}],"replies":[{"embeddable":true,"href":"http:\/\/www.eloriente.net\/home\/wp-json\/wp\/v2\/comments?post=64188"}],"version-history":[{"count":1,"href":"http:\/\/www.eloriente.net\/home\/wp-json\/wp\/v2\/posts\/64188\/revisions"}],"predecessor-version":[{"id":64189,"href":"http:\/\/www.eloriente.net\/home\/wp-json\/wp\/v2\/posts\/64188\/revisions\/64189"}],"wp:featuredmedia":[{"embeddable":true,"href":"http:\/\/www.eloriente.net\/home\/wp-json\/wp\/v2\/media\/60569"}],"wp:attachment":[{"href":"http:\/\/www.eloriente.net\/home\/wp-json\/wp\/v2\/media?parent=64188"}],"wp:term":[{"taxonomy":"category","embeddable":true,"href":"http:\/\/www.eloriente.net\/home\/wp-json\/wp\/v2\/categories?post=64188"},{"taxonomy":"post_tag","embeddable":true,"href":"http:\/\/www.eloriente.net\/home\/wp-json\/wp\/v2\/tags?post=64188"}],"curies":[{"name":"wp","href":"https:\/\/api.w.org\/{rel}","templated":true}]}}