{"id":6445,"date":"2012-12-24T10:18:36","date_gmt":"2012-12-24T16:18:36","guid":{"rendered":"http:\/\/www.eloriente.net\/home\/?p=6445"},"modified":"2012-12-24T10:18:36","modified_gmt":"2012-12-24T16:18:36","slug":"fonca-y-union-europea-lanzan-convocatoria-para-artes-escenicas","status":"publish","type":"post","link":"http:\/\/www.eloriente.net\/home\/2012\/12\/24\/fonca-y-union-europea-lanzan-convocatoria-para-artes-escenicas\/","title":{"rendered":"FONCA y Uni\u00f3n Europea lanzan convocatoria para artes esc\u00e9nicas"},"content":{"rendered":"<p>eloriente.net<\/p>\n<p>24 de diciembre de 2012<\/p>\n<p>eloriente.net (Oaxaca, Oax.) 24 de diciembre de 2012.- El Consejo Nacional para la Cultura y las Artes (CONACULTA) a trav\u00e9s del Fondo Nacional para la Cultura y las Artes (FONCA) y la Delegaci\u00f3n de la Uni\u00f3n Europea en M\u00e9xico han lanzado la convocatoria \u00abRutas Esc\u00e9nicas: Programa de Apoyo a las Artes Esc\u00e9nicas\u00bb.<\/p>\n<p>Convocan a solistas y grupos art\u00edsticos mexicanos y de pa\u00edses miembros de la Uni\u00f3n Europea a presentar un proyecto esc\u00e9nico para presentaciones, giras y temporadas en las siguientes disciplinas:<\/p>\n<div>\n<p><strong>Artes circenses<\/strong><\/p>\n<p><strong>Danza<\/strong><\/p>\n<ul>\n<li>Cl\u00e1sica<\/li>\n<li>Contempor\u00e1nea<\/li>\n<li>Tradicional, folcl\u00f3rica y \u00e9tnica<\/li>\n<\/ul>\n<p><strong>Interdisciplina esc\u00e9nica<\/strong> (Espect\u00e1culos esc\u00e9nicos que involucren y justifiquen dos o m\u00e1s disciplinas art\u00edsticas)<\/p>\n<p><strong>M\u00fasica<\/strong><\/p>\n<ul>\n<li>Cl\u00e1sica<\/li>\n<li>Contempor\u00e1nea<\/li>\n<li>Tradicional, folcl\u00f3rica y \u00e9tnica<\/li>\n<li>\u00d3pera<\/li>\n<li>Otros g\u00e9neros (avant-garde, electr\u00f3nica, fusi\u00f3n y blues, jazz, m\u00fasica del mundo, rock, m\u00fasica tropical.)<\/li>\n<\/ul>\n<p><strong>Teatro<\/strong><\/p>\n<p>Podr\u00e1n participar solistas, grupos legalmente constituidos y grupos no constituidos legalmente, mexicanos y euro- peos de los pa\u00edses miembros de la Uni\u00f3n Europea. Se deber\u00e1 presentar un proyecto esc\u00e9nico que proponga uno o m\u00e1s espect\u00e1culos innovadores en alguna de las disciplinas mencionadas, que haya(n) sido estrenado(s) y presentado(s) por lo menos en dos ocasiones.<\/p>\n<p>Las fechas para presentar las postulaciones son:<\/p>\n<div>\n<p>Primera emisi\u00f3n:<\/p>\n<p>\u2022 Del 26 de noviembre de 2012 al 29 enero de 2013 para presentaciones, giras o temporadas a realizarse entre abril y octubre de 2013.<\/p>\n<p>Las postulaciones que contemplen fechas de presentaciones posteriores a las de la primera emisi\u00f3n, deber\u00e1n postularse en la segunda.<\/p>\n<p>Segunda emisi\u00f3n:<\/p>\n<p>\u2022 Del 3 de abril al 27 de mayo de 2013 para presentaciones, giras o temporadas a realizarse entre noviembre de 2013 y marzo de 2014<\/p>\n<p>El monto m\u00e1ximo del apoyo ser\u00e1 para solistas, de hasta $200,000.00 (Doscientos mil pesos mexicanos) o su equivalente en d\u00f3lares estadounidenses o euros y para grupos el apoyo ser\u00e1 de hasta\u00a0 $480,000.00 (Cuatrocientos ochenta mil pesos mexicanos) o su equivalente en d\u00f3lares estadounidenses o euros.<\/p>\n<p>Para consultar todas las bases de la convocatoria pueden dar click en el siguiente enlace: <a href=\"http:\/\/fonca.conaculta.gob.mx\/\" target=\"_blank\">RUTAS ESC\u00c9NICAS<\/a><\/p>\n<p><strong><a href=\"http:\/\/www.eloriente.net\/home\/wp-content\/uploads\/2012\/12\/artes-esce\u0301nicas.jpg\"><img loading=\"lazy\" decoding=\"async\" class=\"aligncenter size-medium wp-image-6447\" title=\"artes esce\u0301nicas\" src=\"http:\/\/www.eloriente.net\/home\/wp-content\/uploads\/2012\/12\/artes-esce\u0301nicas-300x209.jpg\" alt=\"\" width=\"300\" height=\"209\" srcset=\"http:\/\/www.eloriente.net\/home\/wp-content\/uploads\/2012\/12\/artes-esce\u0301nicas-300x209.jpg 300w, http:\/\/www.eloriente.net\/home\/wp-content\/uploads\/2012\/12\/artes-esce\u0301nicas-1024x715.jpg 1024w, http:\/\/www.eloriente.net\/home\/wp-content\/uploads\/2012\/12\/artes-esce\u0301nicas.jpg 1600w\" sizes=\"(max-width: 300px) 100vw, 300px\" \/><\/a><\/strong><\/p>\n<p>Foto: <a href=\"http:\/\/www.flickr.com\/photos\/sansebastian2016\/\" target=\"_blank\">Donostia-San Sebastian 2016<\/a>, <a href=\"http:\/\/creativecommons.org\/licenses\/by\/2.0\/\" target=\"_blank\">Algunos derechos reservados.<\/a><\/p>\n<\/div>\n<\/div>\n\n\t\t\t  <div \n\t\t\t  \tclass = \"fb-comments\" \n\t\t\t  \tdata-href = \"http:\/\/www.eloriente.net\/home\/2012\/12\/24\/fonca-y-union-europea-lanzan-convocatoria-para-artes-escenicas\/\"\n\t\t\t  \tdata-numposts = \"10\"\n\t\t\t\tdata-colorscheme = \"dark\"\n\t\t\t\tdata-order-by = \"social\"\n\t\t\t\tdata-mobile=true>\n\t\t\t  <\/div>\n\t\t  <style>\n\t\t\t.fb_iframe_widget_fluid_desktop iframe {\n\t\t\t    width: 100% !important;\n\t\t\t}\n\t\t  <\/style>\n\t\t  ","protected":false},"excerpt":{"rendered":"<p>eloriente.net 24 de diciembre de 2012 eloriente.net (Oaxaca, Oax.) 24 de diciembre de 2012.- El Consejo Nacional para la Cultura y las Artes (CONACULTA) a trav\u00e9s del Fondo Nacional para la Cultura y las Artes (FONCA) y la Delegaci\u00f3n de la Uni\u00f3n Europea en M\u00e9xico han lanzado la convocatoria \u00abRutas Esc\u00e9nicas: Programa de Apoyo a [&hellip;]<\/p>\n","protected":false},"author":1,"featured_media":6447,"comment_status":"open","ping_status":"open","sticky":false,"template":"","format":"standard","meta":{"_jetpack_memberships_contains_paid_content":false,"footnotes":""},"categories":[26,32,10],"tags":[],"class_list":["post-6445","post","type-post","status-publish","format-standard","has-post-thumbnail","hentry","category-convocatorias","category-entradas","category-lo-mas-reciente"],"jetpack_featured_media_url":"http:\/\/www.eloriente.net\/home\/wp-content\/uploads\/2012\/12\/artes-esce\u0301nicas.jpg","jetpack_sharing_enabled":true,"_links":{"self":[{"href":"http:\/\/www.eloriente.net\/home\/wp-json\/wp\/v2\/posts\/6445"}],"collection":[{"href":"http:\/\/www.eloriente.net\/home\/wp-json\/wp\/v2\/posts"}],"about":[{"href":"http:\/\/www.eloriente.net\/home\/wp-json\/wp\/v2\/types\/post"}],"author":[{"embeddable":true,"href":"http:\/\/www.eloriente.net\/home\/wp-json\/wp\/v2\/users\/1"}],"replies":[{"embeddable":true,"href":"http:\/\/www.eloriente.net\/home\/wp-json\/wp\/v2\/comments?post=6445"}],"version-history":[{"count":2,"href":"http:\/\/www.eloriente.net\/home\/wp-json\/wp\/v2\/posts\/6445\/revisions"}],"predecessor-version":[{"id":6448,"href":"http:\/\/www.eloriente.net\/home\/wp-json\/wp\/v2\/posts\/6445\/revisions\/6448"}],"wp:featuredmedia":[{"embeddable":true,"href":"http:\/\/www.eloriente.net\/home\/wp-json\/wp\/v2\/media\/6447"}],"wp:attachment":[{"href":"http:\/\/www.eloriente.net\/home\/wp-json\/wp\/v2\/media?parent=6445"}],"wp:term":[{"taxonomy":"category","embeddable":true,"href":"http:\/\/www.eloriente.net\/home\/wp-json\/wp\/v2\/categories?post=6445"},{"taxonomy":"post_tag","embeddable":true,"href":"http:\/\/www.eloriente.net\/home\/wp-json\/wp\/v2\/tags?post=6445"}],"curies":[{"name":"wp","href":"https:\/\/api.w.org\/{rel}","templated":true}]}}