{"id":64561,"date":"2021-06-02T09:10:49","date_gmt":"2021-06-02T15:10:49","guid":{"rendered":"http:\/\/www.eloriente.net\/home\/?p=64561"},"modified":"2021-06-02T09:10:49","modified_gmt":"2021-06-02T15:10:49","slug":"votar-por-el-menos-peor-por-jarumy-mendez","status":"publish","type":"post","link":"http:\/\/www.eloriente.net\/home\/2021\/06\/02\/votar-por-el-menos-peor-por-jarumy-mendez\/","title":{"rendered":"\u00bfVotar por el menos peor?, por Jarumy M\u00e9ndez"},"content":{"rendered":"<p><center><script async src=\"https:\/\/pagead2.googlesyndication.com\/pagead\/js\/adsbygoogle.js\"><\/script><br \/>\n<!-- BANNER ELORIENTE INCRUSTADO NOTAS --><br \/>\n<ins class=\"adsbygoogle\" style=\"display: inline-block; width: 300px; height: 250px;\" data-ad-client=\"ca-pub-1136171134853753\" data-ad-slot=\"7974633627\"><\/ins><br \/>\n<script>\n     (adsbygoogle = window.adsbygoogle || []).push({});\n<\/script><center><\/center><\/center><\/p>\n<h3 style=\"text-align: center;\"><strong>Indicio Esmeralda<\/strong><\/h3>\n<p style=\"text-align: right;\">Por: <a href=\"http:\/\/www.eloriente.net\/home\/2021\/04\/13\/voto-informado-por-jarumy-mendez\/\" target=\"_blank\" rel=\"noopener\">Jarumy M\u00e9ndez<\/a><\/p>\n<p style=\"text-align: center;\"><strong>\u00bfVotar por el menos peor?<\/strong><\/p>\n<p>Estamos a una semana de la jornada electoral 2021 en M\u00e9xico. Si no militas en alg\u00fan partido o no conoces a alguien cercano que est\u00e9 como candidato, seguramente te encuentras en el dilema de votar por el menos peor o no votar.<\/p>\n<p>En esta decisi\u00f3n consultar lo que cada aspirante subi\u00f3 a las plataformas del INE y del IEEPCO o plataformas como Voto Informado de la UNAM puede ser una br\u00fajula, para averiguar su trayectoria, propuestas prioritarias y posturas espec\u00edficas, por ejemplo en el caso de los aspirantes a diputados federales si est\u00e1n de acuerdo o en desacuerdo con la construcci\u00f3n de Dos Bocas o si el presupuesto para el Tren Maya debe disminuirse, aumentarse o mantenerse. \u00bfPor qu\u00e9 importa saber sus posturas? Pues tan solo en tres proyectos de infraestructura como Dos Bocas, Tren Maya o la compra de la nueva refiner\u00eda los diputados votaron en favor de aprobar 362 mil millones de pesos.<\/p>\n<p>Pero m\u00e1s all\u00e1 de pensar el voto por la persona, que a excepci\u00f3n de las presidencias municipales tienen un peso relevante las cualidades personales para conducir la administraci\u00f3n p\u00fablica municipal, en el caso de las legislaturas federales y locales se tiene que pensar el voto en funci\u00f3n de la actividad, postura y resultados de la bancada del partido por el que contienden.<\/p>\n<p>Pensar nuestro voto en funci\u00f3n de contrapesos es una tarea necesaria, sobre todo ante el escenario de muchos legisladores que piensan en la continuidad, en el caso de Oaxaca 7 de los 10 diputados federales por mayor\u00eda relativa van por la reelecci\u00f3n.<\/p>\n<p>Recordemos que la reelecci\u00f3n fue pensada como una forma de rendici\u00f3n de cuentas y la posibilidad de profesionalizar la funci\u00f3n legislativa, de estos siete diputados que buscan reelegirse debe importarnos las sesiones a las que asistieron y el sentido de su voto. M\u00e1s si son del partido con mayor\u00eda en el Congreso Federal deber\u00e1n evidenciar su postura de continuidad oficialista o no. No deber\u00eda ser as\u00ed, la discusi\u00f3n no deber\u00eda ser quien apoya al presidente o no, porque el presidente no tiene el poder en s\u00ed mismo. Recordemos que, seg\u00fan nuestra Constituci\u00f3n, el poder se divide para su ejercicio en: Ejecutivo, Legislativo y Judicial, record\u00e9moslo bien.<\/p>\n<p><script async src=\"https:\/\/pagead2.googlesyndication.com\/pagead\/js\/adsbygoogle.js\"><\/script><br \/>\n<ins class=\"adsbygoogle\" style=\"display: block; text-align: center;\" data-ad-layout=\"in-article\" data-ad-format=\"fluid\" data-ad-client=\"ca-pub-1136171134853753\" data-ad-slot=\"4724569608\"><\/ins><br \/>\n<script>\n     (adsbygoogle = window.adsbygoogle || []).push({});\n<\/script><\/p>\n<p>Entonces, al votar este 6 de junio \u00bfEstamos votando por empleados del presidente que al un\u00edsono digan a todas sus propuestas \u201cs\u00ed, es un honor estar con Obrador\u201d o votamos por un contrapeso que defienda la autonom\u00eda del congreso?, no se trata de ir al extremo y votar todo en contra, se trata de buscar a los aspirantes que encarnen valores democr\u00e1ticos que debe tener la c\u00e1mara alta como el di\u00e1logo, el consenso y sobre todo la pluralidad.<\/p>\n<p>Para ello deben estar dispuestos a escuchar no solo a las mayor\u00edas sino tambi\u00e9n a las minor\u00edas, pues se gobierna para todos; no solo deben estar dispuestos a escuchar en campa\u00f1a sino deben tener un di\u00e1logo permanente con actores sociales, acad\u00e9micos y empresariales durante sus funciones legislativas.<\/p>\n<p>Y esto se puede observar desde campa\u00f1a, por ejemplo, para el ejercicio de #EleccionesXelFuturo, la tarea de evaluar a los aspirantes pas\u00f3 por revisar sus plataformas, su participaci\u00f3n en los encuentros virtuales y su trayectoria. Aqu\u00ed algunos datos:<\/p>\n<p>-De los 66 aspirantes a diputados federales por mayor\u00eda relativa en Oaxaca solo 22 respondieron a las solicitudes de acercamiento al di\u00e1logo, 8 participaron en los encuentros virtuales y 4 accedieron a una entrevista.<\/p>\n<p>-De los 7 diputados que van por la reelecci\u00f3n solo el Diputado Daniel Gutierrez por el Distrito 10, accedi\u00f3 a dar a conocer sus propuestas ambientales a trav\u00e9s de entrevista, los dem\u00e1s diputados federales actuales nunca contestaron.<\/p>\n<p>-S\u00f3lo dos candidatos registraron ante el INE su experiencia y trabajo previo a favor del medio ambiente: Por el Distrito de Tuxtepec, \u00c1ngel Dominguez indic\u00f3 que impuls\u00f3 diferentes acciones a favor del agua y saneamiento del R\u00edo Atoyac, y por el Distrito de Teotitl\u00e1n de Flores Mag\u00f3n, Marco Carrasco registr\u00f3 su trabajo como Coordinador de la Fundaci\u00f3n Reserva de la Biosfera Cuicatl\u00e1n.<\/p>\n<p>Otro indicador democr\u00e1tico es la participaci\u00f3n los debates convocados por la autoridad electoral. En lo personal, quedan descartados aquellos que faltan por las razones que sean a un ejercicio como este&#8230;vaya, si ni siquiera pueden participar sus suplentes, \u00bfc\u00f3mo puedo confiar en que alguien me representar\u00e1 si no acude al llamado de una instituci\u00f3n a manifestar su postura en torno a temas decisivos?<\/p>\n<p>Por eso m\u00e1s all\u00e1 de votar por el menos peor, el 6 de junio tenemos la oportunidad de mandar un mensaje a la clase pol\u00edtica eligiendo aspirantes, partidos y equipos de campa\u00f1a que est\u00e9n a favor de la democracia con apertura al di\u00e1logo, a la transparencia y a la rendici\u00f3n de cuentas.<\/p>\n<p>Si no les ilusiona su candidato o candidata por su distrito o municipio que nos ilusione defender nuestra democracia, nuestras instituciones y nuestro congreso porque es nuestro, no de la clase pol\u00edtica. Es hora de mandar ese mensaje a trav\u00e9s de nuestro voto.<\/p>\n<p>Para consultar las evaluaciones realizadas por #EleccionesXelFuturo Oaxaca visita <a href=\"http:\/\/www.voluntariadoambientalporoaxaca.com\">www.voluntariadoambientalporoaxaca.com<\/a> o @AmbientalOaxaca en Twitter.<\/p>\n<p>@jarumymendez<\/p>\n<h3>M\u00e1s del tema en videos del Canal de Youtube de El Oriente:<\/h3>\n<p><iframe loading=\"lazy\" title=\"YouTube video player\" src=\"https:\/\/www.youtube.com\/embed\/PQTuFmjSkw8\" width=\"560\" height=\"315\" frameborder=\"0\" allowfullscreen=\"allowfullscreen\"><\/iframe><\/p>\n<p><script async src=\"https:\/\/pagead2.googlesyndication.com\/pagead\/js\/adsbygoogle.js\"><\/script><br \/>\n<ins class=\"adsbygoogle\" style=\"display: block;\" data-ad-format=\"autorelaxed\" data-ad-client=\"ca-pub-1136171134853753\" data-ad-slot=\"4595267748\"><\/ins><br \/>\n<script>\n     (adsbygoogle = window.adsbygoogle || []).push({});\n<\/script><\/p>\n\n\t\t\t  <div \n\t\t\t  \tclass = \"fb-comments\" \n\t\t\t  \tdata-href = \"http:\/\/www.eloriente.net\/home\/2021\/06\/02\/votar-por-el-menos-peor-por-jarumy-mendez\/\"\n\t\t\t  \tdata-numposts = \"10\"\n\t\t\t\tdata-colorscheme = \"dark\"\n\t\t\t\tdata-order-by = \"social\"\n\t\t\t\tdata-mobile=true>\n\t\t\t  <\/div>\n\t\t  <style>\n\t\t\t.fb_iframe_widget_fluid_desktop iframe {\n\t\t\t    width: 100% !important;\n\t\t\t}\n\t\t  <\/style>\n\t\t  ","protected":false},"excerpt":{"rendered":"<p>Indicio Esmeralda Por: Jarumy M\u00e9ndez \u00bfVotar por el menos peor? Estamos a una semana de la jornada electoral 2021 en M\u00e9xico. Si no militas en alg\u00fan partido o no conoces a alguien cercano que est\u00e9 como candidato, seguramente te encuentras en el dilema de votar por el menos peor o no votar. En esta decisi\u00f3n [&hellip;]<\/p>\n","protected":false},"author":1,"featured_media":418,"comment_status":"open","ping_status":"open","sticky":false,"template":"","format":"standard","meta":{"_jetpack_memberships_contains_paid_content":false,"footnotes":""},"categories":[11,49,32,63,8473,10504,10,23,464],"tags":[9412,12239,369,1330,12240],"class_list":["post-64561","post","type-post","status-publish","format-standard","has-post-thumbnail","hentry","category-colaboradores","category-destacadas","category-entradas","category-estados","category-jarumy-esmeralda-mendez-reyes","category-las-ultimas-12","category-lo-mas-reciente","category-municipios","category-oaxaca-estados","tag-candidatas-oaxaca","tag-colectivo-ambiental","tag-elecciones-2","tag-elecciones-oaxaca","tag-oaxaca-ambienta"],"jetpack_featured_media_url":"http:\/\/www.eloriente.net\/home\/wp-content\/uploads\/2012\/07\/Foto-contando-boletas-1.jpg","jetpack_sharing_enabled":true,"_links":{"self":[{"href":"http:\/\/www.eloriente.net\/home\/wp-json\/wp\/v2\/posts\/64561"}],"collection":[{"href":"http:\/\/www.eloriente.net\/home\/wp-json\/wp\/v2\/posts"}],"about":[{"href":"http:\/\/www.eloriente.net\/home\/wp-json\/wp\/v2\/types\/post"}],"author":[{"embeddable":true,"href":"http:\/\/www.eloriente.net\/home\/wp-json\/wp\/v2\/users\/1"}],"replies":[{"embeddable":true,"href":"http:\/\/www.eloriente.net\/home\/wp-json\/wp\/v2\/comments?post=64561"}],"version-history":[{"count":1,"href":"http:\/\/www.eloriente.net\/home\/wp-json\/wp\/v2\/posts\/64561\/revisions"}],"predecessor-version":[{"id":64562,"href":"http:\/\/www.eloriente.net\/home\/wp-json\/wp\/v2\/posts\/64561\/revisions\/64562"}],"wp:featuredmedia":[{"embeddable":true,"href":"http:\/\/www.eloriente.net\/home\/wp-json\/wp\/v2\/media\/418"}],"wp:attachment":[{"href":"http:\/\/www.eloriente.net\/home\/wp-json\/wp\/v2\/media?parent=64561"}],"wp:term":[{"taxonomy":"category","embeddable":true,"href":"http:\/\/www.eloriente.net\/home\/wp-json\/wp\/v2\/categories?post=64561"},{"taxonomy":"post_tag","embeddable":true,"href":"http:\/\/www.eloriente.net\/home\/wp-json\/wp\/v2\/tags?post=64561"}],"curies":[{"name":"wp","href":"https:\/\/api.w.org\/{rel}","templated":true}]}}