{"id":6465,"date":"2012-12-25T10:39:17","date_gmt":"2012-12-25T16:39:17","guid":{"rendered":"http:\/\/www.eloriente.net\/home\/?p=6465"},"modified":"2013-01-15T09:48:35","modified_gmt":"2013-01-15T15:48:35","slug":"convocatoria-riviera-maya-film-festival-2013","status":"publish","type":"post","link":"http:\/\/www.eloriente.net\/home\/2012\/12\/25\/convocatoria-riviera-maya-film-festival-2013\/","title":{"rendered":"Convocatoria Riviera Maya Film Festival 2013"},"content":{"rendered":"<p>eloriente.net<\/p>\n<p>25 de diciembre de 2012<\/p>\n<p>eloriente.net (Oaxaca, Oax.) 25 de diciembre de 2012.- Del 21 al 27 de abril de 2013 se celebrar\u00e1 en Playa del Carmen, Tulum, Canc\u00fan, Isla Holbox y Puerto Morelos, la segunda edici\u00f3n del Riviera Maya Film Fest, el cual ha lanzado la convocatoria a cineastas mexicanos para participar en diferentes categor\u00edas.<\/p>\n<p>Las Categor\u00edas en las que se puede concursar son:<\/p>\n<ul>\n<li><strong><strong><em>Plataforma Mexicana.\u00a0<\/em><\/strong><\/strong>Se recibir\u00e1n pel\u00edculas\u00a0de largometraje ficci\u00f3n\u00a0y documental con una\u00a0duraci\u00f3n m\u00ednima de 60\u00a0minutos realizadas en 2012.La cinta\u00a0ganadora recibir\u00e1 $300,000.00 que deber\u00e1 destinarse a gastos de promoci\u00f3n y\u00a0distribuci\u00f3n de la misma.<\/li>\n<\/ul>\n<p>Para consultar las bases completas de esta categor\u00eda pueden dar click en el siguiente enlace: <a href=\"http:\/\/www.convocatorias.rmff.mx\/pdf\/PlataformaMexicana.pdf\" target=\"_blank\">PLATAFORMA MEXICANA<\/a><\/p>\n<ul>\n<li><strong><em>Riviera LAB \/ Foro de Coproducci\u00f3n<\/em><\/strong>. Proyectos mexicanos e\u00a0internacionales de largometraje de ficci\u00f3n o documental, en etapas tempranas\u00a0de desarrollo. Un m\u00e1ximo de 10 proyectos ser\u00e1n seleccionados. Los productores\u00a0y directores de estos proyectos ser\u00e1n invitados al Festival donde\u00a0presentar\u00e1n su proyecto ante un foro de representantes internacionales de la industria audiovisual, para posteriormente cumplir\u00a0una agenda de encuentros individuales (one to one) con los profesionales de la industria internacional presentes en Rivieralab.\u00a0El proyecto ganador recibir\u00e1 $200,000.00 para la consolidaci\u00f3n de\u00a0un plan de financiamiento.<\/li>\n<\/ul>\n<div>Para consultar las bases completas de esta categor\u00eda pueden dar click en el siguiente enlace:\u00a0<a href=\"http:\/\/www.convocatorias.rmff.mx\/pdf\/RivieraLAB1.pdf\" target=\"_blank\">FORO DE COPRODUCCI\u00d3N<\/a><\/div>\n<div><\/div>\n<ul>\n<li><strong><em>Riviera LAB \/ Work in Progress.<\/em><\/strong>\u00a0Proyectos mexicanos e\u00a0internacionales de largometraje ficci\u00f3n o documental, en etapa de post\u00a0producci\u00f3n.\u00a07 proyectos internacionales ser\u00e1n seleccionados. Los productores y\u00a0directores de estos proyectos ser\u00e1n invitados a Riviera Maya Film\u00a0Festival 2013 en donde presentar\u00e1n un corte del proyecto ante\u00a0un jurado y ante una audiencia de profesionales de la industria\u00a0audiovisual como invitados para considerar los proyectos de\u00a0RivieraLAB.\u00a0El proyecto ganador recibir\u00e1 $200,000.00 destinados a la\u00a0terminaci\u00f3n, promoci\u00f3n y distribuci\u00f3n del proyecto.<\/li>\n<\/ul>\n<p>Los trabajos ser\u00e1n recibidos hasta el d\u00eda 1 de febrero de 2013 a las 17:00 hrs.<\/p>\n<p>Para consultar las bases completas de esta categor\u00eda pueden dar click en el siguiente enlace: <a href=\"http:\/\/www.convocatorias.rmff.mx\/pdf\/RivieraLAB.pdf\" target=\"_blank\">WORK IN PROGRESS<\/a><\/p>\n<p>&nbsp;<\/p>\n\n\t\t\t  <div \n\t\t\t  \tclass = \"fb-comments\" \n\t\t\t  \tdata-href = \"http:\/\/www.eloriente.net\/home\/2012\/12\/25\/convocatoria-riviera-maya-film-festival-2013\/\"\n\t\t\t  \tdata-numposts = \"10\"\n\t\t\t\tdata-colorscheme = \"dark\"\n\t\t\t\tdata-order-by = \"social\"\n\t\t\t\tdata-mobile=true>\n\t\t\t  <\/div>\n\t\t  <style>\n\t\t\t.fb_iframe_widget_fluid_desktop iframe {\n\t\t\t    width: 100% !important;\n\t\t\t}\n\t\t  <\/style>\n\t\t  ","protected":false},"excerpt":{"rendered":"<p>eloriente.net 25 de diciembre de 2012 eloriente.net (Oaxaca, Oax.) 25 de diciembre de 2012.- Del 21 al 27 de abril de 2013 se celebrar\u00e1 en Playa del Carmen, Tulum, Canc\u00fan, Isla Holbox y Puerto Morelos, la segunda edici\u00f3n del Riviera Maya Film Fest, el cual ha lanzado la convocatoria a cineastas mexicanos para participar en [&hellip;]<\/p>\n","protected":false},"author":1,"featured_media":6466,"comment_status":"open","ping_status":"open","sticky":false,"template":"","format":"standard","meta":{"_jetpack_memberships_contains_paid_content":false,"footnotes":""},"categories":[26,32,10],"tags":[],"class_list":["post-6465","post","type-post","status-publish","format-standard","has-post-thumbnail","hentry","category-convocatorias","category-entradas","category-lo-mas-reciente"],"jetpack_featured_media_url":"http:\/\/www.eloriente.net\/home\/wp-content\/uploads\/2012\/12\/RivieraLABHome.jpg","jetpack_sharing_enabled":true,"_links":{"self":[{"href":"http:\/\/www.eloriente.net\/home\/wp-json\/wp\/v2\/posts\/6465"}],"collection":[{"href":"http:\/\/www.eloriente.net\/home\/wp-json\/wp\/v2\/posts"}],"about":[{"href":"http:\/\/www.eloriente.net\/home\/wp-json\/wp\/v2\/types\/post"}],"author":[{"embeddable":true,"href":"http:\/\/www.eloriente.net\/home\/wp-json\/wp\/v2\/users\/1"}],"replies":[{"embeddable":true,"href":"http:\/\/www.eloriente.net\/home\/wp-json\/wp\/v2\/comments?post=6465"}],"version-history":[{"count":3,"href":"http:\/\/www.eloriente.net\/home\/wp-json\/wp\/v2\/posts\/6465\/revisions"}],"predecessor-version":[{"id":6468,"href":"http:\/\/www.eloriente.net\/home\/wp-json\/wp\/v2\/posts\/6465\/revisions\/6468"}],"wp:featuredmedia":[{"embeddable":true,"href":"http:\/\/www.eloriente.net\/home\/wp-json\/wp\/v2\/media\/6466"}],"wp:attachment":[{"href":"http:\/\/www.eloriente.net\/home\/wp-json\/wp\/v2\/media?parent=6465"}],"wp:term":[{"taxonomy":"category","embeddable":true,"href":"http:\/\/www.eloriente.net\/home\/wp-json\/wp\/v2\/categories?post=6465"},{"taxonomy":"post_tag","embeddable":true,"href":"http:\/\/www.eloriente.net\/home\/wp-json\/wp\/v2\/tags?post=6465"}],"curies":[{"name":"wp","href":"https:\/\/api.w.org\/{rel}","templated":true}]}}