{"id":64650,"date":"2021-06-10T10:21:07","date_gmt":"2021-06-10T16:21:07","guid":{"rendered":"http:\/\/www.eloriente.net\/home\/?p=64650"},"modified":"2021-06-16T08:18:38","modified_gmt":"2021-06-16T14:18:38","slug":"eventos-digitales-en-cultura-politica-y-ciudades-del-10-al-16-de-junio-de-2021","status":"publish","type":"post","link":"http:\/\/www.eloriente.net\/home\/2021\/06\/10\/eventos-digitales-en-cultura-politica-y-ciudades-del-10-al-16-de-junio-de-2021\/","title":{"rendered":"Eventos digitales en cultura, pol\u00edtica y ciudades del 10 al 23 de junio de 2021"},"content":{"rendered":"<p><center><script async src=\"https:\/\/pagead2.googlesyndication.com\/pagead\/js\/adsbygoogle.js\"><\/script><br \/>\n<!-- BANNER ELORIENTE INCRUSTADO NOTAS --><br \/>\n<ins class=\"adsbygoogle\" style=\"display: inline-block; width: 300px; height: 250px;\" data-ad-client=\"ca-pub-1136171134853753\" data-ad-slot=\"7974633627\"><\/ins><br \/>\n<script>\n     (adsbygoogle = window.adsbygoogle || []).push({});\n<\/script><center>\u00a0<\/center><\/center><strong>TE SUGERIMOS VOLVER PERI\u00d3DICAMENTE PARA VERIFICAR NUEVOS EVENTOS AGREGADOS.<\/strong><\/p>\n<p>Nos apasiona la inteligencia, las grandes posibilidades del encuentro. Por eso, en eloriente.net te compartimos para que sigas aqu\u00ed, una agenda de eventos sugeridos por nuestra redacci\u00f3n para que, juntos, potenciemos talentos y ciudades.<\/p>\n<p>Bienvenida y bienvenido a este Puerto Digital donde disfrutamos tu compa\u00f1\u00eda.<\/p>\n<p>Recuerda segur todas las plataformas con contenido distinto cada una. Porque cada uno no es uno solo:<\/p>\n<p class=\"p1\">Suscr\u00edbete al canal ELORIENTE.NET en YOUTUBE aqu\u00ed: <a href=\"https:\/\/www.youtube.com\/elorienteaudi\" target=\"_blank\" rel=\"noopener\"><span class=\"s1\">https:\/\/www.youtube.com\/elorienteaudi<\/span><\/a>&#8230;<\/p>\n<p class=\"p2\"><span class=\"s2\">Mira eloriente.net en FACEBOOK aqu\u00ed: <a href=\"https:\/\/www.youtube.com\/redirect?q=https%3A%2F%2Fwww.facebook.com%2Feloriente.net%2F&amp;redir_token=tV_h5AG7J146cn0FnUhw5XAbChd8MTU4Nzg1MTQ2MEAxNTg3NzY1MDYw&amp;event=video_description&amp;v=NYxMJikZI5k\" target=\"_blank\" rel=\"noopener\"><span class=\"s1\">https:\/\/www.facebook.com\/eloriente.net\/<\/span><\/a><\/span><\/p>\n<p class=\"p1\">Sigue eloriente.net en TWITTER aqu\u00ed: <a href=\"https:\/\/www.youtube.com\/redirect?q=https%3A%2F%2Ftwitter.com%2FEl_Oriente&amp;redir_token=tV_h5AG7J146cn0FnUhw5XAbChd8MTU4Nzg1MTQ2MEAxNTg3NzY1MDYw&amp;event=video_description&amp;v=NYxMJikZI5k\" target=\"_blank\" rel=\"noopener\"><span class=\"s1\">https:\/\/twitter.com\/El_Oriente<\/span><\/a><\/p>\n<p class=\"p1\">Sigue eloriente.net en INSTAGRAM aqu\u00ed: <a href=\"https:\/\/www.instagram.com\/el.oriente\/\" target=\"_blank\" rel=\"noopener\"><span class=\"s1\">https:\/\/www.instagram.com\/el.oriente\/<\/span><\/a><\/p>\n<p class=\"p1\">Suscr\u00edbete a nuestro canal de Telegram: https\/\/<a href=\"http:\/\/t.me\/eloriente\" target=\"_blank\" rel=\"noopener\"><span class=\"s1\">t.me\/eloriente<\/span><\/a><\/p>\n<p class=\"p1\">Para recibir correos o enviarlos a eloriente.net, escribe a: direccioneditorial@eloriente.net<\/p>\n<h2><strong>JUEVES 23 DE JUNIO DE 2021<\/strong><\/h2>\n<h3>16:00<\/h3>\n<h3>COLOQUIO ECOLOG\u00cdAS CEREBRALES:<\/h3>\n<p><span class=\"text-span-37\">Dia\u0301logos entre neurociencias, arte y cultura<br \/>\n<\/span><span class=\"text-span-38\">EDICI\u00d3N 2021<br \/>\n<\/span><span class=\"text-span-39\">COORDINADORES: Dra. Ximena Gonza\u0301lez Grando\u0301n, Dr. Jesu\u0301s Rami\u0301rez-Bermu\u0301dez<\/span><\/p>\n<p>Ecolog\u00edas cerebrales: di\u00e1logos entre neurociencias, arte y cultura\u00bb es un espacio de di\u00e1logo y reflexi\u00f3n que aborda una visi\u00f3n compleja y relacional entre nuestro cuerpo, la sociedad y el ambiente, desde una perspectiva transdisciplinaria.<\/p>\n<p>Al dar continuidad a algunas de las investigaciones m\u00e1s representativas de la segunda edici\u00f3n del Diplomado en Neurociencias, Arte y Cultura, estos di\u00e1logos pretenden reforzar, a trav\u00e9s de la participaci\u00f3n de un p\u00fablico cada vez m\u00e1s amplio, la construcci\u00f3n de este fascinante y novedoso campo en el que se cruzan las neurociencias, las artes y la cultura.<\/p>\n<p><a href=\"http:\/\/www.eloriente.net\/home\/wp-content\/uploads\/2021\/06\/COLOQUIO-ECOLOGI\u0301AS-CEREBRALES-eloriente.net-UNAM.png\"><img loading=\"lazy\" decoding=\"async\" class=\"alignnone size-large wp-image-64656\" src=\"http:\/\/www.eloriente.net\/home\/wp-content\/uploads\/2021\/06\/COLOQUIO-ECOLOGI\u0301AS-CEREBRALES-eloriente.net-UNAM-1024x647.png\" alt=\"\" width=\"640\" height=\"404\" srcset=\"http:\/\/www.eloriente.net\/home\/wp-content\/uploads\/2021\/06\/COLOQUIO-ECOLOGI\u0301AS-CEREBRALES-eloriente.net-UNAM-1024x647.png 1024w, http:\/\/www.eloriente.net\/home\/wp-content\/uploads\/2021\/06\/COLOQUIO-ECOLOGI\u0301AS-CEREBRALES-eloriente.net-UNAM-300x189.png 300w, http:\/\/www.eloriente.net\/home\/wp-content\/uploads\/2021\/06\/COLOQUIO-ECOLOGI\u0301AS-CEREBRALES-eloriente.net-UNAM-768x485.png 768w, http:\/\/www.eloriente.net\/home\/wp-content\/uploads\/2021\/06\/COLOQUIO-ECOLOGI\u0301AS-CEREBRALES-eloriente.net-UNAM-696x440.png 696w, http:\/\/www.eloriente.net\/home\/wp-content\/uploads\/2021\/06\/COLOQUIO-ECOLOGI\u0301AS-CEREBRALES-eloriente.net-UNAM-1068x675.png 1068w, http:\/\/www.eloriente.net\/home\/wp-content\/uploads\/2021\/06\/COLOQUIO-ECOLOGI\u0301AS-CEREBRALES-eloriente.net-UNAM-665x420.png 665w, http:\/\/www.eloriente.net\/home\/wp-content\/uploads\/2021\/06\/COLOQUIO-ECOLOGI\u0301AS-CEREBRALES-eloriente.net-UNAM-600x379.png 600w\" sizes=\"(max-width: 640px) 100vw, 640px\" \/><\/a><\/p>\n<p>M\u00e1s, da <a href=\"http:\/\/dia\u0301logos entre neurociencias, arte y cultura EDICI\u00d3N 2021 COORDINADORES: Dra. Ximena Gonza\u0301lez Grando\u0301n, Dr. Jesu\u0301s Rami\u0301rez-Bermu\u0301dez\" target=\"_blank\" rel=\"noopener\">CLICK AQU\u00cd<\/a><\/p>\n<h2><strong>JUEVES 17 DE JUNIO DE 2021<\/strong><\/h2>\n<p>17:00<\/p>\n<p>Seis especialistas en historia del arte se re\u00fanen para conversar sobre La Conquista en el arte mexicano.<\/p>\n<p>Un tema central para explicarse a\u00fan en nuestro siglo el encuentro entre tradiciones entre mundos.<\/p>\n<p><iframe loading=\"lazy\" title=\"YouTube video player\" src=\"https:\/\/www.youtube.com\/embed\/dtyOYXoM0JE\" width=\"560\" height=\"315\" frameborder=\"0\" allowfullscreen=\"allowfullscreen\"><\/iframe><\/p>\n<h2><strong><a href=\"http:\/\/www.eloriente.net\/home\/wp-content\/uploads\/2021\/06\/Encuentro-de-tradiciones-entre-mundos-500-an\u0303os-de-arte-popular.jpeg\"><img loading=\"lazy\" decoding=\"async\" class=\"alignnone size-large wp-image-64674\" src=\"http:\/\/www.eloriente.net\/home\/wp-content\/uploads\/2021\/06\/Encuentro-de-tradiciones-entre-mundos-500-an\u0303os-de-arte-popular-1024x1024.jpeg\" alt=\"\" width=\"640\" height=\"640\" srcset=\"http:\/\/www.eloriente.net\/home\/wp-content\/uploads\/2021\/06\/Encuentro-de-tradiciones-entre-mundos-500-an\u0303os-de-arte-popular-1024x1024.jpeg 1024w, http:\/\/www.eloriente.net\/home\/wp-content\/uploads\/2021\/06\/Encuentro-de-tradiciones-entre-mundos-500-an\u0303os-de-arte-popular-150x150.jpeg 150w, http:\/\/www.eloriente.net\/home\/wp-content\/uploads\/2021\/06\/Encuentro-de-tradiciones-entre-mundos-500-an\u0303os-de-arte-popular-300x300.jpeg 300w, http:\/\/www.eloriente.net\/home\/wp-content\/uploads\/2021\/06\/Encuentro-de-tradiciones-entre-mundos-500-an\u0303os-de-arte-popular-768x768.jpeg 768w, http:\/\/www.eloriente.net\/home\/wp-content\/uploads\/2021\/06\/Encuentro-de-tradiciones-entre-mundos-500-an\u0303os-de-arte-popular-696x696.jpeg 696w, http:\/\/www.eloriente.net\/home\/wp-content\/uploads\/2021\/06\/Encuentro-de-tradiciones-entre-mundos-500-an\u0303os-de-arte-popular-1068x1068.jpeg 1068w, http:\/\/www.eloriente.net\/home\/wp-content\/uploads\/2021\/06\/Encuentro-de-tradiciones-entre-mundos-500-an\u0303os-de-arte-popular-420x420.jpeg 420w, http:\/\/www.eloriente.net\/home\/wp-content\/uploads\/2021\/06\/Encuentro-de-tradiciones-entre-mundos-500-an\u0303os-de-arte-popular-600x600.jpeg 600w, http:\/\/www.eloriente.net\/home\/wp-content\/uploads\/2021\/06\/Encuentro-de-tradiciones-entre-mundos-500-an\u0303os-de-arte-popular-100x100.jpeg 100w, http:\/\/www.eloriente.net\/home\/wp-content\/uploads\/2021\/06\/Encuentro-de-tradiciones-entre-mundos-500-an\u0303os-de-arte-popular.jpeg 1417w\" sizes=\"(max-width: 640px) 100vw, 640px\" \/><\/a><\/strong><\/h2>\n<p>M\u00e1s, da <a href=\"https:\/\/twitter.com\/IIEs_UNAM\/status\/1403457427538862090\/photo\/2\" target=\"_blank\" rel=\"noopener\">CLICK AQU\u00cd<\/a><\/p>\n<h2><script async src=\"https:\/\/pagead2.googlesyndication.com\/pagead\/js\/adsbygoogle.js\"><\/script><br \/>\n<ins class=\"adsbygoogle\" style=\"display: block; text-align: center;\" data-ad-layout=\"in-article\" data-ad-format=\"fluid\" data-ad-client=\"ca-pub-1136171134853753\" data-ad-slot=\"4724569608\"><\/ins><br \/>\n<script>\n     (adsbygoogle = window.adsbygoogle || []).push({});\n<\/script><\/h2>\n<h2><strong>MIERCOLES 16 DE JUNIO DE 2021<\/strong><\/h2>\n<p>18:00<\/p>\n<p>Abre la D\u00e9cima Edici\u00f3n del FILBA en la Argentina. Una cita imperdible con la literatura, que ahora, puede seguirse en l\u00ednea y completamente gratuito.<\/p>\n<p>El discurso inicial estar\u00e1 a cargo de Mar\u00eda Teresa Andruetto.<\/p>\n<p>\u00abSin poder viajar f\u00edsicamente, lo hacemos con la imaginaci\u00f3n: nos reencontramos con los poemas de Olga Orozco y de Bustriazo Ortiz; conocemos y leemos a los narradores y cronistas j\u00f3venes de La Pampa.<\/p>\n<p>A pesar de la distancia, creemos que llegamos al esp\u00edritu de la ciudad de Santa Rosa y eso es lo que plasmamos en este programa: \u00bfc\u00f3mo es habitar un lugar que siempre est\u00e1 como \u201cde paso\u201d para ir a otro lado? \u00bfC\u00f3mo se mira de cerca un espacio de aparente vac\u00edo? \u00bfLo ins\u00f3lito puede ser materia literaria de todos los d\u00edas? \u00bfQu\u00e9 le contar\u00edamos a Olga Orozco si la tuvi\u00e9semos en frente nuestro? Preguntas que se hacen lxs grandes y tambi\u00e9n lxs ni\u00f1xs que se acercan al festival\u00bb.<\/p>\n<p><iframe loading=\"lazy\" title=\"YouTube video player\" src=\"https:\/\/www.youtube.com\/embed\/Ng4w01Jd-oo\" width=\"560\" height=\"315\" frameborder=\"0\" allowfullscreen=\"allowfullscreen\"><\/iframe><\/p>\n<p>M\u00c1S, da click <a href=\"https:\/\/filba.org.ar\/filba-nacional\/festival-nacional-santa-rosa-2021_111\" target=\"_blank\" rel=\"noopener\">AQU\u00cd<\/a>.<\/p>\n<h2><script async src=\"https:\/\/pagead2.googlesyndication.com\/pagead\/js\/adsbygoogle.js\"><\/script><br \/>\n<ins class=\"adsbygoogle\" style=\"display: block; text-align: center;\" data-ad-layout=\"in-article\" data-ad-format=\"fluid\" data-ad-client=\"ca-pub-1136171134853753\" data-ad-slot=\"4724569608\"><\/ins><br \/>\n<script>\n     (adsbygoogle = window.adsbygoogle || []).push({});\n<\/script><\/h2>\n<h2><strong>MARTES 15 DE JUNIO DE 2021<\/strong><\/h2>\n<p>18:00<\/p>\n<p>Si est\u00e1s interesado en la apreciaci\u00f3n m\u00e1s profunda y t\u00e9cnica del cine, entonces este ciclo es para ti, pues el Espacio Cultural San L\u00e1zaro ha organizado una serie de pl\u00e1ticas abiertas con expertos en Sonido, Direcci\u00f3n, Producci\u00f3n, Actuaci\u00f3n, Fotograf\u00eda y Guionismo.<\/p>\n<p>En el caso del 15 de junio, estar\u00e1 Leticia Huijara para hablar sobre Actuaci\u00f3n.<\/p>\n<p><a href=\"http:\/\/www.eloriente.net\/home\/wp-content\/uploads\/2021\/06\/Pla\u0301sticas-Abiertas-Espacio-Cultural-San-La\u0301zaro.jpeg\"><img loading=\"lazy\" decoding=\"async\" class=\"alignnone size-large wp-image-64666\" src=\"http:\/\/www.eloriente.net\/home\/wp-content\/uploads\/2021\/06\/Pla\u0301sticas-Abiertas-Espacio-Cultural-San-La\u0301zaro-706x1024.jpeg\" alt=\"\" width=\"640\" height=\"928\" srcset=\"http:\/\/www.eloriente.net\/home\/wp-content\/uploads\/2021\/06\/Pla\u0301sticas-Abiertas-Espacio-Cultural-San-La\u0301zaro-706x1024.jpeg 706w, http:\/\/www.eloriente.net\/home\/wp-content\/uploads\/2021\/06\/Pla\u0301sticas-Abiertas-Espacio-Cultural-San-La\u0301zaro-207x300.jpeg 207w, http:\/\/www.eloriente.net\/home\/wp-content\/uploads\/2021\/06\/Pla\u0301sticas-Abiertas-Espacio-Cultural-San-La\u0301zaro-768x1113.jpeg 768w, http:\/\/www.eloriente.net\/home\/wp-content\/uploads\/2021\/06\/Pla\u0301sticas-Abiertas-Espacio-Cultural-San-La\u0301zaro-696x1009.jpeg 696w, http:\/\/www.eloriente.net\/home\/wp-content\/uploads\/2021\/06\/Pla\u0301sticas-Abiertas-Espacio-Cultural-San-La\u0301zaro-290x420.jpeg 290w, http:\/\/www.eloriente.net\/home\/wp-content\/uploads\/2021\/06\/Pla\u0301sticas-Abiertas-Espacio-Cultural-San-La\u0301zaro-600x870.jpeg 600w, http:\/\/www.eloriente.net\/home\/wp-content\/uploads\/2021\/06\/Pla\u0301sticas-Abiertas-Espacio-Cultural-San-La\u0301zaro.jpeg 883w\" sizes=\"(max-width: 640px) 100vw, 640px\" \/><\/a><\/p>\n<h2><script async src=\"https:\/\/pagead2.googlesyndication.com\/pagead\/js\/adsbygoogle.js\"><\/script><br \/>\n<ins class=\"adsbygoogle\" style=\"display: block; text-align: center;\" data-ad-layout=\"in-article\" data-ad-format=\"fluid\" data-ad-client=\"ca-pub-1136171134853753\" data-ad-slot=\"4724569608\"><\/ins><br \/>\n<script>\n     (adsbygoogle = window.adsbygoogle || []).push({});\n<\/script><\/h2>\n<h2><strong>VIERNES 11 DE JUNIO DE 2021<\/strong><\/h2>\n<h3>18:00 HORAS<\/h3>\n<h3>POETAS DEL PA\u00cdS DE SOMBRA Y FUEGO<\/h3>\n<p><span class=\"css-901oao css-16my406 r-poiln3 r-bcqeeo r-qvutc0\">Sesi\u00f3n de clausura en la que poetas destacados reflexionar\u00e1n sobre Ram\u00f3n L\u00f3pez Velarde y su obra a la luz del siglo XXI. Coordina el poeta Vicente Quirarte, modera Jorge Esquinca y participan poetas destacados de todo el pa\u00eds.<\/span><\/p>\n<p><span class=\"css-901oao css-16my406 r-poiln3 r-bcqeeo r-qvutc0\">EN L\u00cdNEA a trav\u00e9s de El Colegio Nacional:\u00a0<\/span><a class=\"css-4rbku5 css-18t94o4 css-901oao css-16my406 r-1n1174f r-1loqt21 r-poiln3 r-bcqeeo r-qvutc0\" dir=\"ltr\" role=\"link\" href=\"https:\/\/t.co\/5I3hNrYnPU?amp=1\" target=\"_blank\" rel=\"noopener noreferrer\"><span class=\"css-901oao css-16my406 r-poiln3 r-hiw28u r-qvk6io r-bcqeeo r-qvutc0\" aria-hidden=\"true\">http:\/\/<\/span>bit.ly\/3yV2Dc1<\/a><\/p>\n<p><iframe loading=\"lazy\" title=\"YouTube video player\" src=\"https:\/\/www.youtube.com\/embed\/QGwOuuY1yLk\" width=\"560\" height=\"315\" frameborder=\"0\" allowfullscreen=\"allowfullscreen\"><\/iframe><\/p>\n<p><a href=\"http:\/\/www.eloriente.net\/home\/wp-content\/uploads\/2021\/06\/MESA-REDONDA-Poetas-del-Pai\u0301s-de-Sombra-y-Fuego.jpeg\"><img loading=\"lazy\" decoding=\"async\" class=\"alignnone size-large wp-image-64651\" src=\"http:\/\/www.eloriente.net\/home\/wp-content\/uploads\/2021\/06\/MESA-REDONDA-Poetas-del-Pai\u0301s-de-Sombra-y-Fuego-1024x576.jpeg\" alt=\"\" width=\"640\" height=\"360\" srcset=\"http:\/\/www.eloriente.net\/home\/wp-content\/uploads\/2021\/06\/MESA-REDONDA-Poetas-del-Pai\u0301s-de-Sombra-y-Fuego-1024x576.jpeg 1024w, http:\/\/www.eloriente.net\/home\/wp-content\/uploads\/2021\/06\/MESA-REDONDA-Poetas-del-Pai\u0301s-de-Sombra-y-Fuego-300x169.jpeg 300w, http:\/\/www.eloriente.net\/home\/wp-content\/uploads\/2021\/06\/MESA-REDONDA-Poetas-del-Pai\u0301s-de-Sombra-y-Fuego-768x432.jpeg 768w, http:\/\/www.eloriente.net\/home\/wp-content\/uploads\/2021\/06\/MESA-REDONDA-Poetas-del-Pai\u0301s-de-Sombra-y-Fuego-696x392.jpeg 696w, http:\/\/www.eloriente.net\/home\/wp-content\/uploads\/2021\/06\/MESA-REDONDA-Poetas-del-Pai\u0301s-de-Sombra-y-Fuego-1068x601.jpeg 1068w, http:\/\/www.eloriente.net\/home\/wp-content\/uploads\/2021\/06\/MESA-REDONDA-Poetas-del-Pai\u0301s-de-Sombra-y-Fuego-746x420.jpeg 746w, http:\/\/www.eloriente.net\/home\/wp-content\/uploads\/2021\/06\/MESA-REDONDA-Poetas-del-Pai\u0301s-de-Sombra-y-Fuego-600x338.jpeg 600w, http:\/\/www.eloriente.net\/home\/wp-content\/uploads\/2021\/06\/MESA-REDONDA-Poetas-del-Pai\u0301s-de-Sombra-y-Fuego.jpeg 1667w\" sizes=\"(max-width: 640px) 100vw, 640px\" \/><\/a><\/p>\n<p>M\u00e1s, <a href=\"https:\/\/twitter.com\/ColegioNal_mx\/status\/1402974204652367872\" target=\"_blank\" rel=\"noopener\">da click AQUI.<\/a><\/p>\n<p>&nbsp;<\/p>\n<p><script async src=\"https:\/\/pagead2.googlesyndication.com\/pagead\/js\/adsbygoogle.js\"><\/script><br \/>\n<ins class=\"adsbygoogle\" style=\"display: block;\" data-ad-format=\"autorelaxed\" data-ad-client=\"ca-pub-1136171134853753\" data-ad-slot=\"4595267748\"><\/ins><br \/>\n<script>\n     (adsbygoogle = window.adsbygoogle || []).push({});\n<\/script><\/p>\n\n\t\t\t  <div \n\t\t\t  \tclass = \"fb-comments\" \n\t\t\t  \tdata-href = \"http:\/\/www.eloriente.net\/home\/2021\/06\/10\/eventos-digitales-en-cultura-politica-y-ciudades-del-10-al-16-de-junio-de-2021\/\"\n\t\t\t  \tdata-numposts = \"10\"\n\t\t\t\tdata-colorscheme = \"dark\"\n\t\t\t\tdata-order-by = \"social\"\n\t\t\t\tdata-mobile=true>\n\t\t\t  <\/div>\n\t\t  <style>\n\t\t\t.fb_iframe_widget_fluid_desktop iframe {\n\t\t\t    width: 100% !important;\n\t\t\t}\n\t\t  <\/style>\n\t\t  ","protected":false},"excerpt":{"rendered":"<p>\u00a0TE SUGERIMOS VOLVER PERI\u00d3DICAMENTE PARA VERIFICAR NUEVOS EVENTOS AGREGADOS. Nos apasiona la inteligencia, las grandes posibilidades del encuentro. Por eso, en eloriente.net te compartimos para que sigas aqu\u00ed, una agenda de eventos sugeridos por nuestra redacci\u00f3n para que, juntos, potenciemos talentos y ciudades. Bienvenida y bienvenido a este Puerto Digital donde disfrutamos tu compa\u00f1\u00eda. Recuerda [&hellip;]<\/p>\n","protected":false},"author":1,"featured_media":64652,"comment_status":"open","ping_status":"open","sticky":false,"template":"","format":"standard","meta":{"_jetpack_memberships_contains_paid_content":false,"footnotes":""},"categories":[8,5,4300,18,32,13,63,10504,10],"tags":[12280,12282,241,3121,12281,12283],"class_list":["post-64650","post","type-post","status-publish","format-standard","has-post-thumbnail","hentry","category-agenda","category-canal-3-musica","category-comunicacion","category-educacion-y-cultura","category-entradas","category-especiales","category-estados","category-las-ultimas-12","category-lo-mas-reciente","tag-agenda-digital","tag-artes-y-ciudades","tag-cultura","tag-eloriente-net","tag-eventos-digitales","tag-transmisiones-especiales"],"jetpack_featured_media_url":"http:\/\/www.eloriente.net\/home\/wp-content\/uploads\/2021\/06\/Resultados-2.png","jetpack_sharing_enabled":true,"_links":{"self":[{"href":"http:\/\/www.eloriente.net\/home\/wp-json\/wp\/v2\/posts\/64650"}],"collection":[{"href":"http:\/\/www.eloriente.net\/home\/wp-json\/wp\/v2\/posts"}],"about":[{"href":"http:\/\/www.eloriente.net\/home\/wp-json\/wp\/v2\/types\/post"}],"author":[{"embeddable":true,"href":"http:\/\/www.eloriente.net\/home\/wp-json\/wp\/v2\/users\/1"}],"replies":[{"embeddable":true,"href":"http:\/\/www.eloriente.net\/home\/wp-json\/wp\/v2\/comments?post=64650"}],"version-history":[{"count":5,"href":"http:\/\/www.eloriente.net\/home\/wp-json\/wp\/v2\/posts\/64650\/revisions"}],"predecessor-version":[{"id":64683,"href":"http:\/\/www.eloriente.net\/home\/wp-json\/wp\/v2\/posts\/64650\/revisions\/64683"}],"wp:featuredmedia":[{"embeddable":true,"href":"http:\/\/www.eloriente.net\/home\/wp-json\/wp\/v2\/media\/64652"}],"wp:attachment":[{"href":"http:\/\/www.eloriente.net\/home\/wp-json\/wp\/v2\/media?parent=64650"}],"wp:term":[{"taxonomy":"category","embeddable":true,"href":"http:\/\/www.eloriente.net\/home\/wp-json\/wp\/v2\/categories?post=64650"},{"taxonomy":"post_tag","embeddable":true,"href":"http:\/\/www.eloriente.net\/home\/wp-json\/wp\/v2\/tags?post=64650"}],"curies":[{"name":"wp","href":"https:\/\/api.w.org\/{rel}","templated":true}]}}