{"id":64658,"date":"2021-06-10T11:22:48","date_gmt":"2021-06-10T17:22:48","guid":{"rendered":"http:\/\/www.eloriente.net\/home\/?p=64658"},"modified":"2021-06-10T11:26:13","modified_gmt":"2021-06-10T17:26:13","slug":"reabre-actividad-en-museo-universitario-de-arte-contemporaneo-y-3-librerias","status":"publish","type":"post","link":"http:\/\/www.eloriente.net\/home\/2021\/06\/10\/reabre-actividad-en-museo-universitario-de-arte-contemporaneo-y-3-librerias\/","title":{"rendered":"Reabre actividad en Museo Universitario de Arte Contempor\u00e1neo y 3 librer\u00edas"},"content":{"rendered":"<p><center><script async src=\"https:\/\/pagead2.googlesyndication.com\/pagead\/js\/adsbygoogle.js\"><\/script><br \/>\n<!-- BANNER ELORIENTE INCRUSTADO NOTAS --><br \/>\n<ins class=\"adsbygoogle\" style=\"display: inline-block; width: 300px; height: 250px;\" data-ad-client=\"ca-pub-1136171134853753\" data-ad-slot=\"7974633627\"><\/ins><br \/>\n<script>\n     (adsbygoogle = window.adsbygoogle || []).push({});\n<\/script><center>\u00a0<\/center><\/center><\/p>\n<p style=\"text-align: right;\"><a href=\"https:\/\/www.gaceta.unam.mx\/inicia-el-muac-actividades-presenciales-con-tres-exposiciones\/\" target=\"_blank\" rel=\"noopener\">Gaceta Unam<\/a><\/p>\n<p>La Universidad Nacional comienza un regreso paulatino y escalonado a sus actividades culturales presenciales. El Museo Universitario Arte Contempor\u00e1neo (MUAC) y tres librer\u00edas ubicadas en diversos puntos de Ciudad de M\u00e9xico ser\u00e1n los primeros espacios en abrirse al p\u00fablico este mes de junio.<\/p>\n<p>A fin de dar prioridad al cuidado sanitario de la comunidad universitaria y de sus visitantes, la Coordinaci\u00f3n de Difusi\u00f3n Cultural proseguir\u00e1 con esta medida de manera gradual. Ser\u00e1 hasta agosto, tras el periodo vacacional de verano, que contin\u00fae la reapertura de espacios y recintos.<\/p>\n<p>Tanto en el MUAC como en las tres librer\u00edas que estar\u00e1n abiertas al p\u00fablico, los visitantes pasar\u00e1n por un filtro de seguridad sanitaria instalado en sus accesos. En \u00e9l se tomar\u00e1 la temperatura corporal y se ofrecer\u00e1 gel desinfectante. No se permitir\u00e1 el ingreso sin cubrebocas, que deber\u00e1 estar colocado adecuadamente cubriendo nariz y boca; se incentivar\u00e1, adem\u00e1s, en el caso de las librer\u00edas, el pago electr\u00f3nico para evitar el intercambio de efectivo. Ser\u00e1 necesario siempre, conservar una distancia de 1.8 metros entre personas, respetando la se\u00f1alizaci\u00f3n.<\/p>\n<p>La reapertura del MUAC y de la Librer\u00eda Julio Torri, ambos recintos ubicados en el Centro Cultural Universitario (CCU), se llevar\u00e1 a cabo el s\u00e1bado 12 de junio. El lugar estar\u00e1 en funciones de viernes a domingo, de 11 am a 5 pm. El programa Museo Seguro considera un aforo de 50 personas simult\u00e1neamente en sus diversas salas. El Centro de Investigaci\u00f3n Documental Arkheia permanecer\u00e1 cerrado hasta nuevo aviso.<\/p>\n<div class=\"fluid-width-video-wrapper\"><iframe loading=\"lazy\" title=\"YouTube video player\" src=\"https:\/\/www.youtube.com\/embed\/WDReIBe9rNU\" width=\"560\" height=\"315\" frameborder=\"0\" allowfullscreen=\"allowfullscreen\"><\/iframe><\/div>\n<h2><script async src=\"https:\/\/pagead2.googlesyndication.com\/pagead\/js\/adsbygoogle.js\"><\/script><br \/>\n<ins class=\"adsbygoogle\" style=\"display: block; text-align: center;\" data-ad-layout=\"in-article\" data-ad-format=\"fluid\" data-ad-client=\"ca-pub-1136171134853753\" data-ad-slot=\"4724569608\"><\/ins><br \/>\n<script>\n     (adsbygoogle = window.adsbygoogle || []).push({});\n<\/script><\/h2>\n<h2 class=\"subtitulo\">Colecci\u00f3n del museo<\/h2>\n<p><em>Cien del MUAC<\/em>\u00a0es la exposici\u00f3n de la colecci\u00f3n del museo con la que se recibir\u00e1 a los primeros visitantes. Con ella se propone al espectador un conjunto de obras que se consideran imprescindibles en la historia del arte reciente. El recinto se ofrece al p\u00fablico como un objeto m\u00faltiple guiado, m\u00e1s que por una tem\u00e1tica, por la relevancia que ciertas obras y ciertos autores tienen ya en nuestra conciencia del arte contempor\u00e1neo en M\u00e9xico.<\/p>\n<p><em>Chantal Akerman<\/em>.\u00a0<em>Desde el otro lado, fragmento<\/em>\u00a0es la videoinstalaci\u00f3n que estar\u00e1 montada en el auditorio del MUAC. Con la curadur\u00eda de Claire Atherton, la pieza est\u00e1 integrada por dos secciones: la primera es un fragmento del documental\u00a0<em>Desde el otro lado<\/em>, que la artista film\u00f3 en dos ciudades fronterizas contiguas: Douglas, Arizona, y Agua Prieta, Sonora, para reflexionar sobre los migrantes que cruzan a Estados Unidos a trav\u00e9s del desierto. La segunda secci\u00f3n es el registro de la pieza que la autora belga desarroll\u00f3 para\u00a0<em>Documenta 11<\/em>\u00a0y que consisti\u00f3 en montar una pantalla entre dos monta\u00f1as de la zona fronteriza para proyectar el final de ese trabajo f\u00edlmico.<\/p>\n<div class=\"fluid-width-video-wrapper\"><iframe loading=\"lazy\" title=\"YouTube video player\" src=\"https:\/\/www.youtube.com\/embed\/yu5xJIQ4FF0\" width=\"560\" height=\"315\" frameborder=\"0\" allowfullscreen=\"allowfullscreen\"><\/iframe><\/div>\n<div><\/div>\n<h3>Hybrida de Amor Mu\u00f1oz<\/h3>\n<div><\/div>\n<p>El proyecto<em>\u00a0Hybrida<\/em>, de la artista Amor Mu\u00f1oz, se exhibir\u00e1 hasta el 27 de junio en el corredor norte del MUAC. Cuenta con la curadur\u00eda de Cuauht\u00e9moc Medina y Jaime Gonz\u00e1lez Sol\u00eds y consiste en tres bioesculturas sonoras dentro de las cuales habita una variedad de organismos (colonias de bacterias y levaduras) y cuya supervivencia genera un proceso de fermentaci\u00f3n constante. Esta actividad metab\u00f3lica se transforma en datos electr\u00f3nicos mediante el uso de sensores que, a su vez, se expresan en una ambientaci\u00f3n sonora compuesta por sonidos g\u00e1stricos e intestinales. Se trata de una serie de est\u00edmulos auditivos que expresan procesos org\u00e1nicos mediados por una sensibilidad t\u00e9cnica.<\/p>\n<blockquote class=\"twitter-tweet\" data-theme=\"dark\">\n<p dir=\"ltr\" lang=\"es\">Buenas noticias! \ud83c\udf8a <a href=\"https:\/\/t.co\/OEcozxROdQ\">https:\/\/t.co\/OEcozxROdQ<\/a><\/p>\n<p>\u2014 Amor Munoz (@amormunozstudio) <a href=\"https:\/\/twitter.com\/amormunozstudio\/status\/1402387033914593280?ref_src=twsrc%5Etfw\">June 8, 2021<\/a><\/p><\/blockquote>\n<p><script async src=\"https:\/\/platform.twitter.com\/widgets.js\" charset=\"utf-8\"><\/script><\/p>\n<p>La Librer\u00eda Julio Torri permitir\u00e1 un m\u00e1ximo de tres personas en sus instalaciones. El horario para visitarla es de viernes a domingo, de 11 am a 5 pm.<\/p>\n<p>En el CCU estar\u00e1n abiertos al p\u00fablico los estacionamientos 3 y 4. Habr\u00e1 servicio de Pumab\u00fas desde la estaci\u00f3n Universidad del Metro.<\/p>\n<p><iframe loading=\"lazy\" src=\"https:\/\/www.facebook.com\/plugins\/video.php?height=476&amp;href=https%3A%2F%2Fwww.facebook.com%2FMUAC.UNAM%2Fvideos%2F583438508950435%2F&amp;show_text=false&amp;width=476&amp;t=0\" width=\"476\" height=\"476\" frameborder=\"0\" scrolling=\"no\" allowfullscreen=\"allowfullscreen\" data-mce-fragment=\"1\"><\/iframe><\/p>\n<h2><script async src=\"https:\/\/pagead2.googlesyndication.com\/pagead\/js\/adsbygoogle.js\"><\/script><br \/>\n<ins class=\"adsbygoogle\" style=\"display: block; text-align: center;\" data-ad-layout=\"in-article\" data-ad-format=\"fluid\" data-ad-client=\"ca-pub-1136171134853753\" data-ad-slot=\"4724569608\"><\/ins><br \/>\n<script>\n     (adsbygoogle = window.adsbygoogle || []).push({});\n<\/script><\/h2>\n<h2 class=\"subtitulo\">Otras librer\u00edas<\/h2>\n<p>La Librer\u00eda del Palacio de Miner\u00eda, ubicada en el n\u00famero 5 de la calle de Tacuba, en el Centro Hist\u00f3rico, abrir\u00e1 martes y mi\u00e9rcoles, de 9 am a 3 pm, y de jueves a s\u00e1bado, de 9 am a 8 pm.\u00a0<em>Un paseo por los libros<\/em>, ubicada en el pasaje Z\u00f3calo-Pino Su\u00e1rez del Metro, abrir\u00e1 sus puertas de lunes a viernes, de 9 am a 3 pm.<\/p>\n<p>Ambos espacios, que dependen de la Direcci\u00f3n General de Publicaciones y Fomento Editorial, ofrecer\u00e1n a todo su p\u00fablico, para celebrar la reapertura, descuentos de 50 por ciento en las ediciones de la UNAM, 25 por ciento en las coediciones, y 10 por ciento en revistas durante todo el mes de junio.<\/p>\n<p><script async src=\"https:\/\/pagead2.googlesyndication.com\/pagead\/js\/adsbygoogle.js\"><\/script><br \/>\n<ins class=\"adsbygoogle\" style=\"display: block;\" data-ad-format=\"autorelaxed\" data-ad-client=\"ca-pub-1136171134853753\" data-ad-slot=\"4595267748\"><\/ins><br \/>\n<script>\n     (adsbygoogle = window.adsbygoogle || []).push({});\n<\/script><\/p>\n\n\t\t\t  <div \n\t\t\t  \tclass = \"fb-comments\" \n\t\t\t  \tdata-href = \"http:\/\/www.eloriente.net\/home\/2021\/06\/10\/reabre-actividad-en-museo-universitario-de-arte-contemporaneo-y-3-librerias\/\"\n\t\t\t  \tdata-numposts = \"10\"\n\t\t\t\tdata-colorscheme = \"dark\"\n\t\t\t\tdata-order-by = \"social\"\n\t\t\t\tdata-mobile=true>\n\t\t\t  <\/div>\n\t\t  <style>\n\t\t\t.fb_iframe_widget_fluid_desktop iframe {\n\t\t\t    width: 100% !important;\n\t\t\t}\n\t\t  <\/style>\n\t\t  ","protected":false},"excerpt":{"rendered":"<p>\u00a0 Gaceta Unam La Universidad Nacional comienza un regreso paulatino y escalonado a sus actividades culturales presenciales. El Museo Universitario Arte Contempor\u00e1neo (MUAC) y tres librer\u00edas ubicadas en diversos puntos de Ciudad de M\u00e9xico ser\u00e1n los primeros espacios en abrirse al p\u00fablico este mes de junio. A fin de dar prioridad al cuidado sanitario de [&hellip;]<\/p>\n","protected":false},"author":1,"featured_media":64660,"comment_status":"open","ping_status":"open","sticky":false,"template":"","format":"standard","meta":{"_jetpack_memberships_contains_paid_content":false,"footnotes":""},"categories":[8,64,18,32,63,10504,10,24],"tags":[12284,12287,12285,12286,12288,683],"class_list":["post-64658","post","type-post","status-publish","format-standard","has-post-thumbnail","hentry","category-agenda","category-distrito-federal","category-educacion-y-cultura","category-entradas","category-estados","category-las-ultimas-12","category-lo-mas-reciente","category-mexico-y-el-mundo","tag-gaceta-unam","tag-libreria-julio-torri","tag-muac","tag-museo-de-arte-contemporaneo","tag-reapertura","tag-unam"],"jetpack_featured_media_url":"http:\/\/www.eloriente.net\/home\/wp-content\/uploads\/2021\/06\/Muac-Seguro.jpeg","jetpack_sharing_enabled":true,"_links":{"self":[{"href":"http:\/\/www.eloriente.net\/home\/wp-json\/wp\/v2\/posts\/64658"}],"collection":[{"href":"http:\/\/www.eloriente.net\/home\/wp-json\/wp\/v2\/posts"}],"about":[{"href":"http:\/\/www.eloriente.net\/home\/wp-json\/wp\/v2\/types\/post"}],"author":[{"embeddable":true,"href":"http:\/\/www.eloriente.net\/home\/wp-json\/wp\/v2\/users\/1"}],"replies":[{"embeddable":true,"href":"http:\/\/www.eloriente.net\/home\/wp-json\/wp\/v2\/comments?post=64658"}],"version-history":[{"count":1,"href":"http:\/\/www.eloriente.net\/home\/wp-json\/wp\/v2\/posts\/64658\/revisions"}],"predecessor-version":[{"id":64659,"href":"http:\/\/www.eloriente.net\/home\/wp-json\/wp\/v2\/posts\/64658\/revisions\/64659"}],"wp:featuredmedia":[{"embeddable":true,"href":"http:\/\/www.eloriente.net\/home\/wp-json\/wp\/v2\/media\/64660"}],"wp:attachment":[{"href":"http:\/\/www.eloriente.net\/home\/wp-json\/wp\/v2\/media?parent=64658"}],"wp:term":[{"taxonomy":"category","embeddable":true,"href":"http:\/\/www.eloriente.net\/home\/wp-json\/wp\/v2\/categories?post=64658"},{"taxonomy":"post_tag","embeddable":true,"href":"http:\/\/www.eloriente.net\/home\/wp-json\/wp\/v2\/tags?post=64658"}],"curies":[{"name":"wp","href":"https:\/\/api.w.org\/{rel}","templated":true}]}}