{"id":64669,"date":"2021-06-14T15:31:16","date_gmt":"2021-06-14T21:31:16","guid":{"rendered":"http:\/\/www.eloriente.net\/home\/?p=64669"},"modified":"2021-06-14T16:28:29","modified_gmt":"2021-06-14T22:28:29","slug":"el-gran-bryan-adams-fotografia-el-pirelli-2022","status":"publish","type":"post","link":"http:\/\/www.eloriente.net\/home\/2021\/06\/14\/el-gran-bryan-adams-fotografia-el-pirelli-2022\/","title":{"rendered":"El gran Bryan Adams fotograf\u00eda el Pirelli 2022"},"content":{"rendered":"<div class=\"text-1st-letter\">\n<article class=\"paragraphText letterBig clearfix\"><center><script async src=\"https:\/\/pagead2.googlesyndication.com\/pagead\/js\/adsbygoogle.js\"><\/script><br \/>\n<!-- BANNER ELORIENTE INCRUSTADO NOTAS --><br \/>\n<ins class=\"adsbygoogle\" style=\"display: inline-block; width: 300px; height: 250px;\" data-ad-client=\"ca-pub-1136171134853753\" data-ad-slot=\"7974633627\"><\/ins><br \/>\n<script>\n     (adsbygoogle = window.adsbygoogle || []).push({});\n<\/script>\u00a0<center><\/p>\n<p style=\"text-align: right;\">By <a href=\"https:\/\/www.pirelli.com\/global\/es-es\/life\/la-potencia-creativa-de-bryan-adams-asume-el-48-calendario-pirelli\" target=\"_blank\" rel=\"noopener\">Pirelli<\/a><\/p>\n<p style=\"text-align: left;\">Bryan Adams, artista canadiense que ha combinado desde los a\u00f1os noventa una exitosa carrera musical con su pasi\u00f3n por la fotograf\u00eda \u2013inmortalizando en formato de aclamados retratos a m\u00fasicos, actores y modelos\u2013 firmar\u00e1 el Calendario Pirelli 2022.<\/p>\n<p style=\"text-align: left;\">El m\u00fasico y fot\u00f3grafo ha desvelado la noticia en sus canales en redes sociales, en los que ha destacado \u201cel orgullo de revelar, al fin, que ser\u00e9 el fot\u00f3grafo del pr\u00f3ximo Calendario Pirelli\u201d.<\/p>\n<p style=\"text-align: left;\">Por ahora, tanto el casting como el concepto, as\u00ed como el emplazamiento escogido para las im\u00e1genes, es alto secreto. La de 2022 ser\u00e1 la 48\u00aa edici\u00f3n del almanaque, una obra que se public\u00f3 por vez primera en 1964.<\/p>\n<p>&nbsp;<\/p>\n<p>&nbsp;<\/p>\n<p>&nbsp;<\/p>\n<p>&nbsp;<\/p>\n<p>&nbsp;<\/p>\n<p>&nbsp;<\/p>\n<p>&nbsp;<\/p>\n<p>&nbsp;<\/p>\n<p>&nbsp;<\/p>\n<p><\/center><\/center><\/article>\n<\/div>\n<div class=\"text\">\n<article><\/article>\n<article class=\"paragraphText\"><script async src=\"https:\/\/pagead2.googlesyndication.com\/pagead\/js\/adsbygoogle.js\"><\/script><br \/>\n<ins class=\"adsbygoogle\" style=\"display: block; text-align: center;\" data-ad-layout=\"in-article\" data-ad-format=\"fluid\" data-ad-client=\"ca-pub-1136171134853753\" data-ad-slot=\"4724569608\"><\/ins><br \/>\n<script>\n     (adsbygoogle = window.adsbygoogle || []).push({});\n<\/script><\/p>\n<h3>Adams<\/h3>\n<p>Los retratos de Adams han llegado p\u00e1ginas de publicaciones de referencia como\u00a0<em>Vogue<\/em>,\u00a0<em>Vanity Fair<\/em>,\u00a0<em>GQ<\/em>\u00a0y\u00a0<em>Harper\u2019s Bazaar<\/em>, adem\u00e1s de su propia y aclamada revista de arte\u00a0<em>Zoo<\/em>.<\/p>\n<p>Entre los protagonistas de sus im\u00e1genes figuran nombres como Sir Mick Jagger, John Boyega, Amy Winehouse, Naomi Campbell y muchos otros, entre pol\u00edticos o jefes de estado, caso de la mism\u00edsima reina de Inglaterra, a la que inmortaliz\u00f3 en sus bodas de oro en el a\u00f1o 2002.<\/p>\n<div class=\"row\">\n<div class=\"col-pir-6\">\n<div data-mediator=\"article-show-more\">\n<div class=\"articleCntSxInner\">\n<div class=\"text\">\n<article class=\"paragraphText\">Adams tambi\u00e9n ha publicado numerosos libros, como\u00a0<em>American Women<\/em>\u00a0(2004),\u00a0<em>Exposed<\/em>\u00a0(2012), un proyecto sobre veteranos de guerra brit\u00e1nicos mutilados titulado\u00a0<em>Wounded: the Legacy of War<\/em>\u00a0(2014) y\u00a0<em>Homeless<\/em>, este \u00faltimo desvelado en 2019.La m\u00fasica constituye el otro lado de su faceta creativa, sin duda m\u00e1s conocido.<\/article>\n<article>\u00a0<\/article>\n<article><\/article>\n<article class=\"paragraphText\">Adams ha liderado las listas de \u00e9xitos en m\u00e1s de 40 pa\u00edses, ha ganado tres premios de la Academia y acumula cinco nominaciones para los Globos de Oro, adem\u00e1s de un Grammy. En 2021 tiene previsto lanzar su 15\u00ba \u00e1lbum.<\/article>\n<article><\/article>\n<\/div>\n<div class=\"image\"><picture class=\"figure\"><img decoding=\"async\" id=\"\" src=\"https:\/\/d2snyq93qb0udd.cloudfront.net\/prod\/30633_01-creative-powerhouse-bryan-adams.jpg\" alt=\"La potencia creativa de Bryan Adams asume el 48\u00ba Calendario Pirelli\" \/><\/picture><\/div>\n<div class=\"text\">\n<article class=\"paragraphText\">\n<h2>Detr\u00e1s de la c\u00e1mara<\/h2>\n<\/article>\n<\/div>\n<div class=\"text\">\n<article class=\"paragraphText\">Desde el lanzamiento del primer Calendario, Pirelli ha abierto sus p\u00e1ginas a algunos de los mayores talentos mundiales de la fotograf\u00eda y la creatividad. Adams se une a leyendas como Norman Parkinson, Terence Donovan, Helmut Newton, Peter Beard y Richard Avedon, entre otros.<\/article>\n<article>\u00a0<\/article>\n<article><\/article>\n<article class=\"paragraphText\">Adams ser\u00e1, eso s\u00ed, el primer canadiense que firma un Calendario Pirelli. Sin embargo, no ser\u00e1 el primer m\u00fasico que participa en \u00e9l. Bono, Jennifer Lopez, Sean \u201cDiddy\u201d Combs, Lil Yachty, Yoko Ono y Patti Smith son algunos de los artistas del mundo de la m\u00fasica retratados en el almanaque.<\/article>\n<article>\u00a0<\/article>\n<article class=\"paragraphText\">El anuncio de Adams sirve tambi\u00e9n para desvelar el regreso del proyecto, que fue suspendido en 2020 como consecuencia de la pandemia. A pesar del gran impacto que tuvo esta noticia, no era la primera vez que se deten\u00eda su publicaci\u00f3n (el Calendario no se lanz\u00f3 ni en 1967 ni en el intervalo de 1975 a 1983 por razones de contenci\u00f3n de costes).<script async src=\"https:\/\/pagead2.googlesyndication.com\/pagead\/js\/adsbygoogle.js\"><\/script><br \/>\n<ins class=\"adsbygoogle\" style=\"display: block; text-align: center;\" data-ad-layout=\"in-article\" data-ad-format=\"fluid\" data-ad-client=\"ca-pub-1136171134853753\" data-ad-slot=\"4724569608\"><\/ins><br \/>\n<script>\n     (adsbygoogle = window.adsbygoogle || []).push({});\n<\/script><br \/>\n<span style=\"color: #111111; font-family: Roboto, sans-serif; font-size: 27px;\">Un cambio cultural<\/span><\/article>\n<\/div>\n<div class=\"text\">\n<article class=\"paragraphText\">La \u00faltima edici\u00f3n, desvelada en 2020, la firmaba el fot\u00f3grafo italiano Paolo Roversi, y combinaba, por vez primera, fotograf\u00eda y v\u00eddeo en una obra inspirada en la historia de amor de Shakespeare, Romeo y Julieta, y que se retrat\u00f3 parcialmente en Verona.<\/article>\n<article>\u00a0<\/article>\n<article><\/article>\n<article class=\"paragraphText\">Sus p\u00e1ginas mostraban a diferentes versiones de Julieta, representadas por actores, artistas y modelos como Claire Foy, Emma Watson, Kristen Steward, Indya Mooer, Mia Goth o Rosal\u00eda.La innovaci\u00f3n, llevada incluso a la diversidad del casting, ha sido tambi\u00e9n otra ense\u00f1a de algunas ediciones recientes del Calendario.<\/article>\n<article>\u00a0<\/article>\n<article><\/article>\n<article class=\"paragraphText\">Nos sirve como ejemplo la de 2018, obra del fot\u00f3grafo brit\u00e1nico Tim Walker, inspirada en el cuento de Alicia en el pa\u00eds de las maravillas. Su elenco de protagonistas era 100% de raza negra, y lo formaban nombres de la talla de Lupita Nyong\u2019o, Naomi Campbell, Djimon Hounsou, Whoopi Goldberg y RuPaul, entre otros.<\/article>\n<article>\u00a0<\/article>\n<article class=\"paragraphText\">La edici\u00f3n de 2016 supuso otra especie de cambio cultural. Encargada a la fot\u00f3grafa norteamericana Annie Leibovitz, reun\u00eda a un conjunto de mujeres de todas las edades, seleccionadas por sus logros en campos tan diversos como el arte, la m\u00fasica, el deporte, el cine o el teatro.<\/article>\n<article>\u00a0<\/article>\n<article class=\"paragraphText\">Entre ellas figuraban Yoko Ono, Amy Schumer, Kathleen Kennedy, Serena Williams, Tavi Gevinson y Shirin Neshat.Aunque los detalles del pr\u00f3ximo Calendario siguen guardados a buen recaudo, la potencia creativa de Bryan Adams nos asegura que la edici\u00f3n de 2022 ser\u00e1 uno de los grandes momentos del a\u00f1o en el mundo de la fotograf\u00eda.<script async src=\"https:\/\/pagead2.googlesyndication.com\/pagead\/js\/adsbygoogle.js\"><\/script><br \/>\n<ins class=\"adsbygoogle\" style=\"display: block;\" data-ad-format=\"autorelaxed\" data-ad-client=\"ca-pub-1136171134853753\" data-ad-slot=\"4595267748\"><\/ins><br \/>\n<script>\n     (adsbygoogle = window.adsbygoogle || []).push({});\n<\/script><\/article>\n<\/div>\n<\/div>\n<\/div>\n<\/div>\n<\/div>\n<p>&nbsp;<\/p>\n<\/article>\n<\/div>\n\n\t\t\t  <div \n\t\t\t  \tclass = \"fb-comments\" \n\t\t\t  \tdata-href = \"http:\/\/www.eloriente.net\/home\/2021\/06\/14\/el-gran-bryan-adams-fotografia-el-pirelli-2022\/\"\n\t\t\t  \tdata-numposts = \"10\"\n\t\t\t\tdata-colorscheme = \"dark\"\n\t\t\t\tdata-order-by = \"social\"\n\t\t\t\tdata-mobile=true>\n\t\t\t  <\/div>\n\t\t  <style>\n\t\t\t.fb_iframe_widget_fluid_desktop iframe {\n\t\t\t    width: 100% !important;\n\t\t\t}\n\t\t  <\/style>\n\t\t  ","protected":false},"excerpt":{"rendered":"<p>\u00a0 By Pirelli Bryan Adams, artista canadiense que ha combinado desde los a\u00f1os noventa una exitosa carrera musical con su pasi\u00f3n por la fotograf\u00eda \u2013inmortalizando en formato de aclamados retratos a m\u00fasicos, actores y modelos\u2013 firmar\u00e1 el Calendario Pirelli 2022. El m\u00fasico y fot\u00f3grafo ha desvelado la noticia en sus canales en redes sociales, en [&hellip;]<\/p>\n","protected":false},"author":1,"featured_media":64670,"comment_status":"open","ping_status":"open","sticky":false,"template":"","format":"video","meta":{"_jetpack_memberships_contains_paid_content":false,"footnotes":""},"categories":[6,49,18,32,12289,10504,10],"tags":[12290,12291,12294,12292,12293],"class_list":["post-64669","post","type-post","status-publish","format-video","has-post-thumbnail","hentry","category-canal-4-especiales","category-destacadas","category-educacion-y-cultura","category-entradas","category-fotografia","category-las-ultimas-12","category-lo-mas-reciente","tag-bryan-adams","tag-bryan-adams-foto","tag-calendario-pirrelli","tag-photography-byran-adams","tag-pirelli-2022","post_format-post-format-video"],"jetpack_featured_media_url":"http:\/\/www.eloriente.net\/home\/wp-content\/uploads\/2021\/06\/Angela-Lindvall-by-bryan-Adams.png","jetpack_sharing_enabled":true,"_links":{"self":[{"href":"http:\/\/www.eloriente.net\/home\/wp-json\/wp\/v2\/posts\/64669"}],"collection":[{"href":"http:\/\/www.eloriente.net\/home\/wp-json\/wp\/v2\/posts"}],"about":[{"href":"http:\/\/www.eloriente.net\/home\/wp-json\/wp\/v2\/types\/post"}],"author":[{"embeddable":true,"href":"http:\/\/www.eloriente.net\/home\/wp-json\/wp\/v2\/users\/1"}],"replies":[{"embeddable":true,"href":"http:\/\/www.eloriente.net\/home\/wp-json\/wp\/v2\/comments?post=64669"}],"version-history":[{"count":3,"href":"http:\/\/www.eloriente.net\/home\/wp-json\/wp\/v2\/posts\/64669\/revisions"}],"predecessor-version":[{"id":64673,"href":"http:\/\/www.eloriente.net\/home\/wp-json\/wp\/v2\/posts\/64669\/revisions\/64673"}],"wp:featuredmedia":[{"embeddable":true,"href":"http:\/\/www.eloriente.net\/home\/wp-json\/wp\/v2\/media\/64670"}],"wp:attachment":[{"href":"http:\/\/www.eloriente.net\/home\/wp-json\/wp\/v2\/media?parent=64669"}],"wp:term":[{"taxonomy":"category","embeddable":true,"href":"http:\/\/www.eloriente.net\/home\/wp-json\/wp\/v2\/categories?post=64669"},{"taxonomy":"post_tag","embeddable":true,"href":"http:\/\/www.eloriente.net\/home\/wp-json\/wp\/v2\/tags?post=64669"}],"curies":[{"name":"wp","href":"https:\/\/api.w.org\/{rel}","templated":true}]}}