{"id":64692,"date":"2021-06-20T10:12:50","date_gmt":"2021-06-20T16:12:50","guid":{"rendered":"http:\/\/www.eloriente.net\/home\/?p=64692"},"modified":"2021-06-20T10:12:50","modified_gmt":"2021-06-20T16:12:50","slug":"solsticio-de-verano-o-sol-detenido","status":"publish","type":"post","link":"http:\/\/www.eloriente.net\/home\/2021\/06\/20\/solsticio-de-verano-o-sol-detenido\/","title":{"rendered":"Solsticio de Verano o sol detenido"},"content":{"rendered":"<p><center><script async src=\"https:\/\/pagead2.googlesyndication.com\/pagead\/js\/adsbygoogle.js\"><\/script><br \/>\n<!-- BANNER ELORIENTE INCRUSTADO NOTAS --><br \/>\n<ins class=\"adsbygoogle\" style=\"display: inline-block; width: 300px; height: 250px;\" data-ad-client=\"ca-pub-1136171134853753\" data-ad-slot=\"7974633627\"><\/ins><br \/>\n<script>\n     (adsbygoogle = window.adsbygoogle || []).push({});\n<\/script><center>\u00a0<\/center><\/center>Este 20 de junio a las 21:32 horas ocurrir\u00e1 en todo el hemisferio norte el solsticio de verano, el d\u00eda m\u00e1s largo y la noche m\u00e1s corta del a\u00f1o. El fen\u00f3meno astron\u00f3mico marca tambi\u00e9n el fin de la primavera y el inicio del verano.<\/p>\n<p>Por la inclinaci\u00f3n del eje de la Tierra, ese d\u00eda el Polo Norte del planeta estar\u00e1 apuntando m\u00e1s directamente hacia el Sol que en cualquier otro momento del a\u00f1o.<\/p>\n<p>El eje de la Tierra es un polo imaginario que atraviesa nuestro mundo de arriba abajo. Nuestro planeta gira sobre esa l\u00ednea imaginaria, completando una vuelta en 24 horas; y as\u00ed es como se suceden los d\u00edas y las noches.<\/p>\n<figure id=\"attachment_79907\" class=\"wp-caption alignleft\" aria-describedby=\"caption-attachment-79907\"><img loading=\"lazy\" decoding=\"async\" class=\"size-full wp-image-79907 b-loaded\" src=\"https:\/\/www.gaceta.unam.mx\/wp-content\/uploads\/2021\/06\/210617-cult2-des-f1-solsticio-de-verano.jpg\" sizes=\"(max-width: 990px) 100vw, 990px\" srcset=\"https:\/\/www.gaceta.unam.mx\/wp-content\/uploads\/2021\/06\/210617-cult2-des-f1-solsticio-de-verano.jpg 990w, https:\/\/www.gaceta.unam.mx\/wp-content\/uploads\/2021\/06\/210617-cult2-des-f1-solsticio-de-verano-300x169.jpg 300w, https:\/\/www.gaceta.unam.mx\/wp-content\/uploads\/2021\/06\/210617-cult2-des-f1-solsticio-de-verano-768x432.jpg 768w\" alt=\"\" width=\"990\" height=\"557\" \/><figcaption id=\"caption-attachment-79907\" class=\"wp-caption-text\">La pir\u00e1mide del Castillo en Mayap\u00e1n (sitio maya en Yucat\u00e1n) est\u00e1 orientada de tal manera que la proyecci\u00f3n de su perfil, sobre alguna de sus cuatro escaleras, se da durante el solsticio.<\/figcaption><\/figure>\n<p>De acuerdo con la NASA, este eje terrestre est\u00e1 inclinado siempre 23.5 grados con respecto al Sol. Esta posici\u00f3n ocasiona que las cantidades de luz solar que recibe la Tierra sean diferentes en cada regi\u00f3n, a medida que esta \u00faltima avanza por su \u00f3rbita.<\/p>\n<p>Cuando el Polo Norte apunta hacia el Sol, el Polo Sur autom\u00e1ticamente se inclina en direcci\u00f3n opuesta. Esto hace que en nuestro hemisferio comience el verano, y en el hemisferio sur, el invierno.<\/p>\n<p><img loading=\"lazy\" decoding=\"async\" class=\"aligncenter size-full wp-image-79908 b-loaded\" src=\"https:\/\/www.gaceta.unam.mx\/wp-content\/uploads\/2021\/06\/210617-cult2-f2-solsticio-de-verano.jpg\" sizes=\"(max-width: 990px) 100vw, 990px\" srcset=\"https:\/\/www.gaceta.unam.mx\/wp-content\/uploads\/2021\/06\/210617-cult2-f2-solsticio-de-verano.jpg 990w, https:\/\/www.gaceta.unam.mx\/wp-content\/uploads\/2021\/06\/210617-cult2-f2-solsticio-de-verano-300x200.jpg 300w, https:\/\/www.gaceta.unam.mx\/wp-content\/uploads\/2021\/06\/210617-cult2-f2-solsticio-de-verano-768x512.jpg 768w\" alt=\"\" width=\"990\" height=\"660\" \/><\/p>\n<p><script async src=\"https:\/\/pagead2.googlesyndication.com\/pagead\/js\/adsbygoogle.js\"><\/script><br \/>\n<ins class=\"adsbygoogle\" style=\"display: block; text-align: center;\" data-ad-layout=\"in-article\" data-ad-format=\"fluid\" data-ad-client=\"ca-pub-1136171134853753\" data-ad-slot=\"4724569608\"><\/ins><br \/>\n<script>\n     (adsbygoogle = window.adsbygoogle || []).push({});\n<\/script><\/p>\n<h2 class=\"subtitulo\">Sol detenido<\/h2>\n<p>Daniel Flores Guti\u00e9rrez, investigador del Instituto de Astronom\u00eda y responsable del Anuario Astron\u00f3mico Nacional, explic\u00f3: \u201cEl solsticio de verano tiene que ver con ciertas posiciones en la \u00f3rbita de la Tierra en torno al Sol. Dado que las \u00f3rbitas son el\u00edpticas, hay puntos en que est\u00e1 m\u00e1s alejada o m\u00e1s cercana al Sol\u201d.<\/p>\n<p>Detall\u00f3 que estos puntos de retorno nos llevan a los solsticios porque, vistos desde la Tierra, el Sol aparece en un punto durante varias semanas y aparentemente no cambia su posici\u00f3n. \u201cPor eso se dice solsticio, que significa Sol parado o detenido\u201d.<\/p>\n<p>Flores Guti\u00e9rrez afirm\u00f3 que este a\u00f1o vamos a tener el solsticio de verano el d\u00eda 20 a las 21 horas 32 minutos. \u201cEsta cuesti\u00f3n de las horas tiene que ver con el traslado de la Tierra en torno al Sol en 365 d\u00edas m\u00e1s una fracci\u00f3n y tiene que ver tambi\u00e9n con la rotaci\u00f3n de la Tierra. Como no son cantidades enteras, estos valores van cambiando a\u00f1o con a\u00f1o\u201d.<\/p>\n<p>As\u00ed, el solsticio de verano puede darse entre el d\u00eda 20 y hasta el 23 de junio, dependiendo de si estamos en las cercan\u00edas de un a\u00f1o bisiesto. Es el d\u00eda m\u00e1s largo del a\u00f1o, con m\u00e1s luz y una noche m\u00e1s corta.<\/p>\n<p>La duraci\u00f3n del d\u00eda y la noche tienen que ver con la inclinaci\u00f3n del eje de rotaci\u00f3n de la Tierra. En este caso en junio, el Polo Norte terrestre est\u00e1 viendo o est\u00e1 inclinado hacia el Sol. \u201cPor esa raz\u00f3n en esa \u00e9poca el Polo Norte est\u00e1 totalmente iluminado y no hay noche, solamente es de d\u00eda. Todo lo que est\u00e1 arriba del C\u00edrculo Polar \u00c1rtico siempre va a ser de d\u00eda durante estas semanas\u201d, aclar\u00f3.<\/p>\n<p>El astr\u00f3nomo mencion\u00f3 que en el solsticio de invierno la situaci\u00f3n se invierte porque el Polo Norte de la Tierra est\u00e1 viendo hacia afuera, y los rayos de luz del Sol no iluminan parte de lo que ser\u00eda el C\u00edrculo Polar \u00c1rtico, as\u00ed que hay una noche perpetua durante 24 horas.<\/p>\n<p>El solsticio de verano fue observado por los pueblos mesoamericanos porque tiene que ver con el movimiento del Sol. \u201cEn la antig\u00fcedad mesoamericana hab\u00eda diferentes cuerpos de la b\u00f3veda celeste con los que se guiaban los habitantes: la Luna, Venus y el Sol, con el conjunto de este d\u00eda bien identificado\u201d, narr\u00f3 el tambi\u00e9n especialista en arqueoastronom\u00eda (astronom\u00eda de los pueblos originarios).<\/p>\n<p>\u201cEra importante seguir el movimiento del Sol. Por ejemplo, la pir\u00e1mide del Castillo en Mayap\u00e1n (un sitio maya en Yucat\u00e1n) est\u00e1 orientada de tal manera que la proyecci\u00f3n del perfil de la pir\u00e1mide sobre alguna de sus cuatro escaleras se da durante el solsticio. El caso contrario ocurre en la pir\u00e1mide del Castillo en Chich\u00e9n Itz\u00e1, que proyecta durante los equinoccios.\u201d<\/p>\n<p><img loading=\"lazy\" decoding=\"async\" class=\"aligncenter size-full wp-image-79909 b-loaded\" src=\"https:\/\/www.gaceta.unam.mx\/wp-content\/uploads\/2021\/06\/210617-cult2-f3-solsticio-de-verano.jpg\" sizes=\"(max-width: 990px) 100vw, 990px\" srcset=\"https:\/\/www.gaceta.unam.mx\/wp-content\/uploads\/2021\/06\/210617-cult2-f3-solsticio-de-verano.jpg 990w, https:\/\/www.gaceta.unam.mx\/wp-content\/uploads\/2021\/06\/210617-cult2-f3-solsticio-de-verano-300x200.jpg 300w, https:\/\/www.gaceta.unam.mx\/wp-content\/uploads\/2021\/06\/210617-cult2-f3-solsticio-de-verano-768x512.jpg 768w\" alt=\"\" width=\"990\" height=\"660\" \/><\/p>\n<h2><script async src=\"https:\/\/pagead2.googlesyndication.com\/pagead\/js\/adsbygoogle.js\"><\/script><br \/>\n<ins class=\"adsbygoogle\" style=\"display: block; text-align: center;\" data-ad-layout=\"in-article\" data-ad-format=\"fluid\" data-ad-client=\"ca-pub-1136171134853753\" data-ad-slot=\"4724569608\"><\/ins><br \/>\n<script>\n     (adsbygoogle = window.adsbygoogle || []).push({});\n<\/script><\/h2>\n<h2 class=\"subtitulo\">Por buen camino<\/h2>\n<p>Flores Guti\u00e9rrez precis\u00f3 que en Mayap\u00e1n se segu\u00eda el movimiento de los solsticios, tanto de verano como el de invierno, y era esencial porque eran sucesos que indicaban a los sabios del momento que la cuenta de los d\u00edas del calendario iba por buen camino. \u201cServ\u00eda para predecir ciertas fiestas del a\u00f1o, que tienen que ver con el seguimiento del movimiento aparente del Sol\u201d.<\/p>\n<p>En Teotihuacan el solsticio de verano no tiene que ver con la orientaci\u00f3n de las pir\u00e1mides, sino con cierto punto de observaci\u00f3n relacionado con algunos edificios del sitio. \u201cAll\u00ed est\u00e1 dado un punto de referencia enfrente de la Pir\u00e1mide del Sol hacia el poniente, donde en el solsticio de verano el Sol sale en la vecindad de la Pir\u00e1mide de la Luna\u201d.<\/p>\n<p>El astr\u00f3nomo refiri\u00f3 que los antiguos mexicanos observaban el fen\u00f3meno a simple vista, llevaban la cuenta y los registros. \u201cAs\u00ed ense\u00f1aban a otras generaciones a entender estos n\u00fameros, pues segu\u00edan el trayecto del Sol durante ciclos\u201d.<\/p>\n<p>Adem\u00e1s, comprendieron que cuando el d\u00eda es m\u00e1s largo estamos en tiempos de calor y se representan con los ciclos de secas y lluvias.<\/p>\n<p>\u201cLos ciclos agr\u00edcolas tambi\u00e9n se med\u00edan. Hay regiones donde llov\u00eda mucho y hab\u00eda dos cosechas al a\u00f1o, pero otras donde se ten\u00eda que esperar la temporada de lluvias.\u201d<\/p>\n<p>Apunt\u00f3 que en la astronom\u00eda moderna el solsticio de verano tiene que ver con el seguimiento de los planetas en el sistema solar. \u201cAunque se conocen bien los movimientos, las observaciones permiten corregir por fracciones o a veces por 10 mil\u00e9simas cierta posici\u00f3n de los planetas. Entonces s\u00ed sirve\u201d.<\/p>\n<p>Hay otras t\u00e9cnicas actualmente, como la observaci\u00f3n de objetos muy lejanos con radiotelescopios, que ofrecen otro tipo de informaci\u00f3n. El solsticio y el equinoccio son fechas de referencia para hacer estas mediciones. \u201cAs\u00ed como en el pasado, estos fen\u00f3menos nos dicen que nuestras cuentas van por buen camino\u201d.<\/p>\n<p>Los anuarios de todo el mundo son ya c\u00e1lculos num\u00e9ricos que permiten predecir el movimiento de los objetos celestes hacia el futuro en mucho tiempo adelante. Hoy se tiene gran cantidad de datos sobre la posici\u00f3n de los objetos celestes, incluyendo asteroides. \u201cPero es importante seguir observando los solsticios y comprobar que vamos por buen camino\u201d, finaliz\u00f3 Flores Guti\u00e9rrez.<\/p>\n<p>(Gaceta UNAM)<\/p>\n<p><script async src=\"https:\/\/pagead2.googlesyndication.com\/pagead\/js\/adsbygoogle.js\"><\/script><br \/>\n<ins class=\"adsbygoogle\" style=\"display: block;\" data-ad-format=\"autorelaxed\" data-ad-client=\"ca-pub-1136171134853753\" data-ad-slot=\"4595267748\"><\/ins><br \/>\n<script>\n     (adsbygoogle = window.adsbygoogle || []).push({});\n<\/script><\/p>\n\n\t\t\t  <div \n\t\t\t  \tclass = \"fb-comments\" \n\t\t\t  \tdata-href = \"http:\/\/www.eloriente.net\/home\/2021\/06\/20\/solsticio-de-verano-o-sol-detenido\/\"\n\t\t\t  \tdata-numposts = \"10\"\n\t\t\t\tdata-colorscheme = \"dark\"\n\t\t\t\tdata-order-by = \"social\"\n\t\t\t\tdata-mobile=true>\n\t\t\t  <\/div>\n\t\t  <style>\n\t\t\t.fb_iframe_widget_fluid_desktop iframe {\n\t\t\t    width: 100% !important;\n\t\t\t}\n\t\t  <\/style>\n\t\t  ","protected":false},"excerpt":{"rendered":"<p>\u00a0Este 20 de junio a las 21:32 horas ocurrir\u00e1 en todo el hemisferio norte el solsticio de verano, el d\u00eda m\u00e1s largo y la noche m\u00e1s corta del a\u00f1o. El fen\u00f3meno astron\u00f3mico marca tambi\u00e9n el fin de la primavera y el inicio del verano. Por la inclinaci\u00f3n del eje de la Tierra, ese d\u00eda el [&hellip;]<\/p>\n","protected":false},"author":1,"featured_media":64695,"comment_status":"open","ping_status":"open","sticky":false,"template":"","format":"video","meta":{"_jetpack_memberships_contains_paid_content":false,"footnotes":""},"categories":[6,49,32,10504,10,17],"tags":[12307,12308,12305,12306],"class_list":["post-64692","post","type-post","status-publish","format-video","has-post-thumbnail","hentry","category-canal-4-especiales","category-destacadas","category-entradas","category-las-ultimas-12","category-lo-mas-reciente","category-tecnologia","tag-mayapan","tag-sol-detenido","tag-solsticio","tag-solsticio-de-verano","post_format-post-format-video"],"jetpack_featured_media_url":"http:\/\/www.eloriente.net\/home\/wp-content\/uploads\/2021\/06\/maxresdefault.jpg","jetpack_sharing_enabled":true,"_links":{"self":[{"href":"http:\/\/www.eloriente.net\/home\/wp-json\/wp\/v2\/posts\/64692"}],"collection":[{"href":"http:\/\/www.eloriente.net\/home\/wp-json\/wp\/v2\/posts"}],"about":[{"href":"http:\/\/www.eloriente.net\/home\/wp-json\/wp\/v2\/types\/post"}],"author":[{"embeddable":true,"href":"http:\/\/www.eloriente.net\/home\/wp-json\/wp\/v2\/users\/1"}],"replies":[{"embeddable":true,"href":"http:\/\/www.eloriente.net\/home\/wp-json\/wp\/v2\/comments?post=64692"}],"version-history":[{"count":1,"href":"http:\/\/www.eloriente.net\/home\/wp-json\/wp\/v2\/posts\/64692\/revisions"}],"predecessor-version":[{"id":64694,"href":"http:\/\/www.eloriente.net\/home\/wp-json\/wp\/v2\/posts\/64692\/revisions\/64694"}],"wp:featuredmedia":[{"embeddable":true,"href":"http:\/\/www.eloriente.net\/home\/wp-json\/wp\/v2\/media\/64695"}],"wp:attachment":[{"href":"http:\/\/www.eloriente.net\/home\/wp-json\/wp\/v2\/media?parent=64692"}],"wp:term":[{"taxonomy":"category","embeddable":true,"href":"http:\/\/www.eloriente.net\/home\/wp-json\/wp\/v2\/categories?post=64692"},{"taxonomy":"post_tag","embeddable":true,"href":"http:\/\/www.eloriente.net\/home\/wp-json\/wp\/v2\/tags?post=64692"}],"curies":[{"name":"wp","href":"https:\/\/api.w.org\/{rel}","templated":true}]}}