{"id":64721,"date":"2021-06-26T11:06:40","date_gmt":"2021-06-26T17:06:40","guid":{"rendered":"http:\/\/www.eloriente.net\/home\/?p=64721"},"modified":"2021-06-26T11:06:40","modified_gmt":"2021-06-26T17:06:40","slug":"biofakes-por-eva-bodenstedt","status":"publish","type":"post","link":"http:\/\/www.eloriente.net\/home\/2021\/06\/26\/biofakes-por-eva-bodenstedt\/","title":{"rendered":"Biofakes, por Eva Bodenstedt"},"content":{"rendered":"<p><center><script async src=\"https:\/\/pagead2.googlesyndication.com\/pagead\/js\/adsbygoogle.js\"><\/script><br \/>\n<!-- BANNER ELORIENTE INCRUSTADO NOTAS --><br \/>\n<ins class=\"adsbygoogle\" style=\"display: inline-block; width: 300px; height: 250px;\" data-ad-client=\"ca-pub-1136171134853753\" data-ad-slot=\"7974633627\"><\/ins><br \/>\n<script>\n     (adsbygoogle = window.adsbygoogle || []).push({});\n<\/script><center>\u00a0<\/center><\/center><\/p>\n<p style=\"text-align: center;\"><strong>La Pirata del Oriente<\/strong><\/p>\n<p style=\"text-align: right;\"><em><strong>Por Eva Bodenstedt<\/strong><\/em><\/p>\n<h3 style=\"text-align: center;\">Bio fakes \/ Irresponsabilidad \/ Alternativas \/ Acci\u00f3n<\/h3>\n<p>Nuevamente, como espectador eterno de una obra de teatro en la que puede uno actuar, o bien nada m\u00e1s observar, la Pirata sube a la embarcaci\u00f3n una serie de informaciones que se quedan atrapadas en su red y las comparte tal cual, como si las recortara para compartir en la mesa de operaciones, extractos de la cotidianidad que no se detiene, como el reloj del tiempo m\u00e1s all\u00e1 de tener el propio, la bater\u00eda cargada o descargada.\u00a0\u00a0En un primer link en el Facebook, lee\u00a0\u00a0\u201cBiofakes: el enga\u00f1o de los\u00a0<em>bio<\/em>-pl\u00e1sticos\u201d.<\/p>\n<p>\u00daltimamente en restaurantes y tiendas ambulantes de todo tipo de productos y alimentos los entregan \u201cpara llevar\u201d en exactamente eso, nuevos desechables \u201cbio\u201d, mismos que ha observado sin encontrar una real diferencia con los otros, y se le pas\u00f3 por la cabeza ese dicho, con su permiso, de decirse \u201c no te hagas buey\u201d.<\/p>\n<p>Abriendo las cortinas entre bambalinas, descubre lo siguiente: \u201cLanzamos una investigaci\u00f3n que demuestra que los llamados\u00a0<em>bio<\/em>-pl\u00e1sticos tienen poco de \u201cbio\u201d y mucho de pl\u00e1stico. Con la ley de residuos en tr\u00e1mite, reclamamos que no se abra la puerta a la falsa soluci\u00f3n de los bio-pl\u00e1sticos. Las empresas est\u00e1n promoviendo estos productos para perpetuar su negocio basado en el usar y tirar, la principal causa de la crisis eco social planetaria. Desde Amigos de la Tierra lanzamos el estudio\u00a0<u>\u201cBiofakes: el enga\u00f1o de los\u00a0<em>bio<\/em>-pl\u00e1sticos\u201d<\/u>\u00a0en el que\u00a0analizamos diferentes aspectos de los\u00a0<em>bio<\/em>-pl\u00e1sticos, desde si son una alternativa sostenible al pl\u00e1stico convencional, hasta qui\u00e9n gana con su implantaci\u00f3n y qu\u00e9 impactos sociales y ambientales conllevan.\u00a0Con esta informaci\u00f3n en la mano, lanzamos nuestras\u00a0propuestas, en un momento clave con la Ley de Residuos en tr\u00e1mite, para poner fin a las falsas soluciones y apostar por medidas consistentes para avanzar hacia el residuo cero. Tras una investigaci\u00f3n detallada, denunciamos que\u00a0el t\u00e9rmino bio-pl\u00e1stico es ambiguo\u00a0y que\u00a0su uso no est\u00e1 regulado, lo que permite que las empresas lo utilicen con libertad a pesar de que la mayor parte de estos productos est\u00e1n\u00a0compuestos por pl\u00e1sticos convencionales y no son m\u00e1s sostenibles que \u00e9stos. M\u00e1s<em>\u00a0greenwashing<\/em> \u201cLos llamados\u00a0<em>bio<\/em>-pl\u00e1sticos son una herramienta m\u00e1s de\u00a0<em>greenwashing<\/em>\u00a0que utilizan las empresas para perpetuar su lucrativo negocio basado en el usar y tirar\u00a0ante una sociedad cada vez m\u00e1s concienciada con la necesidad de cuidar el medio ambiente y m\u00e1s cr\u00edtica con el uso de pl\u00e1sticos desechables\u201d, ha afirmado Adriana Espinosa Gonz\u00e1lez, responsable de recursos naturales y residuos de Amigos de la Tierra. \u201cEsta tendencia se est\u00e1 acentuando a medida que la Uni\u00f3n Europea y Espa\u00f1a est\u00e1n adoptando leyes para prohibir o limitar los pl\u00e1sticos de un solo uso\u201d, ha continuado.<\/p>\n<p><script async src=\"https:\/\/pagead2.googlesyndication.com\/pagead\/js\/adsbygoogle.js\"><\/script><br \/>\n<ins class=\"adsbygoogle\" style=\"display: block; text-align: center;\" data-ad-layout=\"in-article\" data-ad-format=\"fluid\" data-ad-client=\"ca-pub-1136171134853753\" data-ad-slot=\"4724569608\"><\/ins><br \/>\n<script>\n     (adsbygoogle = window.adsbygoogle || []).push({});\n<\/script><\/p>\n<p>Los\u00a0<em>bio<\/em>-pl\u00e1sticos se dividen en dos tipos: los considerados de origen vegetal o bio-basados, que en realidad pueden contener hasta un 75% de base f\u00f3sil (pl\u00e1stico convencional), y los de pl\u00e1stico convencional que son en teor\u00eda, \u201cbiodegradables\u201d o \u201ccompostables\u201d. Los primeros tambi\u00e9n pueden ser \u201cbiodegrables\u201d o \u201ccompostables\u201d. Sin embargo, estas cualidades distan mucho de ser reales, ya que\u00a0no podr\u00e1n biodegradarse\u00a0por s\u00ed solos en el medio ambiente sino en condiciones muy limitadas.<\/p>\n<p>Otro de los datos clave que exponemos es que el 75% de estos\u00a0<em>bio<\/em>-pl\u00e1sticos se utilizan para fabricar productos de usar y tirar, por lo que\u00a0lejos de solucionar el problema de los pl\u00e1sticos, lo mantiene e incluso lo agrava; al dar la sensaci\u00f3n de ser \u201cecol\u00f3gicos\u201d, la ciudadan\u00eda los considera menos peligrosos y son susceptibles de ser abandonados en el entorno con menores consideraciones.<\/p>\n<h3>Impactos ambientales y sociales<\/h3>\n<p>Los\u00a0<em>bio<\/em>-pl\u00e1sticos, en cualquiera de sus modalidades, conllevan\u00a0m\u00faltiples impactos ambientales y sociales durante su ciclo de vida. Por un lado, la producci\u00f3n de biomasa para los\u00a0<em>bio<\/em>-basados produce acaparamiento de tierras, deforestaci\u00f3n y competencia en la producci\u00f3n de alimentos. Adem\u00e1s, tanto los\u00a0<em>bio<\/em>-basados como los \u201cbiodegradables\u201d o \u201ccompostables\u201d requieren en mayor o menor medida extracci\u00f3n y producci\u00f3n de petr\u00f3leo, lo que destruye los ecosistemas e implica la violaci\u00f3n de derechos humanos para las comunidades afectadas. Por \u00faltimo, cuando se convierten en residuos, todos los\u00a0<em>bio<\/em>-pl\u00e1sticos dificultan los sistemas de gesti\u00f3n y pueden incluso obstaculizar el reciclaje de los pl\u00e1sticos convencionales.<\/p>\n<p>Asimismo, el informe arroja que\u00a0los\u00a0<em>bio<\/em>-pl\u00e1sticos requieren un uso exacerbado de energ\u00eda, contribuyendo de forma preocupante a la emergencia clim\u00e1tica.<\/p>\n<h3>Prevenci\u00f3n y reutilizaci\u00f3n<\/h3>\n<p>En un momento decisivo, en que el Congreso est\u00e1 tramitando la reforma de la Ley de Residuos, reclamamos una normativa que no abra las puertas a las falsas soluciones como los\u00a0<em>bio<\/em>-pl\u00e1sticos.<\/p>\n<p>Debe prohibirse el uso del prefijo \u201cbio\u201d y otros t\u00e9rminos como \u201cbiodegradable\u201d en cualquier tipo de pl\u00e1sticos, as\u00ed como evitar que constituyan una alternativa a los pl\u00e1sticos convencionales de un solo uso.\u00a0Es necesario priorizar la prevenci\u00f3n y la reutilizaci\u00f3n\u00a0con\u00a0objetivos vinculantes\u00a0de reducci\u00f3n de un 50% para 2025 y un 80% para 2030.<\/p>\n<p>\u201cAnte los avances normativos,\u00a0los\u00a0<em>bio<\/em>-pl\u00e1sticos son un intento m\u00e1s de la industria para enga\u00f1ar al legislador y a la ciudadan\u00eda con productos que siguen incentivando el consumo de productos desechables y que distraen la atenci\u00f3n de las soluciones reales: reducir el consumo de pl\u00e1sticos y fomentar la reutilizaci\u00f3n de productos y envases\u201d, concluye Mar\u00eda Dur\u00e1n, responsable de recursos naturales y residuos de Amigos da Terra Galicia y co-autora del informe.\u201d<\/p>\n<p>La ni\u00f1a ha pedido pasar por la Michoacana para pedir una bebida de cebada con horchata. Hace un tiempo dejaron de dar popotes, ahora los vuelven a dar, son de cart\u00f3n y se deshacen, y envueltos en papel. Hay posibilidad de cambiar los h\u00e1bitos, claro, pero desde las empresas ser\u00eda contundente, pero no lo quieren, sumando cada segundo a la Isla de pl\u00e1stico en el mar de 1.6 millones de km, un cent\u00edmetro m\u00e1s.<\/p>\n<p>Cada uno es parte de la tragedia, no nos hagamos, perd\u00f3n por la palabra, \u201cbueyes\u201d. Si la Michoacana hubiera dado popote de pl\u00e1stico, uno podr\u00e1 guardarlo y volverlo a usar, pero, \u00bfqui\u00e9n es uno? Si todos fueran uno y se sumaran, en un quiz\u00e1 muy improbable, se pudiera detener lo que se viene encima. La ni\u00f1a lo ignora a pesar de haber visto el documental de Gretta Thunberg en el cual se muestra c\u00f3mo la ni\u00f1a de 13 a\u00f1os luch\u00f3 para que los gobiernos mundiales reaccionaran a la verdad de la cat\u00e1strofe clim\u00e1tica, pero de ah\u00ed en fuera, no pasa nada.<\/p>\n<p>Aqu\u00ed les dijo los siguientes links para que no seamos espectadores de nuestro proceso de suicidio junto con la naturaleza, nuestra casa. Buen s\u00e1bado, o domingo, buen d\u00eda que ser\u00e1 mejor si tomamos conciencia.<\/p>\n<p><span class=\"embed-youtube\" style=\"text-align:center; display: block;\"><iframe loading=\"lazy\" class=\"youtube-player\" width=\"640\" height=\"360\" src=\"https:\/\/www.youtube.com\/embed\/kOYJSzpfipU?version=3&#038;rel=1&#038;showsearch=0&#038;showinfo=1&#038;iv_load_policy=1&#038;fs=1&#038;hl=es-ES&#038;autohide=2&#038;wmode=transparent\" allowfullscreen=\"true\" style=\"border:0;\" sandbox=\"allow-scripts allow-same-origin allow-popups allow-presentation allow-popups-to-escape-sandbox\"><\/iframe><\/span><\/p>\n<p>&nbsp;<\/p>\n<p><span class=\"embed-youtube\" style=\"text-align:center; display: block;\"><iframe loading=\"lazy\" class=\"youtube-player\" width=\"640\" height=\"360\" src=\"https:\/\/www.youtube.com\/embed\/oHq9RT1IgqM?version=3&#038;rel=1&#038;showsearch=0&#038;showinfo=1&#038;iv_load_policy=1&#038;fs=1&#038;hl=es-ES&#038;autohide=2&#038;wmode=transparent\" allowfullscreen=\"true\" style=\"border:0;\" sandbox=\"allow-scripts allow-same-origin allow-popups allow-presentation allow-popups-to-escape-sandbox\"><\/iframe><\/span><\/p>\n<p>&nbsp;<\/p>\n<blockquote class=\"wp-embedded-content\" data-secret=\"wKnItlvTh7\"><p><a href=\"https:\/\/www.tierra.org\/bio-fakes-desvelamos-el-engano-que-hay-detras-de-los-bio-plasticos\/\">Bio-fakes: desvelamos el enga\u00f1o que hay detr\u00e1s de los bio-pl\u00e1sticos<\/a><\/p><\/blockquote>\n<p><iframe loading=\"lazy\" class=\"wp-embedded-content\" sandbox=\"allow-scripts\" security=\"restricted\" style=\"position: absolute; visibility: hidden;\" title=\"\u00abBio-fakes: desvelamos el enga\u00f1o que hay detr\u00e1s de los bio-pl\u00e1sticos\u00bb \u2014 Amigos de la Tierra\" src=\"https:\/\/www.tierra.org\/bio-fakes-desvelamos-el-engano-que-hay-detras-de-los-bio-plasticos\/embed\/#?secret=b4qIurMgiI#?secret=wKnItlvTh7\" data-secret=\"wKnItlvTh7\" width=\"600\" height=\"338\" frameborder=\"0\" marginwidth=\"0\" marginheight=\"0\" scrolling=\"no\"><\/iframe><\/p>\n<p><script async src=\"https:\/\/pagead2.googlesyndication.com\/pagead\/js\/adsbygoogle.js\"><\/script><br \/>\n<ins class=\"adsbygoogle\" style=\"display: block;\" data-ad-format=\"autorelaxed\" data-ad-client=\"ca-pub-1136171134853753\" data-ad-slot=\"4595267748\"><\/ins><br \/>\n<script>\n     (adsbygoogle = window.adsbygoogle || []).push({});\n<\/script><\/p>\n\n\t\t\t  <div \n\t\t\t  \tclass = \"fb-comments\" \n\t\t\t  \tdata-href = \"http:\/\/www.eloriente.net\/home\/2021\/06\/26\/biofakes-por-eva-bodenstedt\/\"\n\t\t\t  \tdata-numposts = \"10\"\n\t\t\t\tdata-colorscheme = \"dark\"\n\t\t\t\tdata-order-by = \"social\"\n\t\t\t\tdata-mobile=true>\n\t\t\t  <\/div>\n\t\t  <style>\n\t\t\t.fb_iframe_widget_fluid_desktop iframe {\n\t\t\t    width: 100% !important;\n\t\t\t}\n\t\t  <\/style>\n\t\t  ","protected":false},"excerpt":{"rendered":"<p>\u00a0 La Pirata del Oriente Por Eva Bodenstedt Bio fakes \/ Irresponsabilidad \/ Alternativas \/ Acci\u00f3n Nuevamente, como espectador eterno de una obra de teatro en la que puede uno actuar, o bien nada m\u00e1s observar, la Pirata sube a la embarcaci\u00f3n una serie de informaciones que se quedan atrapadas en su red y las [&hellip;]<\/p>\n","protected":false},"author":1,"featured_media":64723,"comment_status":"open","ping_status":"open","sticky":false,"template":"","format":"standard","meta":{"_jetpack_memberships_contains_paid_content":false,"footnotes":""},"categories":[624,22,49,32,11133,10504,10,20],"tags":[11137,12003,956,12316,7112],"class_list":["post-64721","post","type-post","status-publish","format-standard","has-post-thumbnail","hentry","category-articulistas","category-derechos-humanos","category-destacadas","category-entradas","category-eva-bodenstedt","category-las-ultimas-12","category-lo-mas-reciente","category-medio-ambiente","tag-eva-bodenstedt","tag-la-pirata-del-oriente","tag-medio-ambiente-2","tag-patos","tag-plastico"],"jetpack_featured_media_url":"http:\/\/www.eloriente.net\/home\/wp-content\/uploads\/2021\/06\/Patos-de-pla\u0301stico-por-vic_206-Licencia-cc.jpeg","jetpack_sharing_enabled":true,"_links":{"self":[{"href":"http:\/\/www.eloriente.net\/home\/wp-json\/wp\/v2\/posts\/64721"}],"collection":[{"href":"http:\/\/www.eloriente.net\/home\/wp-json\/wp\/v2\/posts"}],"about":[{"href":"http:\/\/www.eloriente.net\/home\/wp-json\/wp\/v2\/types\/post"}],"author":[{"embeddable":true,"href":"http:\/\/www.eloriente.net\/home\/wp-json\/wp\/v2\/users\/1"}],"replies":[{"embeddable":true,"href":"http:\/\/www.eloriente.net\/home\/wp-json\/wp\/v2\/comments?post=64721"}],"version-history":[{"count":1,"href":"http:\/\/www.eloriente.net\/home\/wp-json\/wp\/v2\/posts\/64721\/revisions"}],"predecessor-version":[{"id":64724,"href":"http:\/\/www.eloriente.net\/home\/wp-json\/wp\/v2\/posts\/64721\/revisions\/64724"}],"wp:featuredmedia":[{"embeddable":true,"href":"http:\/\/www.eloriente.net\/home\/wp-json\/wp\/v2\/media\/64723"}],"wp:attachment":[{"href":"http:\/\/www.eloriente.net\/home\/wp-json\/wp\/v2\/media?parent=64721"}],"wp:term":[{"taxonomy":"category","embeddable":true,"href":"http:\/\/www.eloriente.net\/home\/wp-json\/wp\/v2\/categories?post=64721"},{"taxonomy":"post_tag","embeddable":true,"href":"http:\/\/www.eloriente.net\/home\/wp-json\/wp\/v2\/tags?post=64721"}],"curies":[{"name":"wp","href":"https:\/\/api.w.org\/{rel}","templated":true}]}}