{"id":64728,"date":"2021-06-28T05:49:31","date_gmt":"2021-06-28T11:49:31","guid":{"rendered":"http:\/\/www.eloriente.net\/home\/?p=64728"},"modified":"2021-06-28T05:49:31","modified_gmt":"2021-06-28T11:49:31","slug":"ricardo-morales-y-cecilia-ramirez-de-oaxaca-son-medallistas-en-juegos-nacionales","status":"publish","type":"post","link":"http:\/\/www.eloriente.net\/home\/2021\/06\/28\/ricardo-morales-y-cecilia-ramirez-de-oaxaca-son-medallistas-en-juegos-nacionales\/","title":{"rendered":"Ricardo Morales y Cecilia Ram\u00edrez de Oaxaca son medallistas en Juegos Nacionales"},"content":{"rendered":"<p><center><script async src=\"https:\/\/pagead2.googlesyndication.com\/pagead\/js\/adsbygoogle.js\"><\/script><br \/>\n<!-- BANNER ELORIENTE INCRUSTADO NOTAS --><br \/>\n<ins class=\"adsbygoogle\" style=\"display: inline-block; width: 300px; height: 250px;\" data-ad-client=\"ca-pub-1136171134853753\" data-ad-slot=\"7974633627\"><\/ins><br \/>\n<script>\n     (adsbygoogle = window.adsbygoogle || []).push({});\n<\/script><center>\u00a0<\/center><\/center>Oaxaca aparece en el segundo d\u00eda actividad del triatl\u00f3n de los Juegos Nacionales Conade con la medalla de oro de Ricardo Morales V\u00e1squez y la plata de Cecilia Ram\u00edrez Alavez, en la m\u00e1xima categor\u00eda, la Sub 21, abriendo as\u00ed la cosecha de medallas para Oaxaca en esta edici\u00f3n 2021.<\/p>\n<p>Las acciones arrancaron poco despu\u00e9s de las 7:00 horas con las categor\u00edas menores en la modalidad de Duatl\u00f3n para toda la actividad, pues el clima no permiti\u00f3 entrar al mar por segundo d\u00eda consecutivo, lo que dejaba ver que ser\u00edan pruebas cortas, en un d\u00eda donde la constante lluvia dio tregua por pocos minutos para caer con intensidad m\u00e1s tarde.<\/p>\n<p>Los dos oaxaque\u00f1os que entraron en competencia hicieron bien las cosas, sobre todo Ricardo Morales, que siempre estuvo en el grupo puntero y al regresar en el \u00faltimo tramo de carrera, apareci\u00f3 en solitario para cruzar la meta con un tiempo de 20 minutos y 20 segundos tras un kil\u00f3metro de carrera, 6.2 de ciclismo y 1.5 m\u00e1s a pie, superando por 15 segundos a Ren\u00e9 Garc\u00eda, de Durango y H\u00e9ctor Morales de Jalisco.<\/p>\n<p>En la competencia previa, Cecilia Ram\u00edrez entr\u00f3 en la segunda posici\u00f3n con una marca de 22 minutos y 33 segundos, superada por Anah\u00ed \u00c1lvarez de Durango, que super\u00f3 a la oaxaque\u00f1a por diferencia de nueve segundos, en el mismo recorrido que hicieron los hombres. La competencia de las damas fue re\u00f1ida y Cecilia siempre se mantuvo en los punteros, logrando remontar lugares, pero sin poder alcanzar a la medallista de oro.<\/p>\n<p>El par de deportistas confirman su nivel en Juegos Nacionales, luego de su participaci\u00f3n un d\u00eda antes en la Copa Continental convocada por la Federaci\u00f3n Mexicana de Triatl\u00f3n (Femetri) que se realiz\u00f3 en este mismo lugar y donde Cecilia entr\u00f3 como cuarto lugar en la categor\u00eda \u00c9lite, superando incluso a personas como Adriana Barraza.<\/p>\n<p>Al finalizar las competencias y con la lluvia sin caer por el momento, se realiz\u00f3 la premiaci\u00f3n de los participantes, en la cual Montserrat de los \u00c1ngeles Arag\u00f3n Heinze, titular del Instituto de Cultura F\u00edsica y Deporte de Oaxaca (Incude Oaxaca), se encarg\u00f3 de premiar a los ganadores de diferentes estados, incluidos los metales de los oaxaque\u00f1os, junto con sus hom\u00f3logos Rom\u00e1n Bello, de Guerrero y Jorge D\u00edaz, de Michoac\u00e1n.<\/p>\n<p><a href=\"http:\/\/www.eloriente.net\/home\/wp-content\/uploads\/2021\/06\/Oaxaquen\u0303os-en-Juegos-Nacionales-CONADE-2021-Gobierno-de-Oaxaca.jpg\"><img loading=\"lazy\" decoding=\"async\" class=\"alignnone size-large wp-image-64731\" src=\"http:\/\/www.eloriente.net\/home\/wp-content\/uploads\/2021\/06\/Oaxaquen\u0303os-en-Juegos-Nacionales-CONADE-2021-Gobierno-de-Oaxaca-720x1024.jpg\" alt=\"\" width=\"640\" height=\"910\" srcset=\"http:\/\/www.eloriente.net\/home\/wp-content\/uploads\/2021\/06\/Oaxaquen\u0303os-en-Juegos-Nacionales-CONADE-2021-Gobierno-de-Oaxaca-720x1024.jpg 720w, http:\/\/www.eloriente.net\/home\/wp-content\/uploads\/2021\/06\/Oaxaquen\u0303os-en-Juegos-Nacionales-CONADE-2021-Gobierno-de-Oaxaca-211x300.jpg 211w, http:\/\/www.eloriente.net\/home\/wp-content\/uploads\/2021\/06\/Oaxaquen\u0303os-en-Juegos-Nacionales-CONADE-2021-Gobierno-de-Oaxaca-696x989.jpg 696w, http:\/\/www.eloriente.net\/home\/wp-content\/uploads\/2021\/06\/Oaxaquen\u0303os-en-Juegos-Nacionales-CONADE-2021-Gobierno-de-Oaxaca-295x420.jpg 295w, http:\/\/www.eloriente.net\/home\/wp-content\/uploads\/2021\/06\/Oaxaquen\u0303os-en-Juegos-Nacionales-CONADE-2021-Gobierno-de-Oaxaca-600x853.jpg 600w, http:\/\/www.eloriente.net\/home\/wp-content\/uploads\/2021\/06\/Oaxaquen\u0303os-en-Juegos-Nacionales-CONADE-2021-Gobierno-de-Oaxaca.jpg 766w\" sizes=\"(max-width: 640px) 100vw, 640px\" \/><\/a><\/p>\n<p><script async src=\"https:\/\/pagead2.googlesyndication.com\/pagead\/js\/adsbygoogle.js\"><\/script><br \/>\n<ins class=\"adsbygoogle\" style=\"display: block;\" data-ad-format=\"autorelaxed\" data-ad-client=\"ca-pub-1136171134853753\" data-ad-slot=\"4595267748\"><\/ins><br \/>\n<script>\n     (adsbygoogle = window.adsbygoogle || []).push({});\n<\/script><\/p>\n\n\t\t\t  <div \n\t\t\t  \tclass = \"fb-comments\" \n\t\t\t  \tdata-href = \"http:\/\/www.eloriente.net\/home\/2021\/06\/28\/ricardo-morales-y-cecilia-ramirez-de-oaxaca-son-medallistas-en-juegos-nacionales\/\"\n\t\t\t  \tdata-numposts = \"10\"\n\t\t\t\tdata-colorscheme = \"dark\"\n\t\t\t\tdata-order-by = \"social\"\n\t\t\t\tdata-mobile=true>\n\t\t\t  <\/div>\n\t\t  <style>\n\t\t\t.fb_iframe_widget_fluid_desktop iframe {\n\t\t\t    width: 100% !important;\n\t\t\t}\n\t\t  <\/style>\n\t\t  ","protected":false},"excerpt":{"rendered":"<p>\u00a0Oaxaca aparece en el segundo d\u00eda actividad del triatl\u00f3n de los Juegos Nacionales Conade con la medalla de oro de Ricardo Morales V\u00e1squez y la plata de Cecilia Ram\u00edrez Alavez, en la m\u00e1xima categor\u00eda, la Sub 21, abriendo as\u00ed la cosecha de medallas para Oaxaca en esta edici\u00f3n 2021. Las acciones arrancaron poco despu\u00e9s de [&hellip;]<\/p>\n","protected":false},"author":1,"featured_media":64730,"comment_status":"open","ping_status":"open","sticky":false,"template":"","format":"standard","meta":{"_jetpack_memberships_contains_paid_content":false,"footnotes":""},"categories":[15,32,13,63,10504,10,464],"tags":[12321,12198,12323,12324,12322],"class_list":["post-64728","post","type-post","status-publish","format-standard","has-post-thumbnail","hentry","category-deportes","category-entradas","category-especiales","category-estados","category-las-ultimas-12","category-lo-mas-reciente","category-oaxaca-estados","tag-cecilia-ramirez-alavez","tag-incude","tag-juegos-nacionales-conade","tag-medallistas-de-oaxaca","tag-ricardo-morales-vasquez"],"jetpack_featured_media_url":"http:\/\/www.eloriente.net\/home\/wp-content\/uploads\/2021\/06\/Oaxaquen\u0303os-en-Juegos-CONADE-2021-Gobierno-de-Oaxaca.jpg","jetpack_sharing_enabled":true,"_links":{"self":[{"href":"http:\/\/www.eloriente.net\/home\/wp-json\/wp\/v2\/posts\/64728"}],"collection":[{"href":"http:\/\/www.eloriente.net\/home\/wp-json\/wp\/v2\/posts"}],"about":[{"href":"http:\/\/www.eloriente.net\/home\/wp-json\/wp\/v2\/types\/post"}],"author":[{"embeddable":true,"href":"http:\/\/www.eloriente.net\/home\/wp-json\/wp\/v2\/users\/1"}],"replies":[{"embeddable":true,"href":"http:\/\/www.eloriente.net\/home\/wp-json\/wp\/v2\/comments?post=64728"}],"version-history":[{"count":1,"href":"http:\/\/www.eloriente.net\/home\/wp-json\/wp\/v2\/posts\/64728\/revisions"}],"predecessor-version":[{"id":64732,"href":"http:\/\/www.eloriente.net\/home\/wp-json\/wp\/v2\/posts\/64728\/revisions\/64732"}],"wp:featuredmedia":[{"embeddable":true,"href":"http:\/\/www.eloriente.net\/home\/wp-json\/wp\/v2\/media\/64730"}],"wp:attachment":[{"href":"http:\/\/www.eloriente.net\/home\/wp-json\/wp\/v2\/media?parent=64728"}],"wp:term":[{"taxonomy":"category","embeddable":true,"href":"http:\/\/www.eloriente.net\/home\/wp-json\/wp\/v2\/categories?post=64728"},{"taxonomy":"post_tag","embeddable":true,"href":"http:\/\/www.eloriente.net\/home\/wp-json\/wp\/v2\/tags?post=64728"}],"curies":[{"name":"wp","href":"https:\/\/api.w.org\/{rel}","templated":true}]}}