{"id":6474,"date":"2012-12-26T11:40:02","date_gmt":"2012-12-26T17:40:02","guid":{"rendered":"http:\/\/www.eloriente.net\/home\/?p=6474"},"modified":"2012-12-26T11:40:02","modified_gmt":"2012-12-26T17:40:02","slug":"xiii-festival-del-mar-en-salina-cruz","status":"publish","type":"post","link":"http:\/\/www.eloriente.net\/home\/2012\/12\/26\/xiii-festival-del-mar-en-salina-cruz\/","title":{"rendered":"XIII Festival del Mar en Salina Cruz"},"content":{"rendered":"<p>eloriente.net\/ <a href=\"http:\/\/www.facebook.com\/municipiosalinacruz\" target=\"_blank\">@Municipio Salina Cruz<\/a><\/p>\n<p>26 de diciembre de 2012<\/p>\n<p>eloriente.net (Oaxaca, Oax.) 26 de diciembre de 2012.- Del 26 al 30 de diciembre, el municipio de Salina Cruz llevar\u00e1 a cabo el XIII Festival del Mar con el objetivo de dar a conocer los talentos y las riquezas culturales de la regi\u00f3n istme\u00f1a a los visitantes locales y for\u00e1neos durante esta temporada decembrina.<\/p>\n<p>En este Festival se contar\u00e1 con la participaci\u00f3n de los municipios vecinos como Santo Domingo Tehuantepec, Magdalena Tequisistl\u00e1n, Juchit\u00e1n de Zaragoza, Santa Mar\u00eda Mixtequilla y Espinal Oaxaca.<\/p>\n<p>El festival inicia este mi\u00e9rcoles 26 de diciembre en la explanada municipal con la gran calenda Festival de Mar, la cual recorrer\u00e1 las principales avenidas del centro de la ciudad, posteriormente la Orquesta Primavera ofrecer\u00e1 un concierto en la explanada municipal.<\/p>\n<p>El jueves 27 de diciembre, a partir\u00a0 de las 10 de la ma\u00f1ana se ofrecer\u00e1 un taller de pintura para ni\u00f1os en la cancha municipal,\u00a0 a las 11 de la ma\u00f1ana la banda \u201cSanta Catarina\u201d se presentar\u00e1 en el parque Independencia y a partir de las 18:00 horas, \u00c1ngela Reyes Villalobos dar\u00e1 apertura al evento vespertino en donde la cantante zapoteca Jacinta Fuentes ofrecer\u00e1 un concierto en la explanada municipal.<\/p>\n<p>El viernes 28 a las 11 horas la Banda Filarm\u00f3nica \u201cSanduga\u201d de Tehuantepec se presentar\u00e1 en el parque central, posteriormente a las 18:00 la academia de danza polinesia \u201cTiare Tahit\u00ed\u201d bailar\u00e1 en la explanada municipal y en donde adem\u00e1s se presentar\u00e1 el grupo de Danza Folcl\u00f3rica de Magdalena Tequsistl\u00e1n.<\/p>\n<p>Para el 29 de diciembre se llevar\u00e1 a cabo una exposici\u00f3n de manualidades de artistas pl\u00e1sticos de la regi\u00f3n a partir del medio d\u00eda en la cancha municipal, y a las 18:00 hrs. en la explanada municipal se presentar\u00e1n el grupo \u201cGugu Huini\u201d de Juchit\u00e1n y la\u00a0 \u201cGuelaguetza\u201d del grupo de Valle Nacional.<\/p>\n<p>El \u00a0XIII Festival del Mar finalizar\u00e1 el domingo 30 de diciembre a 17:00 horas con un recorrido al interior de la Administraci\u00f3n Portuaria \u00a0Integral (API), en donde colocar\u00e1n una ofrenda floral para posteriormente retornar a la explanada municipal a disfrutar de la presentaci\u00f3n de la Banda \u201cDonaj\u00ed\u201d.<\/p>\n<p><a href=\"http:\/\/www.eloriente.net\/home\/wp-content\/uploads\/2012\/12\/Festival-del-mar.jpg\"><img loading=\"lazy\" decoding=\"async\" class=\"aligncenter size-medium wp-image-6475\" title=\"Festival del mar\" src=\"http:\/\/www.eloriente.net\/home\/wp-content\/uploads\/2012\/12\/Festival-del-mar-300x185.jpg\" alt=\"\" width=\"300\" height=\"185\" srcset=\"http:\/\/www.eloriente.net\/home\/wp-content\/uploads\/2012\/12\/Festival-del-mar-300x185.jpg 300w, http:\/\/www.eloriente.net\/home\/wp-content\/uploads\/2012\/12\/Festival-del-mar.jpg 720w\" sizes=\"(max-width: 300px) 100vw, 300px\" \/><\/a><\/p>\n\n\t\t\t  <div \n\t\t\t  \tclass = \"fb-comments\" \n\t\t\t  \tdata-href = \"http:\/\/www.eloriente.net\/home\/2012\/12\/26\/xiii-festival-del-mar-en-salina-cruz\/\"\n\t\t\t  \tdata-numposts = \"10\"\n\t\t\t\tdata-colorscheme = \"dark\"\n\t\t\t\tdata-order-by = \"social\"\n\t\t\t\tdata-mobile=true>\n\t\t\t  <\/div>\n\t\t  <style>\n\t\t\t.fb_iframe_widget_fluid_desktop iframe {\n\t\t\t    width: 100% !important;\n\t\t\t}\n\t\t  <\/style>\n\t\t  ","protected":false},"excerpt":{"rendered":"<p>eloriente.net\/ @Municipio Salina Cruz 26 de diciembre de 2012 eloriente.net (Oaxaca, Oax.) 26 de diciembre de 2012.- Del 26 al 30 de diciembre, el municipio de Salina Cruz llevar\u00e1 a cabo el XIII Festival del Mar con el objetivo de dar a conocer los talentos y las riquezas culturales de la regi\u00f3n istme\u00f1a a los [&hellip;]<\/p>\n","protected":false},"author":1,"featured_media":6475,"comment_status":"open","ping_status":"open","sticky":false,"template":"","format":"standard","meta":{"_jetpack_memberships_contains_paid_content":false,"footnotes":""},"categories":[18,32,10,23],"tags":[],"class_list":["post-6474","post","type-post","status-publish","format-standard","has-post-thumbnail","hentry","category-educacion-y-cultura","category-entradas","category-lo-mas-reciente","category-municipios"],"jetpack_featured_media_url":"http:\/\/www.eloriente.net\/home\/wp-content\/uploads\/2012\/12\/Festival-del-mar.jpg","jetpack_sharing_enabled":true,"_links":{"self":[{"href":"http:\/\/www.eloriente.net\/home\/wp-json\/wp\/v2\/posts\/6474"}],"collection":[{"href":"http:\/\/www.eloriente.net\/home\/wp-json\/wp\/v2\/posts"}],"about":[{"href":"http:\/\/www.eloriente.net\/home\/wp-json\/wp\/v2\/types\/post"}],"author":[{"embeddable":true,"href":"http:\/\/www.eloriente.net\/home\/wp-json\/wp\/v2\/users\/1"}],"replies":[{"embeddable":true,"href":"http:\/\/www.eloriente.net\/home\/wp-json\/wp\/v2\/comments?post=6474"}],"version-history":[{"count":1,"href":"http:\/\/www.eloriente.net\/home\/wp-json\/wp\/v2\/posts\/6474\/revisions"}],"predecessor-version":[{"id":6476,"href":"http:\/\/www.eloriente.net\/home\/wp-json\/wp\/v2\/posts\/6474\/revisions\/6476"}],"wp:featuredmedia":[{"embeddable":true,"href":"http:\/\/www.eloriente.net\/home\/wp-json\/wp\/v2\/media\/6475"}],"wp:attachment":[{"href":"http:\/\/www.eloriente.net\/home\/wp-json\/wp\/v2\/media?parent=6474"}],"wp:term":[{"taxonomy":"category","embeddable":true,"href":"http:\/\/www.eloriente.net\/home\/wp-json\/wp\/v2\/categories?post=6474"},{"taxonomy":"post_tag","embeddable":true,"href":"http:\/\/www.eloriente.net\/home\/wp-json\/wp\/v2\/tags?post=6474"}],"curies":[{"name":"wp","href":"https:\/\/api.w.org\/{rel}","templated":true}]}}