{"id":64827,"date":"2021-07-28T10:55:52","date_gmt":"2021-07-28T16:55:52","guid":{"rendered":"http:\/\/www.eloriente.net\/home\/?p=64827"},"modified":"2021-07-28T10:57:42","modified_gmt":"2021-07-28T16:57:42","slug":"disminuye-25-tasa-anual-de-homicidios-en-oaxaca","status":"publish","type":"post","link":"http:\/\/www.eloriente.net\/home\/2021\/07\/28\/disminuye-25-tasa-anual-de-homicidios-en-oaxaca\/","title":{"rendered":"Disminuye 25% tasa anual de homicidios en Oaxaca"},"content":{"rendered":"<p><center><script async src=\"https:\/\/pagead2.googlesyndication.com\/pagead\/js\/adsbygoogle.js\"><\/script><br \/>\n<!-- BANNER ELORIENTE INCRUSTADO NOTAS --><br \/>\n<ins class=\"adsbygoogle\" style=\"display: inline-block; width: 300px; height: 250px;\" data-ad-client=\"ca-pub-1136171134853753\" data-ad-slot=\"7974633627\"><\/ins><br \/>\n<script>\n     (adsbygoogle = window.adsbygoogle || []).push({});\n<\/script><center><\/center><\/center>El a\u00f1o 2020 fue uno de los m\u00e1s complejos en la historia de la humanidad. La pandemia cambi\u00f3 todo, incluyendo los h\u00e1bitos y la conducta de los habitantes de la ciudades y poblados.<\/p>\n<p>El confinamiento obligatorio, la p\u00e9rdida de empleos y el cambio en actividades econ\u00f3micas, son alguno de los factores que deben estar presentes al momento de analizar cualquier cifra estad\u00edstica o diagn\u00f3stico.<\/p>\n<p>Es el caso de las estad\u00edsticas preliminares que ha dado a conocer el Instituto Nacional de Estad\u00edstica y Geograf\u00eda (INEGI) sobre los homicidios registrados en M\u00e9xico durante el a\u00f1o 2020.<\/p>\n<p>Desafortunadamente, se registraron 35,579 homicidios en el pa\u00eds, con una raz\u00f3n de 29 homicidios por cada 100 mil habitantes. Lo anterior, calculado seg\u00fan informaci\u00f3n de 362 Oficial\u00edas del Registro Civil, 256 Agencias del Ministerio P\u00fablico y 104 Servicios M\u00e9dicos Forenses.<\/p>\n<p>Para establecer las defunciones pueden considerarse homicidios, el INEGI considera que estos: \u00abforman parte de las defunciones accidentales y violentas, cuya clasificaci\u00f3n se determina con base en las afecciones y lesiones (causas), la presunci\u00f3n del tipo de defunci\u00f3n y el motivo de la lesi\u00f3n, registrados por el certificante en el certificado de defunci\u00f3n. Las primeras dos son fundamentales para distinguir entre un presunto homicidio, un presunto accidente o un presunto suicidio, aunque en algunos casos el certificante carece de elementos suficientes para identificar la intencionalidad del hecho ocurrido\u00bb.<\/p>\n<h3><script async src=\"https:\/\/pagead2.googlesyndication.com\/pagead\/js\/adsbygoogle.js\"><\/script><br \/>\n<ins class=\"adsbygoogle\" style=\"display: block; text-align: center;\" data-ad-layout=\"in-article\" data-ad-format=\"fluid\" data-ad-client=\"ca-pub-1136171134853753\" data-ad-slot=\"4724569608\"><\/ins><br \/>\n<script>\n     (adsbygoogle = window.adsbygoogle || []).push({});\n<\/script>Los datos nacionales<\/h3>\n<figure id=\"attachment_64828\" aria-describedby=\"caption-attachment-64828\" style=\"width: 640px\" class=\"wp-caption alignnone\"><a href=\"http:\/\/www.eloriente.net\/home\/wp-content\/uploads\/2021\/07\/Captura-de-pantalla-2021-07-28-a-las-11.31.02.png\"><img loading=\"lazy\" decoding=\"async\" class=\"size-large wp-image-64828\" src=\"http:\/\/www.eloriente.net\/home\/wp-content\/uploads\/2021\/07\/Captura-de-pantalla-2021-07-28-a-las-11.31.02-1024x671.png\" alt=\"\" width=\"640\" height=\"419\" srcset=\"http:\/\/www.eloriente.net\/home\/wp-content\/uploads\/2021\/07\/Captura-de-pantalla-2021-07-28-a-las-11.31.02-1024x671.png 1024w, http:\/\/www.eloriente.net\/home\/wp-content\/uploads\/2021\/07\/Captura-de-pantalla-2021-07-28-a-las-11.31.02-300x197.png 300w, http:\/\/www.eloriente.net\/home\/wp-content\/uploads\/2021\/07\/Captura-de-pantalla-2021-07-28-a-las-11.31.02-768x503.png 768w, http:\/\/www.eloriente.net\/home\/wp-content\/uploads\/2021\/07\/Captura-de-pantalla-2021-07-28-a-las-11.31.02-696x456.png 696w, http:\/\/www.eloriente.net\/home\/wp-content\/uploads\/2021\/07\/Captura-de-pantalla-2021-07-28-a-las-11.31.02-741x486.png 741w, http:\/\/www.eloriente.net\/home\/wp-content\/uploads\/2021\/07\/Captura-de-pantalla-2021-07-28-a-las-11.31.02-1068x700.png 1068w, http:\/\/www.eloriente.net\/home\/wp-content\/uploads\/2021\/07\/Captura-de-pantalla-2021-07-28-a-las-11.31.02-641x420.png 641w, http:\/\/www.eloriente.net\/home\/wp-content\/uploads\/2021\/07\/Captura-de-pantalla-2021-07-28-a-las-11.31.02-600x393.png 600w, http:\/\/www.eloriente.net\/home\/wp-content\/uploads\/2021\/07\/Captura-de-pantalla-2021-07-28-a-las-11.31.02.png 1492w\" sizes=\"(max-width: 640px) 100vw, 640px\" \/><\/a><figcaption id=\"caption-attachment-64828\" class=\"wp-caption-text\">Gr\u00e1fica Homicidios a nivel nacional, 1990 a 2020 INEGI, julio 2021<\/figcaption><\/figure>\n<figure id=\"attachment_64829\" aria-describedby=\"caption-attachment-64829\" style=\"width: 640px\" class=\"wp-caption alignnone\"><a href=\"http:\/\/www.eloriente.net\/home\/wp-content\/uploads\/2021\/07\/Captura-de-pantalla-2021-07-28-a-las-11.31.12.png\"><img loading=\"lazy\" decoding=\"async\" class=\"size-large wp-image-64829\" src=\"http:\/\/www.eloriente.net\/home\/wp-content\/uploads\/2021\/07\/Captura-de-pantalla-2021-07-28-a-las-11.31.12-1024x769.png\" alt=\"\" width=\"640\" height=\"481\" srcset=\"http:\/\/www.eloriente.net\/home\/wp-content\/uploads\/2021\/07\/Captura-de-pantalla-2021-07-28-a-las-11.31.12-1024x769.png 1024w, http:\/\/www.eloriente.net\/home\/wp-content\/uploads\/2021\/07\/Captura-de-pantalla-2021-07-28-a-las-11.31.12-300x225.png 300w, http:\/\/www.eloriente.net\/home\/wp-content\/uploads\/2021\/07\/Captura-de-pantalla-2021-07-28-a-las-11.31.12-768x577.png 768w, http:\/\/www.eloriente.net\/home\/wp-content\/uploads\/2021\/07\/Captura-de-pantalla-2021-07-28-a-las-11.31.12-80x60.png 80w, http:\/\/www.eloriente.net\/home\/wp-content\/uploads\/2021\/07\/Captura-de-pantalla-2021-07-28-a-las-11.31.12-265x198.png 265w, http:\/\/www.eloriente.net\/home\/wp-content\/uploads\/2021\/07\/Captura-de-pantalla-2021-07-28-a-las-11.31.12-696x522.png 696w, http:\/\/www.eloriente.net\/home\/wp-content\/uploads\/2021\/07\/Captura-de-pantalla-2021-07-28-a-las-11.31.12-1068x802.png 1068w, http:\/\/www.eloriente.net\/home\/wp-content\/uploads\/2021\/07\/Captura-de-pantalla-2021-07-28-a-las-11.31.12-559x420.png 559w, http:\/\/www.eloriente.net\/home\/wp-content\/uploads\/2021\/07\/Captura-de-pantalla-2021-07-28-a-las-11.31.12-600x450.png 600w, http:\/\/www.eloriente.net\/home\/wp-content\/uploads\/2021\/07\/Captura-de-pantalla-2021-07-28-a-las-11.31.12.png 1444w\" sizes=\"(max-width: 640px) 100vw, 640px\" \/><\/a><figcaption id=\"caption-attachment-64829\" class=\"wp-caption-text\">Tasa de Homicidios a nivel nacional, 1990 a 2020 INEGI, julio 2021<\/figcaption><\/figure>\n<p>Como es notorio en las gr\u00e1ficas, aunque en n\u00fameros absolutos los n\u00fameros entre 2018 y 2020 no han disminuido, lo cierto es que tampoco han continuado ascendiendo como fue la tendencia a partir del a\u00f1o 2015, 2016 y 2017.<\/p>\n<p>De hecho la tasa de homicidios por cada 100 mil habitantes se ha mantenido estable en 29, en los m\u00e1s recientes 3 a\u00f1os.<\/p>\n<p>A nivel nacional, la causa con mayores registros de defunci\u00f3n es la agresi\u00f3n con objeto cortante, pues debido al desglose no puede saberse si el concepto Agresi\u00f3n con disparo de otras armas de fuego y las no especificadas, incluye alguna causa en especial.<\/p>\n<p><a href=\"http:\/\/www.eloriente.net\/home\/wp-content\/uploads\/2021\/07\/Captura-de-pantalla-2021-07-28-a-las-11.37.30.png\"><img loading=\"lazy\" decoding=\"async\" class=\"alignnone size-large wp-image-64830\" src=\"http:\/\/www.eloriente.net\/home\/wp-content\/uploads\/2021\/07\/Captura-de-pantalla-2021-07-28-a-las-11.37.30-1024x1015.png\" alt=\"\" width=\"640\" height=\"634\" srcset=\"http:\/\/www.eloriente.net\/home\/wp-content\/uploads\/2021\/07\/Captura-de-pantalla-2021-07-28-a-las-11.37.30-1024x1015.png 1024w, http:\/\/www.eloriente.net\/home\/wp-content\/uploads\/2021\/07\/Captura-de-pantalla-2021-07-28-a-las-11.37.30-150x150.png 150w, http:\/\/www.eloriente.net\/home\/wp-content\/uploads\/2021\/07\/Captura-de-pantalla-2021-07-28-a-las-11.37.30-300x297.png 300w, http:\/\/www.eloriente.net\/home\/wp-content\/uploads\/2021\/07\/Captura-de-pantalla-2021-07-28-a-las-11.37.30-768x762.png 768w, http:\/\/www.eloriente.net\/home\/wp-content\/uploads\/2021\/07\/Captura-de-pantalla-2021-07-28-a-las-11.37.30-696x690.png 696w, http:\/\/www.eloriente.net\/home\/wp-content\/uploads\/2021\/07\/Captura-de-pantalla-2021-07-28-a-las-11.37.30-1068x1059.png 1068w, http:\/\/www.eloriente.net\/home\/wp-content\/uploads\/2021\/07\/Captura-de-pantalla-2021-07-28-a-las-11.37.30-424x420.png 424w, http:\/\/www.eloriente.net\/home\/wp-content\/uploads\/2021\/07\/Captura-de-pantalla-2021-07-28-a-las-11.37.30-600x595.png 600w, http:\/\/www.eloriente.net\/home\/wp-content\/uploads\/2021\/07\/Captura-de-pantalla-2021-07-28-a-las-11.37.30-100x100.png 100w, http:\/\/www.eloriente.net\/home\/wp-content\/uploads\/2021\/07\/Captura-de-pantalla-2021-07-28-a-las-11.37.30.png 1426w\" sizes=\"(max-width: 640px) 100vw, 640px\" \/><\/a><\/p>\n<h3><script async src=\"https:\/\/pagead2.googlesyndication.com\/pagead\/js\/adsbygoogle.js\"><\/script><br \/>\n<ins class=\"adsbygoogle\" style=\"display: block; text-align: center;\" data-ad-layout=\"in-article\" data-ad-format=\"fluid\" data-ad-client=\"ca-pub-1136171134853753\" data-ad-slot=\"4724569608\"><\/ins><br \/>\n<script>\n     (adsbygoogle = window.adsbygoogle || []).push({});\n<\/script><br \/>\nHomicidios en Oaxaca<\/h3>\n<p>En el a\u00f1o 2020 se registraron 875 defunciones, n\u00famero menor a los registrados en los a\u00f1os 2017, 2018 y 2019, en los cuales se rebas\u00f3 el millar de homicidios cada a\u00f1o: 1,018 en 2017; 1,128 en 2018 y 1,164 en 2019.<\/p>\n<p>Esto ubica a Oaxaca entre los 23 estados que lograron reducirlos en t\u00e9rminos absolutos entre el a\u00f1o 2019 y 2020.<\/p>\n<p>Como puede desprenderse de las siguientes gr\u00e1ficas, Chihuahua, Guanajuato, San Luis Potos\u00ed y Zacatecas, son entidades que simbolizan los renovados focos rojos en el pa\u00eds debido al aumento exponencial de este delito en sus territorios.<\/p>\n<figure id=\"attachment_64831\" aria-describedby=\"caption-attachment-64831\" style=\"width: 640px\" class=\"wp-caption alignnone\"><a href=\"http:\/\/www.eloriente.net\/home\/wp-content\/uploads\/2021\/07\/Captura-de-pantalla-2021-07-28-a-las-11.47.50.png\"><img loading=\"lazy\" decoding=\"async\" class=\"size-large wp-image-64831\" src=\"http:\/\/www.eloriente.net\/home\/wp-content\/uploads\/2021\/07\/Captura-de-pantalla-2021-07-28-a-las-11.47.50-964x1024.png\" alt=\"\" width=\"640\" height=\"680\" srcset=\"http:\/\/www.eloriente.net\/home\/wp-content\/uploads\/2021\/07\/Captura-de-pantalla-2021-07-28-a-las-11.47.50-964x1024.png 964w, http:\/\/www.eloriente.net\/home\/wp-content\/uploads\/2021\/07\/Captura-de-pantalla-2021-07-28-a-las-11.47.50-282x300.png 282w, http:\/\/www.eloriente.net\/home\/wp-content\/uploads\/2021\/07\/Captura-de-pantalla-2021-07-28-a-las-11.47.50-768x816.png 768w, http:\/\/www.eloriente.net\/home\/wp-content\/uploads\/2021\/07\/Captura-de-pantalla-2021-07-28-a-las-11.47.50-696x739.png 696w, http:\/\/www.eloriente.net\/home\/wp-content\/uploads\/2021\/07\/Captura-de-pantalla-2021-07-28-a-las-11.47.50-1068x1134.png 1068w, http:\/\/www.eloriente.net\/home\/wp-content\/uploads\/2021\/07\/Captura-de-pantalla-2021-07-28-a-las-11.47.50-395x420.png 395w, http:\/\/www.eloriente.net\/home\/wp-content\/uploads\/2021\/07\/Captura-de-pantalla-2021-07-28-a-las-11.47.50-600x637.png 600w, http:\/\/www.eloriente.net\/home\/wp-content\/uploads\/2021\/07\/Captura-de-pantalla-2021-07-28-a-las-11.47.50.png 1510w\" sizes=\"(max-width: 640px) 100vw, 640px\" \/><\/a><figcaption id=\"caption-attachment-64831\" class=\"wp-caption-text\">Homicidios por entidad federativa, 2009 a 2020 en M\u00e9xico, INEGI, julio 2021<\/figcaption><\/figure>\n<figure id=\"attachment_64832\" aria-describedby=\"caption-attachment-64832\" style=\"width: 640px\" class=\"wp-caption alignnone\"><a href=\"http:\/\/www.eloriente.net\/home\/wp-content\/uploads\/2021\/07\/Captura-de-pantalla-2021-07-28-a-las-11.48.05.png\"><img loading=\"lazy\" decoding=\"async\" class=\"wp-image-64832 size-large\" src=\"http:\/\/www.eloriente.net\/home\/wp-content\/uploads\/2021\/07\/Captura-de-pantalla-2021-07-28-a-las-11.48.05-956x1024.png\" alt=\"\" width=\"640\" height=\"686\" srcset=\"http:\/\/www.eloriente.net\/home\/wp-content\/uploads\/2021\/07\/Captura-de-pantalla-2021-07-28-a-las-11.48.05-956x1024.png 956w, http:\/\/www.eloriente.net\/home\/wp-content\/uploads\/2021\/07\/Captura-de-pantalla-2021-07-28-a-las-11.48.05-280x300.png 280w, http:\/\/www.eloriente.net\/home\/wp-content\/uploads\/2021\/07\/Captura-de-pantalla-2021-07-28-a-las-11.48.05-768x823.png 768w, http:\/\/www.eloriente.net\/home\/wp-content\/uploads\/2021\/07\/Captura-de-pantalla-2021-07-28-a-las-11.48.05-696x746.png 696w, http:\/\/www.eloriente.net\/home\/wp-content\/uploads\/2021\/07\/Captura-de-pantalla-2021-07-28-a-las-11.48.05-1068x1144.png 1068w, http:\/\/www.eloriente.net\/home\/wp-content\/uploads\/2021\/07\/Captura-de-pantalla-2021-07-28-a-las-11.48.05-392x420.png 392w, http:\/\/www.eloriente.net\/home\/wp-content\/uploads\/2021\/07\/Captura-de-pantalla-2021-07-28-a-las-11.48.05-600x643.png 600w, http:\/\/www.eloriente.net\/home\/wp-content\/uploads\/2021\/07\/Captura-de-pantalla-2021-07-28-a-las-11.48.05.png 1458w\" sizes=\"(max-width: 640px) 100vw, 640px\" \/><\/a><figcaption id=\"caption-attachment-64832\" class=\"wp-caption-text\">Tasa de Homicidios por entidad federativa, 2009 a 2020 en M\u00e9xico, INEGI, julio 2021<\/figcaption><\/figure>\n<p>Para consultar el reporte completo de INEGI <a href=\"https:\/\/www.inegi.org.mx\/contenidos\/saladeprensa\/boletines\/2021\/EstSociodemo\/Defcioneshomicidio2020.pdf\" target=\"_blank\" rel=\"noopener\"><strong>da click aqu\u00ed.<\/strong><\/a><\/p>\n<h3>M\u00e1s videos en el Canal de Youtube de El Oriente:<\/h3>\n<p><iframe loading=\"lazy\" title=\"YouTube video player\" src=\"https:\/\/www.youtube.com\/embed\/F6hoeuFuan8\" width=\"560\" height=\"315\" frameborder=\"0\" allowfullscreen=\"allowfullscreen\"><\/iframe><\/p>\n<p><script async src=\"https:\/\/pagead2.googlesyndication.com\/pagead\/js\/adsbygoogle.js\"><\/script><br \/>\n<ins class=\"adsbygoogle\" style=\"display: block;\" data-ad-format=\"autorelaxed\" data-ad-client=\"ca-pub-1136171134853753\" data-ad-slot=\"4595267748\"><\/ins><br \/>\n<script>\n     (adsbygoogle = window.adsbygoogle || []).push({});\n<\/script><\/p>\n\n\t\t\t  <div \n\t\t\t  \tclass = \"fb-comments\" \n\t\t\t  \tdata-href = \"http:\/\/www.eloriente.net\/home\/2021\/07\/28\/disminuye-25-tasa-anual-de-homicidios-en-oaxaca\/\"\n\t\t\t  \tdata-numposts = \"10\"\n\t\t\t\tdata-colorscheme = \"dark\"\n\t\t\t\tdata-order-by = \"social\"\n\t\t\t\tdata-mobile=true>\n\t\t\t  <\/div>\n\t\t  <style>\n\t\t\t.fb_iframe_widget_fluid_desktop iframe {\n\t\t\t    width: 100% !important;\n\t\t\t}\n\t\t  <\/style>\n\t\t  ","protected":false},"excerpt":{"rendered":"<p>El a\u00f1o 2020 fue uno de los m\u00e1s complejos en la historia de la humanidad. La pandemia cambi\u00f3 todo, incluyendo los h\u00e1bitos y la conducta de los habitantes de la ciudades y poblados. El confinamiento obligatorio, la p\u00e9rdida de empleos y el cambio en actividades econ\u00f3micas, son alguno de los factores que deben estar presentes [&hellip;]<\/p>\n","protected":false},"author":1,"featured_media":64828,"comment_status":"open","ping_status":"open","sticky":false,"template":"","format":"standard","meta":{"_jetpack_memberships_contains_paid_content":false,"footnotes":""},"categories":[49,32,13,63,10504,10,24,464,21],"tags":[12374,12372,12373,73,7019],"class_list":["post-64827","post","type-post","status-publish","format-standard","has-post-thumbnail","hentry","category-destacadas","category-entradas","category-especiales","category-estados","category-las-ultimas-12","category-lo-mas-reciente","category-mexico-y-el-mundo","category-oaxaca-estados","category-politica-y-gobierno","tag-estadisticas-de-seguridad-oaxaca","tag-homicidios-en-mexico","tag-homicidios-en-oaxaca","tag-oaxaca","tag-seguridad-oaxaca"],"jetpack_featured_media_url":"http:\/\/www.eloriente.net\/home\/wp-content\/uploads\/2021\/07\/Captura-de-pantalla-2021-07-28-a-las-11.31.02.png","jetpack_sharing_enabled":true,"_links":{"self":[{"href":"http:\/\/www.eloriente.net\/home\/wp-json\/wp\/v2\/posts\/64827"}],"collection":[{"href":"http:\/\/www.eloriente.net\/home\/wp-json\/wp\/v2\/posts"}],"about":[{"href":"http:\/\/www.eloriente.net\/home\/wp-json\/wp\/v2\/types\/post"}],"author":[{"embeddable":true,"href":"http:\/\/www.eloriente.net\/home\/wp-json\/wp\/v2\/users\/1"}],"replies":[{"embeddable":true,"href":"http:\/\/www.eloriente.net\/home\/wp-json\/wp\/v2\/comments?post=64827"}],"version-history":[{"count":3,"href":"http:\/\/www.eloriente.net\/home\/wp-json\/wp\/v2\/posts\/64827\/revisions"}],"predecessor-version":[{"id":64835,"href":"http:\/\/www.eloriente.net\/home\/wp-json\/wp\/v2\/posts\/64827\/revisions\/64835"}],"wp:featuredmedia":[{"embeddable":true,"href":"http:\/\/www.eloriente.net\/home\/wp-json\/wp\/v2\/media\/64828"}],"wp:attachment":[{"href":"http:\/\/www.eloriente.net\/home\/wp-json\/wp\/v2\/media?parent=64827"}],"wp:term":[{"taxonomy":"category","embeddable":true,"href":"http:\/\/www.eloriente.net\/home\/wp-json\/wp\/v2\/categories?post=64827"},{"taxonomy":"post_tag","embeddable":true,"href":"http:\/\/www.eloriente.net\/home\/wp-json\/wp\/v2\/tags?post=64827"}],"curies":[{"name":"wp","href":"https:\/\/api.w.org\/{rel}","templated":true}]}}