{"id":64879,"date":"2021-08-13T10:57:11","date_gmt":"2021-08-13T16:57:11","guid":{"rendered":"http:\/\/www.eloriente.net\/home\/?p=64879"},"modified":"2021-08-13T10:57:11","modified_gmt":"2021-08-13T16:57:11","slug":"quien-conquisto-mexico-por-federico-navarrete","status":"publish","type":"post","link":"http:\/\/www.eloriente.net\/home\/2021\/08\/13\/quien-conquisto-mexico-por-federico-navarrete\/","title":{"rendered":"\u00bfQui\u00e9n conquist\u00f3 M\u00e9xico?, por Federico Navarrete"},"content":{"rendered":"<p><center><script async src=\"https:\/\/pagead2.googlesyndication.com\/pagead\/js\/adsbygoogle.js\"><\/script><br \/>\n<!-- BANNER ELORIENTE INCRUSTADO NOTAS --><br \/>\n<ins class=\"adsbygoogle\" style=\"display: inline-block; width: 300px; height: 250px;\" data-ad-client=\"ca-pub-1136171134853753\" data-ad-slot=\"7974633627\"><\/ins><br \/>\n<script>\n     (adsbygoogle = window.adsbygoogle || []).push({});\n<\/script><center>\u00a0<\/center><\/center>Ya desde\u00a0<a class=\"external\" href=\"https:\/\/descargacultura.unam.mx\/vision-de-los-vencidos-11134\" target=\"_blank\" rel=\"noopener\"><strong><em>Visi\u00f3n de los vencidos<\/em><\/strong><\/a>, Miguel Le\u00f3n-Portilla desmitificaba la versi\u00f3n de que la\u00a0<strong>conquista ocurrida en 1521<\/strong>\u00a0en\u00a0<strong>territorio mexica<\/strong>\u00a0fue puramente espa\u00f1ola en contra de todos los pueblos ind\u00edgenas. Historiadores como\u00a0<a class=\"external\" href=\"https:\/\/descargacultura.unam.mx\/autor\/Matos%20Moctezuma,%20Eduardo\" target=\"_blank\" rel=\"noopener\">Eduardo Matos Moctezuma<\/a>,\u00a0<a class=\"external\" href=\"https:\/\/descargacultura.unam.mx\/autor\/Mart%C3%ADnez,%20Jos%C3%A9%20Luis\" target=\"_blank\" rel=\"noopener\">Jos\u00e9 Luis Mart\u00ednez<\/a>\u00a0y Federico Navarrete, entre muchos otros, se han encargado de divulgar cu\u00e1l fue el verdadero contexto en el que ocurri\u00f3 la\u00a0<strong>ca\u00edda del imperio mexica<\/strong>\u00a0en las ciudades de\u00a0<strong>Tenochtitlan y Tlatelolco<\/strong>. Precisamente en esta conferencia, el\u00a0<strong>historiador Federico Navarrete<\/strong>\u00a0ahonda en detalles de esos acontecimientos y nos redescubre lo determinante que fueron personajes como\u00a0<strong>Malintzin y los tlaxcaltecas<\/strong>.<\/p>\n<p>En esta ponencia realizada en abril de 2019 dentro del ciclo 1519: El encuentro de dos mundos. Homenaje a Miguel Le\u00f3n-Portilla, organizada por el\u00a0<strong>Instituto de Investigaciones Hist\u00f3ricas<\/strong>, Navarrete propone que, en honor a la verdad, \u201cm\u00e1s que hablar de una expedici\u00f3n espa\u00f1ola, es m\u00e1s exacto y justo hablar de un ej\u00e9rcito indoespa\u00f1ol\u201d. Escucha este estreno que llega a\u00a0<strong>Descarga Cultura.UNAM<\/strong>\u00a0como parte de la\u00a0<strong>conmemoraci\u00f3n M\u00e9xico 500<\/strong>.<\/p>\n<p><a class=\"external\" href=\"https:\/\/descargacultura.unam.mx\/autor\/Navarrete,%20Federico\" target=\"_blank\" rel=\"noopener\">Federico Navarrete<\/a>\u00a0(Ciudad de M\u00e9xico, 1964) es maestro en Antropolog\u00eda Social por la Universidad de Londres y doctor en Estudios Mesoamericanos por la UNAM, en donde est\u00e1 adscrito al Instituto de Investigaciones Hist\u00f3ricas. Sus investigaciones han seguido la l\u00ednea de la historia prehisp\u00e1nica y de la conquista. Entre sus publicaciones se encuentran La vida cotidiana en tiempos de los mayas, La migraci\u00f3n de los mexicas, La conquista de M\u00e9xico, Hacia otra historia de Am\u00e9rica, M\u00e9xico racista y Alfabeto del racismo mexicano. Adem\u00e1s, tradujo del n\u00e1huatl y cuid\u00f3 la edici\u00f3n de Historias de Crist\u00f3bal del Castillo.<\/p>\n<p>D.R. \u00a9 UNAM 2021<\/p>\n<div class=\"extra-description\">\n<p>Lectura a cargo de: Federico Navarrete Linares<\/p>\n<p>Estudio de grabaci\u00f3n: Instituto de Investigaciones Hist\u00f3ricas<\/p>\n<p>Operaci\u00f3n y postproducci\u00f3n: Sonia Ram\u00edrez \/ Paola Hern\u00e1ndez<\/p>\n<p>A\u00f1o de grabaci\u00f3n: 2019<\/p>\n<p><script async src=\"https:\/\/pagead2.googlesyndication.com\/pagead\/js\/adsbygoogle.js\"><\/script><br \/>\n<ins class=\"adsbygoogle\" style=\"display: block;\" data-ad-format=\"autorelaxed\" data-ad-client=\"ca-pub-1136171134853753\" data-ad-slot=\"4595267748\"><\/ins><br \/>\n<script>\n     (adsbygoogle = window.adsbygoogle || []).push({});\n<\/script><\/p>\n<\/div>\n\n\t\t\t  <div \n\t\t\t  \tclass = \"fb-comments\" \n\t\t\t  \tdata-href = \"http:\/\/www.eloriente.net\/home\/2021\/08\/13\/quien-conquisto-mexico-por-federico-navarrete\/\"\n\t\t\t  \tdata-numposts = \"10\"\n\t\t\t\tdata-colorscheme = \"dark\"\n\t\t\t\tdata-order-by = \"social\"\n\t\t\t\tdata-mobile=true>\n\t\t\t  <\/div>\n\t\t  <style>\n\t\t\t.fb_iframe_widget_fluid_desktop iframe {\n\t\t\t    width: 100% !important;\n\t\t\t}\n\t\t  <\/style>\n\t\t  ","protected":false},"excerpt":{"rendered":"<p>\u00a0Ya desde\u00a0Visi\u00f3n de los vencidos, Miguel Le\u00f3n-Portilla desmitificaba la versi\u00f3n de que la\u00a0conquista ocurrida en 1521\u00a0en\u00a0territorio mexica\u00a0fue puramente espa\u00f1ola en contra de todos los pueblos ind\u00edgenas. Historiadores como\u00a0Eduardo Matos Moctezuma,\u00a0Jos\u00e9 Luis Mart\u00ednez\u00a0y Federico Navarrete, entre muchos otros, se han encargado de divulgar cu\u00e1l fue el verdadero contexto en el que ocurri\u00f3 la\u00a0ca\u00edda del imperio mexica\u00a0en [&hellip;]<\/p>\n","protected":false},"author":1,"featured_media":64882,"comment_status":"open","ping_status":"open","sticky":false,"template":"","format":"video","meta":{"_jetpack_memberships_contains_paid_content":false,"footnotes":""},"categories":[6,22,49,18,32,10504,10],"tags":[12392,12393,3077,141,7787],"class_list":["post-64879","post","type-post","status-publish","format-video","has-post-thumbnail","hentry","category-canal-4-especiales","category-derechos-humanos","category-destacadas","category-educacion-y-cultura","category-entradas","category-las-ultimas-12","category-lo-mas-reciente","tag-conquista-tenochtitlan","tag-federico-navarrete","tag-historia-de-mexico","tag-mexico","tag-tenochtitlan","post_format-post-format-video"],"jetpack_featured_media_url":"http:\/\/www.eloriente.net\/home\/wp-content\/uploads\/2021\/08\/maxresdefault.jpg","jetpack_sharing_enabled":true,"_links":{"self":[{"href":"http:\/\/www.eloriente.net\/home\/wp-json\/wp\/v2\/posts\/64879"}],"collection":[{"href":"http:\/\/www.eloriente.net\/home\/wp-json\/wp\/v2\/posts"}],"about":[{"href":"http:\/\/www.eloriente.net\/home\/wp-json\/wp\/v2\/types\/post"}],"author":[{"embeddable":true,"href":"http:\/\/www.eloriente.net\/home\/wp-json\/wp\/v2\/users\/1"}],"replies":[{"embeddable":true,"href":"http:\/\/www.eloriente.net\/home\/wp-json\/wp\/v2\/comments?post=64879"}],"version-history":[{"count":1,"href":"http:\/\/www.eloriente.net\/home\/wp-json\/wp\/v2\/posts\/64879\/revisions"}],"predecessor-version":[{"id":64881,"href":"http:\/\/www.eloriente.net\/home\/wp-json\/wp\/v2\/posts\/64879\/revisions\/64881"}],"wp:featuredmedia":[{"embeddable":true,"href":"http:\/\/www.eloriente.net\/home\/wp-json\/wp\/v2\/media\/64882"}],"wp:attachment":[{"href":"http:\/\/www.eloriente.net\/home\/wp-json\/wp\/v2\/media?parent=64879"}],"wp:term":[{"taxonomy":"category","embeddable":true,"href":"http:\/\/www.eloriente.net\/home\/wp-json\/wp\/v2\/categories?post=64879"},{"taxonomy":"post_tag","embeddable":true,"href":"http:\/\/www.eloriente.net\/home\/wp-json\/wp\/v2\/tags?post=64879"}],"curies":[{"name":"wp","href":"https:\/\/api.w.org\/{rel}","templated":true}]}}