{"id":6495,"date":"2012-12-26T14:29:37","date_gmt":"2012-12-26T20:29:37","guid":{"rendered":"http:\/\/www.eloriente.net\/home\/?p=6495"},"modified":"2012-12-26T14:29:37","modified_gmt":"2012-12-26T20:29:37","slug":"271212-platica-con-el-artista-peter-kuper-en-el-iago","status":"publish","type":"post","link":"http:\/\/www.eloriente.net\/home\/2012\/12\/26\/271212-platica-con-el-artista-peter-kuper-en-el-iago\/","title":{"rendered":"27\/12\/12: Pl\u00e1tica con el artista Peter Kuper en el IAGO"},"content":{"rendered":"<p>eloriente.net<\/p>\n<p>26 de diciembre de 2012<\/p>\n<p>eloriente.net (Oaxaca, Oax.) 26 de diciembre de 2012.- Este jueves 27 de diciembre de 2012\u00a0 a las 19:00 hrs. se llevar\u00e1 a cabo en la Biblioteca del Instituto de Artes Gr\u00e1ficas de Oaxaca (IAGO) una pl\u00e1tica con el artista Peter Kuper, en el marco de su exposici\u00f3n \u00abSol y sombras\u00bb.<\/p>\n<p>Peter Kuper es considerado como uno de los ilustradores y cartonistas contempor\u00e1neos m\u00e1s productivos.\u00a0 Sus ilustraciones y c\u00f3mics aparecen regularmente en\u00a0Time, Newsweek, The New York Times y MAD. Contribuye tambi\u00e9n con The New Yorker y Harpers.<\/p>\n<p>Ha ilustrado numerosos libros, incluyendo libros para ni\u00f1os como Theo and the Blue Note y novelas gr\u00e1ficas entre las que destacan Stripped,\u00a0 The Sistem from Vertigo y\u00a0 Minds Eye.<\/p>\n<p>Sus libros m\u00e1s recientes son adaptaciones de la Metamorfosis de Franz Kafka y la Jungla de Upton Sinclair.<\/p>\n<p>La Biblioteca del IAGO est\u00e1 ubicada en la Avenida Ju\u00e1rez n\u00famero 203.<\/p>\n<p><a href=\"http:\/\/www.eloriente.net\/home\/wp-content\/uploads\/2012\/12\/Pla\u0301tica-con-Peter-Kuper.jpg\"><img loading=\"lazy\" decoding=\"async\" class=\"aligncenter size-medium wp-image-6496\" title=\"Pla\u0301tica con Peter Kuper\" src=\"http:\/\/www.eloriente.net\/home\/wp-content\/uploads\/2012\/12\/Pla\u0301tica-con-Peter-Kuper-194x300.jpg\" alt=\"\" width=\"194\" height=\"300\" srcset=\"http:\/\/www.eloriente.net\/home\/wp-content\/uploads\/2012\/12\/Pla\u0301tica-con-Peter-Kuper-194x300.jpg 194w, http:\/\/www.eloriente.net\/home\/wp-content\/uploads\/2012\/12\/Pla\u0301tica-con-Peter-Kuper.jpg 621w\" sizes=\"(max-width: 194px) 100vw, 194px\" \/><\/a><\/p>\n\n\t\t\t  <div \n\t\t\t  \tclass = \"fb-comments\" \n\t\t\t  \tdata-href = \"http:\/\/www.eloriente.net\/home\/2012\/12\/26\/271212-platica-con-el-artista-peter-kuper-en-el-iago\/\"\n\t\t\t  \tdata-numposts = \"10\"\n\t\t\t\tdata-colorscheme = \"dark\"\n\t\t\t\tdata-order-by = \"social\"\n\t\t\t\tdata-mobile=true>\n\t\t\t  <\/div>\n\t\t  <style>\n\t\t\t.fb_iframe_widget_fluid_desktop iframe {\n\t\t\t    width: 100% !important;\n\t\t\t}\n\t\t  <\/style>\n\t\t  ","protected":false},"excerpt":{"rendered":"<p>eloriente.net 26 de diciembre de 2012 eloriente.net (Oaxaca, Oax.) 26 de diciembre de 2012.- Este jueves 27 de diciembre de 2012\u00a0 a las 19:00 hrs. se llevar\u00e1 a cabo en la Biblioteca del Instituto de Artes Gr\u00e1ficas de Oaxaca (IAGO) una pl\u00e1tica con el artista Peter Kuper, en el marco de su exposici\u00f3n \u00abSol y [&hellip;]<\/p>\n","protected":false},"author":1,"featured_media":6496,"comment_status":"open","ping_status":"open","sticky":false,"template":"","format":"standard","meta":{"_jetpack_memberships_contains_paid_content":false,"footnotes":""},"categories":[8,32,10],"tags":[],"class_list":["post-6495","post","type-post","status-publish","format-standard","has-post-thumbnail","hentry","category-agenda","category-entradas","category-lo-mas-reciente"],"jetpack_featured_media_url":"http:\/\/www.eloriente.net\/home\/wp-content\/uploads\/2012\/12\/Pla\u0301tica-con-Peter-Kuper.jpg","jetpack_sharing_enabled":true,"_links":{"self":[{"href":"http:\/\/www.eloriente.net\/home\/wp-json\/wp\/v2\/posts\/6495"}],"collection":[{"href":"http:\/\/www.eloriente.net\/home\/wp-json\/wp\/v2\/posts"}],"about":[{"href":"http:\/\/www.eloriente.net\/home\/wp-json\/wp\/v2\/types\/post"}],"author":[{"embeddable":true,"href":"http:\/\/www.eloriente.net\/home\/wp-json\/wp\/v2\/users\/1"}],"replies":[{"embeddable":true,"href":"http:\/\/www.eloriente.net\/home\/wp-json\/wp\/v2\/comments?post=6495"}],"version-history":[{"count":2,"href":"http:\/\/www.eloriente.net\/home\/wp-json\/wp\/v2\/posts\/6495\/revisions"}],"predecessor-version":[{"id":6498,"href":"http:\/\/www.eloriente.net\/home\/wp-json\/wp\/v2\/posts\/6495\/revisions\/6498"}],"wp:featuredmedia":[{"embeddable":true,"href":"http:\/\/www.eloriente.net\/home\/wp-json\/wp\/v2\/media\/6496"}],"wp:attachment":[{"href":"http:\/\/www.eloriente.net\/home\/wp-json\/wp\/v2\/media?parent=6495"}],"wp:term":[{"taxonomy":"category","embeddable":true,"href":"http:\/\/www.eloriente.net\/home\/wp-json\/wp\/v2\/categories?post=6495"},{"taxonomy":"post_tag","embeddable":true,"href":"http:\/\/www.eloriente.net\/home\/wp-json\/wp\/v2\/tags?post=6495"}],"curies":[{"name":"wp","href":"https:\/\/api.w.org\/{rel}","templated":true}]}}