{"id":66074,"date":"2023-01-23T13:27:34","date_gmt":"2023-01-23T19:27:34","guid":{"rendered":"http:\/\/www.eloriente.net\/home\/?p=66074"},"modified":"2023-01-23T13:49:07","modified_gmt":"2023-01-23T19:49:07","slug":"salomon-jara-habra-cero-analfabetismo-en-oaxaca-en-seis-anos","status":"publish","type":"post","link":"http:\/\/www.eloriente.net\/home\/2023\/01\/23\/salomon-jara-habra-cero-analfabetismo-en-oaxaca-en-seis-anos\/","title":{"rendered":"Salom\u00f3n Jara: habr\u00e1 CERO analfabetismo en Oaxaca en seis a\u00f1os"},"content":{"rendered":"<p><em><strong>Esta ma\u00f1ana durante su conferencia de prensa, el gobernador de Oaxaca anunci\u00f3 una cruzada para abatir el analfabetismo durante su sexenio.<\/strong><\/em><\/p>\n<p><center><script async src=\"https:\/\/pagead2.googlesyndication.com\/pagead\/js\/adsbygoogle.js\"><\/script><br \/>\n<!-- BANNER ELORIENTE INCRUSTADO NOTAS --><br \/>\n<ins class=\"adsbygoogle\" style=\"display: inline-block; width: 300px; height: 250px;\" data-ad-client=\"ca-pub-1136171134853753\" data-ad-slot=\"7974633627\"><\/ins><br \/>\n<script>\n     (adsbygoogle = window.adsbygoogle || []).push({});\n<\/script><center>\u00a0<\/center><\/center><\/p>\n<p style=\"text-align: right;\"><em><strong>Por: Sergio M\u00e9ndez Baz\u00e1n<\/strong><\/em><\/p>\n<p>Sue\u00f1o largamente anhelado pero logrado de manera muy escasa: erradicar el analfabetismo.<\/p>\n<p>Esta ha sido la intenci\u00f3n declarada esta ma\u00f1ana por el gobernador de Oaxaca, Salom\u00f3n Jara Cruz: \u00abNuestro prop\u00f3sito es que queremos que en Oaxaca haya CERO ANALFABETISMO\u00bb.<\/p>\n<p>Para esto, nombr\u00f3 como responsables de este esfuerzo a la secretaria de Educaci\u00f3n P\u00fablica y al director del Instituto Estatal de Educaci\u00f3n para Adultos, Delfina Guzm\u00e1n y Rey Maga\u00f1a respectivamente.<\/p>\n<p>Este compromiso, sin duda, puede marcar positivamente la reci\u00e9n comenzada administraci\u00f3n de Jara Cruz. Para ello cual deber\u00e1 apoyarse de la infraestructura material y humana disponibles en el estado.<\/p>\n<h3>\u00bfDe qu\u00e9 tama\u00f1o es el analfabetismo?<\/h3>\n<p>Si el reto mundial no es menor, en el estado de Oaxaca tampoco lo es.<\/p>\n<p>De acuerdo con cifras de la INESCO, concretamente del I<a href=\"https:\/\/www.dw.com\/es\/unesco-dos-de-cada-diez-personas-en-am%C3%A9rica-latina-no-tienen-los-niveles-m%C3%ADnimos-de-compresi%C3%B3n-de-lectura\/a-50333467\" target=\"_blank\" rel=\"noopener\">nstituto de Estad\u00edsticas de la UNESCO<\/a>, en todo el mundo existen alrededor de 750 millones de personas analfabetas. Concentr\u00e1ndose 32 millones solamente en Am\u00e9rica Latina.<\/p>\n<p>Es decir, a\u00fan el 4% de personas en el mundo son analfabetas.<\/p>\n<p>En el caso de Am\u00e9rica Latina, los pa\u00edses que en mejor situaci\u00f3n se encuentran son Argentina, Ecuador, Chile, Costa Rica y Bolivia con \u00edndices superiores al 99% de alfabetizaci\u00f3n.<\/p>\n<p>Mientras que Centroam\u00e9rica concentra las tasas m\u00e1s preocupantes. Hait\u00ed apenas 72%. El Salvador 88%. Honduras 89%.<\/p>\n<p><script async src=\"https:\/\/pagead2.googlesyndication.com\/pagead\/js\/adsbygoogle.js\"><\/script><br \/>\n<ins class=\"adsbygoogle\" style=\"display: block; text-align: center;\" data-ad-layout=\"in-article\" data-ad-format=\"fluid\" data-ad-client=\"ca-pub-1136171134853753\" data-ad-slot=\"1904291222\"><\/ins><br \/>\n<script>\n     (adsbygoogle = window.adsbygoogle || []).push({});\n<\/script><\/p>\n<h3>Analfabetismo en M\u00e9xico<\/h3>\n<p>Para el caso de M\u00e9xico, 5 de cada 100 personas son analfabetas, de acuerdo a datos del Instituto Nacional de Estad\u00edstica, Geograf\u00eda e Inform\u00e1tica.<\/p>\n<p>Los datos m\u00e1s recientes son del 2020, y a\u00f1aden que a nivel nacional la poblaci\u00f3n de 15 o m\u00e1s a\u00f1os tiene 9.7 grados de escolaridad en promedio.<\/p>\n<figure id=\"attachment_66075\" aria-describedby=\"caption-attachment-66075\" style=\"width: 640px\" class=\"wp-caption alignnone\"><a href=\"http:\/\/www.eloriente.net\/home\/wp-content\/uploads\/2023\/01\/Censo-de-Poblacio\u0301n-y-Vivienda-2020-Analfabetismo-Vi\u0301a-INEGI-eloriente.net_.png\"><img loading=\"lazy\" decoding=\"async\" class=\"size-large wp-image-66075\" src=\"http:\/\/www.eloriente.net\/home\/wp-content\/uploads\/2023\/01\/Censo-de-Poblacio\u0301n-y-Vivienda-2020-Analfabetismo-Vi\u0301a-INEGI-eloriente.net_-781x1024.png\" alt=\"\" width=\"640\" height=\"839\" srcset=\"http:\/\/www.eloriente.net\/home\/wp-content\/uploads\/2023\/01\/Censo-de-Poblacio\u0301n-y-Vivienda-2020-Analfabetismo-Vi\u0301a-INEGI-eloriente.net_-781x1024.png 781w, http:\/\/www.eloriente.net\/home\/wp-content\/uploads\/2023\/01\/Censo-de-Poblacio\u0301n-y-Vivienda-2020-Analfabetismo-Vi\u0301a-INEGI-eloriente.net_-229x300.png 229w, http:\/\/www.eloriente.net\/home\/wp-content\/uploads\/2023\/01\/Censo-de-Poblacio\u0301n-y-Vivienda-2020-Analfabetismo-Vi\u0301a-INEGI-eloriente.net_-768x1007.png 768w, http:\/\/www.eloriente.net\/home\/wp-content\/uploads\/2023\/01\/Censo-de-Poblacio\u0301n-y-Vivienda-2020-Analfabetismo-Vi\u0301a-INEGI-eloriente.net_-696x912.png 696w, http:\/\/www.eloriente.net\/home\/wp-content\/uploads\/2023\/01\/Censo-de-Poblacio\u0301n-y-Vivienda-2020-Analfabetismo-Vi\u0301a-INEGI-eloriente.net_-1068x1400.png 1068w, http:\/\/www.eloriente.net\/home\/wp-content\/uploads\/2023\/01\/Censo-de-Poblacio\u0301n-y-Vivienda-2020-Analfabetismo-Vi\u0301a-INEGI-eloriente.net_-320x420.png 320w, http:\/\/www.eloriente.net\/home\/wp-content\/uploads\/2023\/01\/Censo-de-Poblacio\u0301n-y-Vivienda-2020-Analfabetismo-Vi\u0301a-INEGI-eloriente.net_-600x786.png 600w, http:\/\/www.eloriente.net\/home\/wp-content\/uploads\/2023\/01\/Censo-de-Poblacio\u0301n-y-Vivienda-2020-Analfabetismo-Vi\u0301a-INEGI-eloriente.net_.png 1300w\" sizes=\"(max-width: 640px) 100vw, 640px\" \/><\/a><figcaption id=\"caption-attachment-66075\" class=\"wp-caption-text\">Censo de Poblacio\u0301n y Vivienda 2020, Analfabetismo, Vi\u0301a INEGI eloriente.net<\/figcaption><\/figure>\n<p>Como puede verse, de acuerdo al Censo de Poblaci\u00f3n m\u00e1s reciente, en Oaxaca 1<a href=\"https:\/\/cuentame.inegi.org.mx\/monografias\/informacion\/oax\/poblacion\/educacion.aspx?tema=me&amp;e=20#:~:text=la%20educaci%C3%B3n%20superior.-,Fuente%3A%20INEGI.,de%20Poblaci%C3%B3n%20y%20Vivienda%202020.&amp;text=En%20Oaxaca%2C%2012%20de%20cada,no%20saben%20leer%20ni%20escribir.&amp;text=son%205%20de%20cada%20100%20habitantes.\" target=\"_blank\" rel=\"noopener\">2 de cada 100 personas<\/a> de 15 a\u00f1os y m\u00e1s no saben leer y escribir.<\/p>\n<p>Sin embargo, las diferencias no son iguales en cada sector de la poblaci\u00f3n.<\/p>\n<p>El mayor esfuerzo deber\u00e1 concentrarse en poblaci\u00f3n mayor de los 60 a\u00f1os, donde se concentra m\u00e1s del 80% de la poblaci\u00f3n analfabeta en el estado.<\/p>\n<figure id=\"attachment_66076\" aria-describedby=\"caption-attachment-66076\" style=\"width: 640px\" class=\"wp-caption alignnone\"><a href=\"http:\/\/www.eloriente.net\/home\/wp-content\/uploads\/2023\/01\/Porcentaje-de-poblacio\u0301n-analfabeta-Oaxaca-INEGI-2020-eloriente.net_.png\"><img loading=\"lazy\" decoding=\"async\" class=\"size-large wp-image-66076\" src=\"http:\/\/www.eloriente.net\/home\/wp-content\/uploads\/2023\/01\/Porcentaje-de-poblacio\u0301n-analfabeta-Oaxaca-INEGI-2020-eloriente.net_-1024x814.png\" alt=\"\" width=\"640\" height=\"509\" srcset=\"http:\/\/www.eloriente.net\/home\/wp-content\/uploads\/2023\/01\/Porcentaje-de-poblacio\u0301n-analfabeta-Oaxaca-INEGI-2020-eloriente.net_-1024x814.png 1024w, http:\/\/www.eloriente.net\/home\/wp-content\/uploads\/2023\/01\/Porcentaje-de-poblacio\u0301n-analfabeta-Oaxaca-INEGI-2020-eloriente.net_-300x238.png 300w, http:\/\/www.eloriente.net\/home\/wp-content\/uploads\/2023\/01\/Porcentaje-de-poblacio\u0301n-analfabeta-Oaxaca-INEGI-2020-eloriente.net_-768x610.png 768w, http:\/\/www.eloriente.net\/home\/wp-content\/uploads\/2023\/01\/Porcentaje-de-poblacio\u0301n-analfabeta-Oaxaca-INEGI-2020-eloriente.net_-696x553.png 696w, http:\/\/www.eloriente.net\/home\/wp-content\/uploads\/2023\/01\/Porcentaje-de-poblacio\u0301n-analfabeta-Oaxaca-INEGI-2020-eloriente.net_-1068x849.png 1068w, http:\/\/www.eloriente.net\/home\/wp-content\/uploads\/2023\/01\/Porcentaje-de-poblacio\u0301n-analfabeta-Oaxaca-INEGI-2020-eloriente.net_-528x420.png 528w, http:\/\/www.eloriente.net\/home\/wp-content\/uploads\/2023\/01\/Porcentaje-de-poblacio\u0301n-analfabeta-Oaxaca-INEGI-2020-eloriente.net_-600x477.png 600w, http:\/\/www.eloriente.net\/home\/wp-content\/uploads\/2023\/01\/Porcentaje-de-poblacio\u0301n-analfabeta-Oaxaca-INEGI-2020-eloriente.net_.png 1150w\" sizes=\"(max-width: 640px) 100vw, 640px\" \/><\/a><figcaption id=\"caption-attachment-66076\" class=\"wp-caption-text\">Porcentaje de poblacio\u0301n analfabeta Oaxaca, INEGI 2020, eloriente.net<\/figcaption><\/figure>\n<h3>Otros datos<\/h3>\n<p><a href=\"https:\/\/imparcialoaxaca.mx\/oaxaca\/653994\/tiene-oaxaca-338-mil-analfabetas-inea\/\" target=\"_blank\" rel=\"noopener\">Seg\u00fan el Instituto Nacional de Educaci\u00f3n para Adultos<\/a>, para mayo de 2022, habr\u00eda un mill\u00f3n 300 mil personas en rezago educativo en el estado, con 43.3% de la poblaci\u00f3n total. En este indicador se coloca Oaxaca en el noveno a nivel nacional.<\/p>\n<p>En t\u00e9rminos reales, Oaxaca tendr\u00eda 338 mil 77 personas analfabetas.<\/p>\n<h3>M\u00e1s videos en el canal de Youtube de El Oriente:<\/h3>\n<p><iframe loading=\"lazy\" title=\"YouTube video player\" src=\"https:\/\/www.youtube.com\/embed\/NBGdxuiY6mw\" width=\"560\" height=\"315\" frameborder=\"0\" allowfullscreen=\"allowfullscreen\"><\/iframe><\/p>\n<p><script async src=\"https:\/\/pagead2.googlesyndication.com\/pagead\/js\/adsbygoogle.js\"><\/script><br \/>\n<ins class=\"adsbygoogle\" style=\"display: block;\" data-ad-format=\"autorelaxed\" data-ad-client=\"ca-pub-1136171134853753\" data-ad-slot=\"4595267748\"><\/ins><br \/>\n<script>\n     (adsbygoogle = window.adsbygoogle || []).push({});\n<\/script><\/p>\n\n\t\t\t  <div \n\t\t\t  \tclass = \"fb-comments\" \n\t\t\t  \tdata-href = \"http:\/\/www.eloriente.net\/home\/2023\/01\/23\/salomon-jara-habra-cero-analfabetismo-en-oaxaca-en-seis-anos\/\"\n\t\t\t  \tdata-numposts = \"10\"\n\t\t\t\tdata-colorscheme = \"dark\"\n\t\t\t\tdata-order-by = \"social\"\n\t\t\t\tdata-mobile=true>\n\t\t\t  <\/div>\n\t\t  <style>\n\t\t\t.fb_iframe_widget_fluid_desktop iframe {\n\t\t\t    width: 100% !important;\n\t\t\t}\n\t\t  <\/style>\n\t\t  ","protected":false},"excerpt":{"rendered":"<p>Esta ma\u00f1ana durante su conferencia de prensa, el gobernador de Oaxaca anunci\u00f3 una cruzada para abatir el analfabetismo durante su sexenio. \u00a0 Por: Sergio M\u00e9ndez Baz\u00e1n Sue\u00f1o largamente anhelado pero logrado de manera muy escasa: erradicar el analfabetismo. Esta ha sido la intenci\u00f3n declarada esta ma\u00f1ana por el gobernador de Oaxaca, Salom\u00f3n Jara Cruz: \u00abNuestro [&hellip;]<\/p>\n","protected":false},"author":1,"featured_media":66001,"comment_status":"open","ping_status":"open","sticky":false,"template":"","format":"standard","meta":{"_jetpack_memberships_contains_paid_content":false,"footnotes":""},"categories":[6,22,49,18,32,63,10504,10,464],"tags":[12857,12858,4047],"class_list":["post-66074","post","type-post","status-publish","format-standard","has-post-thumbnail","hentry","category-canal-4-especiales","category-derechos-humanos","category-destacadas","category-educacion-y-cultura","category-entradas","category-estados","category-las-ultimas-12","category-lo-mas-reciente","category-oaxaca-estados","tag-analfabetismo-en-oaxaca","tag-cero-analfabetismo","tag-salomon-jara"],"jetpack_featured_media_url":"http:\/\/www.eloriente.net\/home\/wp-content\/uploads\/2023\/01\/Conferencia-de-Salomo\u0301n-Jara-el-di\u0301a-9-de-enero-de-2023..jpg","jetpack_sharing_enabled":true,"_links":{"self":[{"href":"http:\/\/www.eloriente.net\/home\/wp-json\/wp\/v2\/posts\/66074"}],"collection":[{"href":"http:\/\/www.eloriente.net\/home\/wp-json\/wp\/v2\/posts"}],"about":[{"href":"http:\/\/www.eloriente.net\/home\/wp-json\/wp\/v2\/types\/post"}],"author":[{"embeddable":true,"href":"http:\/\/www.eloriente.net\/home\/wp-json\/wp\/v2\/users\/1"}],"replies":[{"embeddable":true,"href":"http:\/\/www.eloriente.net\/home\/wp-json\/wp\/v2\/comments?post=66074"}],"version-history":[{"count":1,"href":"http:\/\/www.eloriente.net\/home\/wp-json\/wp\/v2\/posts\/66074\/revisions"}],"predecessor-version":[{"id":66077,"href":"http:\/\/www.eloriente.net\/home\/wp-json\/wp\/v2\/posts\/66074\/revisions\/66077"}],"wp:featuredmedia":[{"embeddable":true,"href":"http:\/\/www.eloriente.net\/home\/wp-json\/wp\/v2\/media\/66001"}],"wp:attachment":[{"href":"http:\/\/www.eloriente.net\/home\/wp-json\/wp\/v2\/media?parent=66074"}],"wp:term":[{"taxonomy":"category","embeddable":true,"href":"http:\/\/www.eloriente.net\/home\/wp-json\/wp\/v2\/categories?post=66074"},{"taxonomy":"post_tag","embeddable":true,"href":"http:\/\/www.eloriente.net\/home\/wp-json\/wp\/v2\/tags?post=66074"}],"curies":[{"name":"wp","href":"https:\/\/api.w.org\/{rel}","templated":true}]}}