{"id":6663,"date":"2013-01-02T09:55:41","date_gmt":"2013-01-02T15:55:41","guid":{"rendered":"http:\/\/www.eloriente.net\/home\/?p=6663"},"modified":"2013-01-02T09:55:41","modified_gmt":"2013-01-02T15:55:41","slug":"chavez-consciente-de-lo-complejo-del-estado-postoperatorionicolas-maduro","status":"publish","type":"post","link":"http:\/\/www.eloriente.net\/home\/2013\/01\/02\/chavez-consciente-de-lo-complejo-del-estado-postoperatorionicolas-maduro\/","title":{"rendered":"Ch\u00e1vez, consciente de lo complejo del estado postoperatorio:Nicol\u00e1s Maduro"},"content":{"rendered":"<p>eloriente.net\/ <a href=\"http:\/\/www.gobiernoenlinea.ve\" target=\"_blank\">Gobierno Bolivariano de Venezuela<\/a><\/p>\n<p>2 de enero de 2013<\/p>\n<p>eloriente.net (Oaxaca, Oax.) 2 de enero de 2013.- La noche de este primero de enero del a\u00f1o 2013 se transmiti\u00f3 una entrevista desde Cuba con el vicepresidente Ejecutivo de Venezuela, Nicol\u00e1s Maduro, quien se\u00f1al\u00f3 que el presidente Hugo Ch\u00e1vez ha tenido ligeras mejor\u00edas pero tambi\u00e9n reca\u00eddas y pidi\u00f3 confianza al pueblo venezolano.<\/p>\n<p>Maduro concedi\u00f3 la exclusiva period\u00edstica a Arleen Rodr\u00edguez de Telesur, la entrevista fue retransmitida por todas las televisoras y radios estatales de Venezuela, donde al inicio de su intervenci\u00f3n el Vicepresidente felicit\u00f3 al gobierno y al pueblo de Cuba que cumpli\u00f3 este 1\u00b0 de enero 54 a\u00f1os de la revoluci\u00f3n cubana.<\/p>\n<p>Sobre la salud del presidente Ch\u00e1vez el Vicepresidente dijo \u00ab\u00e9l (Ch\u00e1vez) est\u00e1 consciente de lo complejo del estado postoperatorio, y nos pidi\u00f3 que mantuvi\u00e9ramos informado al pueblo con la verdad. Por muy dura que fuera\u00bb puntualiz\u00f3.<\/p>\n<p>\u00abEl presidente ha tenido ligeras mejor\u00edas\u00bb, refiri\u00f3 Maduro tambi\u00e9n asegur\u00f3 que tambi\u00e9n ha tenido reca\u00eddas. \u00abLe pedimos confianza (&#8230;) Siempre diremos la verdad sea la que sea\u00bb.<\/p>\n<p>Maduro se encuentra en La Habana desde el pasado 29 de diciembre, acompa\u00f1ando al presidente Hugo Ch\u00e1vez, donde se le practic\u00f3 una intervenci\u00f3n quir\u00fargica para tratarle una lesi\u00f3n cancer\u00edgena.<\/p>\n<p><a href=\"http:\/\/www.eloriente.net\/home\/wp-content\/uploads\/2013\/01\/image_preview.jpg\"><img loading=\"lazy\" decoding=\"async\" class=\"aligncenter size-medium wp-image-6664\" title=\"image_preview\" src=\"http:\/\/www.eloriente.net\/home\/wp-content\/uploads\/2013\/01\/image_preview-300x199.jpg\" alt=\"\" width=\"300\" height=\"199\" srcset=\"http:\/\/www.eloriente.net\/home\/wp-content\/uploads\/2013\/01\/image_preview-300x199.jpg 300w, http:\/\/www.eloriente.net\/home\/wp-content\/uploads\/2013\/01\/image_preview.jpg 400w\" sizes=\"(max-width: 300px) 100vw, 300px\" \/><\/a><\/p>\n<p>&nbsp;<\/p>\n\n\t\t\t  <div \n\t\t\t  \tclass = \"fb-comments\" \n\t\t\t  \tdata-href = \"http:\/\/www.eloriente.net\/home\/2013\/01\/02\/chavez-consciente-de-lo-complejo-del-estado-postoperatorionicolas-maduro\/\"\n\t\t\t  \tdata-numposts = \"10\"\n\t\t\t\tdata-colorscheme = \"dark\"\n\t\t\t\tdata-order-by = \"social\"\n\t\t\t\tdata-mobile=true>\n\t\t\t  <\/div>\n\t\t  <style>\n\t\t\t.fb_iframe_widget_fluid_desktop iframe {\n\t\t\t    width: 100% !important;\n\t\t\t}\n\t\t  <\/style>\n\t\t  ","protected":false},"excerpt":{"rendered":"<p>eloriente.net\/ Gobierno Bolivariano de Venezuela 2 de enero de 2013 eloriente.net (Oaxaca, Oax.) 2 de enero de 2013.- La noche de este primero de enero del a\u00f1o 2013 se transmiti\u00f3 una entrevista desde Cuba con el vicepresidente Ejecutivo de Venezuela, Nicol\u00e1s Maduro, quien se\u00f1al\u00f3 que el presidente Hugo Ch\u00e1vez ha tenido ligeras mejor\u00edas pero tambi\u00e9n [&hellip;]<\/p>\n","protected":false},"author":1,"featured_media":6664,"comment_status":"open","ping_status":"open","sticky":false,"template":"","format":"standard","meta":{"_jetpack_memberships_contains_paid_content":false,"footnotes":""},"categories":[32,10,24],"tags":[],"class_list":["post-6663","post","type-post","status-publish","format-standard","has-post-thumbnail","hentry","category-entradas","category-lo-mas-reciente","category-mexico-y-el-mundo"],"jetpack_featured_media_url":"http:\/\/www.eloriente.net\/home\/wp-content\/uploads\/2013\/01\/image_preview.jpg","jetpack_sharing_enabled":true,"_links":{"self":[{"href":"http:\/\/www.eloriente.net\/home\/wp-json\/wp\/v2\/posts\/6663"}],"collection":[{"href":"http:\/\/www.eloriente.net\/home\/wp-json\/wp\/v2\/posts"}],"about":[{"href":"http:\/\/www.eloriente.net\/home\/wp-json\/wp\/v2\/types\/post"}],"author":[{"embeddable":true,"href":"http:\/\/www.eloriente.net\/home\/wp-json\/wp\/v2\/users\/1"}],"replies":[{"embeddable":true,"href":"http:\/\/www.eloriente.net\/home\/wp-json\/wp\/v2\/comments?post=6663"}],"version-history":[{"count":1,"href":"http:\/\/www.eloriente.net\/home\/wp-json\/wp\/v2\/posts\/6663\/revisions"}],"predecessor-version":[{"id":6665,"href":"http:\/\/www.eloriente.net\/home\/wp-json\/wp\/v2\/posts\/6663\/revisions\/6665"}],"wp:featuredmedia":[{"embeddable":true,"href":"http:\/\/www.eloriente.net\/home\/wp-json\/wp\/v2\/media\/6664"}],"wp:attachment":[{"href":"http:\/\/www.eloriente.net\/home\/wp-json\/wp\/v2\/media?parent=6663"}],"wp:term":[{"taxonomy":"category","embeddable":true,"href":"http:\/\/www.eloriente.net\/home\/wp-json\/wp\/v2\/categories?post=6663"},{"taxonomy":"post_tag","embeddable":true,"href":"http:\/\/www.eloriente.net\/home\/wp-json\/wp\/v2\/tags?post=6663"}],"curies":[{"name":"wp","href":"https:\/\/api.w.org\/{rel}","templated":true}]}}