{"id":6669,"date":"2013-01-02T10:33:37","date_gmt":"2013-01-02T16:33:37","guid":{"rendered":"http:\/\/www.eloriente.net\/home\/?p=6669"},"modified":"2013-01-03T17:05:52","modified_gmt":"2013-01-03T23:05:52","slug":"mexico-lider-en-bienes-culturales-en-america-latina-y-el-caribe","status":"publish","type":"post","link":"http:\/\/www.eloriente.net\/home\/2013\/01\/02\/mexico-lider-en-bienes-culturales-en-america-latina-y-el-caribe\/","title":{"rendered":"M\u00e9xico, l\u00edder en bienes culturales en Am\u00e9rica Latina y el Caribe"},"content":{"rendered":"<p>eloriente.net<\/p>\n<p>2 de enero de 2013<\/p>\n<p>eloriente.net (Oaxaca, Oax.) 2 de enero de 2013.- El liderazgo de M\u00e9xico como el pa\u00eds con mayor n\u00famero de bienes culturales reconocidos por la UNESCO en Am\u00e9rica Latina, se refrend\u00f3 este a\u00f1o que acaba de finalizar con la reciente inclusi\u00f3n del Centro de las Artes Ind\u00edgenas, de Veracruz, en el Registro de las Mejores Pr\u00e1cticas para la Salvaguardia del Patrimonio Cultural Inmaterial, as\u00ed como con las celebraciones por el 25\u00b0 aniversario de la inscripci\u00f3n de los sitios de Teotihuacan y Monte Alb\u00e1n en la Lista de Patrimonio Mundial, adem\u00e1s de El Taj\u00edn y Uxmal, que festejaron 20 y 16 a\u00f1os, respectivamente.<\/p>\n<p>Lo anterior fue informado en un comunicado por el Instituto Nacional de Antropolog\u00eda e Historia. El INAH destac\u00f3 que a la fecha, M\u00e9xico posee 31 bienes culturales, naturales e hist\u00f3ricos inscritos en el listado internacional, de manera que ocupa el sexto lugar a nivel mundial, y primero en Am\u00e9rica Latina y el Caribe.<\/p>\n<p>Los festejos de los sitios mexicanos coincidieron adem\u00e1s con el 40 aniversario de la Convenci\u00f3n de Patrimonio Mundial Cultural y Natural, de la Organizaci\u00f3n de las Naciones Unidas para la Educaci\u00f3n, la Ciencia y la Cultura (UNESCO), suscrita en 1972.<\/p>\n<p>Con tal motivo, en julio pasado nuestro pa\u00eds organiz\u00f3 encuentros con especialistas internacionales, en la ciudad de Quer\u00e9taro, donde expertos de diez pa\u00edses se pronunciaron por priorizar las acciones de conservaci\u00f3n de los sitios que ya est\u00e1n inscritos, dado que dicho listado est\u00e1 a punto de arribar al \u201cn\u00famero dorado\u201d de mil\u00a0 bienes inscritos.<\/p>\n<p>A la fecha, en la Lista de Patrimonio Mundial de la UNESCO se han inscrito 936 bienes, de los cuales 725 son culturales, 183 naturales y 28 mixtos (que abarcan ambas categor\u00edas), situados en 153 pa\u00edses. De ese total, M\u00e9xico posee 31 sitios inscritos.<\/p>\n<p>@El_Oriente te acerca c\u00e1psulas del INAH sobre algunos de estos bienes culturales.<\/p>\n<p><iframe loading=\"lazy\" src=\"http:\/\/www.youtube.com\/embed\/hYc2i36qu8s\" frameborder=\"0\" width=\"420\" height=\"315\"><\/iframe><\/p>\n<p><iframe loading=\"lazy\" src=\"http:\/\/www.youtube.com\/embed\/tvIPJd2uhFw\" frameborder=\"0\" width=\"420\" height=\"315\"><\/iframe><\/p>\n<p><iframe loading=\"lazy\" src=\"http:\/\/www.youtube.com\/embed\/IHrZAqyH6iU\" frameborder=\"0\" width=\"420\" height=\"315\"><\/iframe><\/p>\n<p>&nbsp;<\/p>\n<p>Foto: <a href=\"http:\/\/www.inah.gob.mx\" target=\"_blank\">INAH<\/a><\/p>\n\n\t\t\t  <div \n\t\t\t  \tclass = \"fb-comments\" \n\t\t\t  \tdata-href = \"http:\/\/www.eloriente.net\/home\/2013\/01\/02\/mexico-lider-en-bienes-culturales-en-america-latina-y-el-caribe\/\"\n\t\t\t  \tdata-numposts = \"10\"\n\t\t\t\tdata-colorscheme = \"dark\"\n\t\t\t\tdata-order-by = \"social\"\n\t\t\t\tdata-mobile=true>\n\t\t\t  <\/div>\n\t\t  <style>\n\t\t\t.fb_iframe_widget_fluid_desktop iframe {\n\t\t\t    width: 100% !important;\n\t\t\t}\n\t\t  <\/style>\n\t\t  ","protected":false},"excerpt":{"rendered":"<p>eloriente.net 2 de enero de 2013 eloriente.net (Oaxaca, Oax.) 2 de enero de 2013.- El liderazgo de M\u00e9xico como el pa\u00eds con mayor n\u00famero de bienes culturales reconocidos por la UNESCO en Am\u00e9rica Latina, se refrend\u00f3 este a\u00f1o que acaba de finalizar con la reciente inclusi\u00f3n del Centro de las Artes Ind\u00edgenas, de Veracruz, en [&hellip;]<\/p>\n","protected":false},"author":1,"featured_media":6699,"comment_status":"open","ping_status":"open","sticky":false,"template":"","format":"standard","meta":{"_jetpack_memberships_contains_paid_content":false,"footnotes":""},"categories":[18,32,31],"tags":[],"class_list":["post-6669","post","type-post","status-publish","format-standard","has-post-thumbnail","hentry","category-educacion-y-cultura","category-entradas","category-principal"],"jetpack_featured_media_url":"http:\/\/www.eloriente.net\/home\/wp-content\/uploads\/2013\/01\/FINALCentro-de-las-Artes-indi\u0301genas.jpg","jetpack_sharing_enabled":true,"_links":{"self":[{"href":"http:\/\/www.eloriente.net\/home\/wp-json\/wp\/v2\/posts\/6669"}],"collection":[{"href":"http:\/\/www.eloriente.net\/home\/wp-json\/wp\/v2\/posts"}],"about":[{"href":"http:\/\/www.eloriente.net\/home\/wp-json\/wp\/v2\/types\/post"}],"author":[{"embeddable":true,"href":"http:\/\/www.eloriente.net\/home\/wp-json\/wp\/v2\/users\/1"}],"replies":[{"embeddable":true,"href":"http:\/\/www.eloriente.net\/home\/wp-json\/wp\/v2\/comments?post=6669"}],"version-history":[{"count":8,"href":"http:\/\/www.eloriente.net\/home\/wp-json\/wp\/v2\/posts\/6669\/revisions"}],"predecessor-version":[{"id":6672,"href":"http:\/\/www.eloriente.net\/home\/wp-json\/wp\/v2\/posts\/6669\/revisions\/6672"}],"wp:featuredmedia":[{"embeddable":true,"href":"http:\/\/www.eloriente.net\/home\/wp-json\/wp\/v2\/media\/6699"}],"wp:attachment":[{"href":"http:\/\/www.eloriente.net\/home\/wp-json\/wp\/v2\/media?parent=6669"}],"wp:term":[{"taxonomy":"category","embeddable":true,"href":"http:\/\/www.eloriente.net\/home\/wp-json\/wp\/v2\/categories?post=6669"},{"taxonomy":"post_tag","embeddable":true,"href":"http:\/\/www.eloriente.net\/home\/wp-json\/wp\/v2\/tags?post=6669"}],"curies":[{"name":"wp","href":"https:\/\/api.w.org\/{rel}","templated":true}]}}