{"id":6743,"date":"2013-01-04T09:55:16","date_gmt":"2013-01-04T15:55:16","guid":{"rendered":"http:\/\/www.eloriente.net\/home\/?p=6743"},"modified":"2013-01-04T09:55:55","modified_gmt":"2013-01-04T15:55:55","slug":"premio-nacional-de-poesia-joven-francisco-cervantes-vidal","status":"publish","type":"post","link":"http:\/\/www.eloriente.net\/home\/2013\/01\/04\/premio-nacional-de-poesia-joven-francisco-cervantes-vidal\/","title":{"rendered":"Premio Nacional de Poes\u00eda Joven Francisco Cervantes Vidal"},"content":{"rendered":"<p>eloriente.net<\/p>\n<p>4 de enero de 2013<\/p>\n<p>eloriente.net (Oaxaca, Oax.) 4 de enero de 2013.- El Instituto Queretano de Cultura y las Artes y el Consejo Nacional para la Cultura y las Artes a trav\u00e9s del programa cultural Tierra Adentro convocan al Premio Nacional de Poes\u00eda Joven Francisco Cervantes Vidal.<\/p>\n<p>Podr\u00e1n participar todos los poetas mexicanos de nacimiento y\/0 extranjeros extranjeros que lleven residiendo m\u00e1s de 5 a\u00f1os en la Rep\u00fablica Mexicana, con un m\u00e1ximo de 30 a\u00f1os cumplidos hasta el cierre de la convocatoria.<\/p>\n<p>Se pueden presentar vol\u00famenes de poemas in\u00e9ditos, escritos en espa\u00f1ol, con tema y forma libre. Es importante mencionar que quedar\u00e1n excluidos los trabajos que se encuentren participando en otros concursos del Conaculta o que ya hayan sido premiados en cualquier certamen co-organizado por el programa Tierra Adentro.<\/p>\n<p>Los trabajos deber\u00e1n ser remitidos a Premio Nacional de Poes\u00eda Joven \u00abFrancisco Cervantes Vidal 2012\u00bb y enviado al El Instituto Queretano de Cultura y las Artes, ubicado en Arteaga No.89 Colonia Centro Hist\u00f3rico, Quer\u00e9taro, Qro.<\/p>\n<p>El plazo de admisi\u00f3n de las obras finalizar\u00e1 el jueves 28 de febrero de 2013 a las 15:00 horas, sin pr\u00f3rroga alguna. En el caso de los trabajos enviados por mensajer\u00eda se aceptar\u00e1n aquellos cuyo env\u00edo no exceda la del l\u00edmite de la convocatoria.<\/p>\n<p>Se otorgar\u00e1 un premio \u00fanico de $50,000.00 (cincuenta mil pesos 00\/100 m.n) y un diploma, as\u00ed como su publicaci\u00f3n en el Fondo Editorial Tierra Adentro.<\/p>\n<p>Para consultar todas las bases del concurso puedes dar click en el siguiente enlace:<\/p>\n<p><a href=\"http:\/\/www.conaculta.gob.mx\/tierra\/PDF_Premios\/Premios_2013\/Cervantes.pdf\" target=\"_blank\">CONVOCATORIA<\/a><\/p>\n\n\t\t\t  <div \n\t\t\t  \tclass = \"fb-comments\" \n\t\t\t  \tdata-href = \"http:\/\/www.eloriente.net\/home\/2013\/01\/04\/premio-nacional-de-poesia-joven-francisco-cervantes-vidal\/\"\n\t\t\t  \tdata-numposts = \"10\"\n\t\t\t\tdata-colorscheme = \"dark\"\n\t\t\t\tdata-order-by = \"social\"\n\t\t\t\tdata-mobile=true>\n\t\t\t  <\/div>\n\t\t  <style>\n\t\t\t.fb_iframe_widget_fluid_desktop iframe {\n\t\t\t    width: 100% !important;\n\t\t\t}\n\t\t  <\/style>\n\t\t  ","protected":false},"excerpt":{"rendered":"<p>eloriente.net 4 de enero de 2013 eloriente.net (Oaxaca, Oax.) 4 de enero de 2013.- El Instituto Queretano de Cultura y las Artes y el Consejo Nacional para la Cultura y las Artes a trav\u00e9s del programa cultural Tierra Adentro convocan al Premio Nacional de Poes\u00eda Joven Francisco Cervantes Vidal. Podr\u00e1n participar todos los poetas mexicanos [&hellip;]<\/p>\n","protected":false},"author":1,"featured_media":6744,"comment_status":"open","ping_status":"open","sticky":false,"template":"","format":"standard","meta":{"_jetpack_memberships_contains_paid_content":false,"footnotes":""},"categories":[26,32,10],"tags":[],"class_list":["post-6743","post","type-post","status-publish","format-standard","has-post-thumbnail","hentry","category-convocatorias","category-entradas","category-lo-mas-reciente"],"jetpack_featured_media_url":"http:\/\/www.eloriente.net\/home\/wp-content\/uploads\/2013\/01\/Captura-de-pantalla-2013-01-04-a-las-09.51.36.png","jetpack_sharing_enabled":true,"_links":{"self":[{"href":"http:\/\/www.eloriente.net\/home\/wp-json\/wp\/v2\/posts\/6743"}],"collection":[{"href":"http:\/\/www.eloriente.net\/home\/wp-json\/wp\/v2\/posts"}],"about":[{"href":"http:\/\/www.eloriente.net\/home\/wp-json\/wp\/v2\/types\/post"}],"author":[{"embeddable":true,"href":"http:\/\/www.eloriente.net\/home\/wp-json\/wp\/v2\/users\/1"}],"replies":[{"embeddable":true,"href":"http:\/\/www.eloriente.net\/home\/wp-json\/wp\/v2\/comments?post=6743"}],"version-history":[{"count":3,"href":"http:\/\/www.eloriente.net\/home\/wp-json\/wp\/v2\/posts\/6743\/revisions"}],"predecessor-version":[{"id":6746,"href":"http:\/\/www.eloriente.net\/home\/wp-json\/wp\/v2\/posts\/6743\/revisions\/6746"}],"wp:featuredmedia":[{"embeddable":true,"href":"http:\/\/www.eloriente.net\/home\/wp-json\/wp\/v2\/media\/6744"}],"wp:attachment":[{"href":"http:\/\/www.eloriente.net\/home\/wp-json\/wp\/v2\/media?parent=6743"}],"wp:term":[{"taxonomy":"category","embeddable":true,"href":"http:\/\/www.eloriente.net\/home\/wp-json\/wp\/v2\/categories?post=6743"},{"taxonomy":"post_tag","embeddable":true,"href":"http:\/\/www.eloriente.net\/home\/wp-json\/wp\/v2\/tags?post=6743"}],"curies":[{"name":"wp","href":"https:\/\/api.w.org\/{rel}","templated":true}]}}