{"id":7341,"date":"2013-01-17T10:03:51","date_gmt":"2013-01-17T16:03:51","guid":{"rendered":"http:\/\/www.eloriente.net\/home\/?p=7341"},"modified":"2013-01-17T14:47:09","modified_gmt":"2013-01-17T20:47:09","slug":"convocatoria-xvi-festival-internacional-de-cine-de-guanajuato","status":"publish","type":"post","link":"http:\/\/www.eloriente.net\/home\/2013\/01\/17\/convocatoria-xvi-festival-internacional-de-cine-de-guanajuato\/","title":{"rendered":"Convocatoria XVI Festival Internacional de Cine de Guanajuato"},"content":{"rendered":"<p>eloriente.net<\/p>\n<p>17 de enero de 2013<\/p>\n<p>eloriente.net (Oaxaca, Oax.) 17 de enero de 2013.- La XVI edici\u00f3n del Festival Internacional de Cine de Guanajuato que se celebrar\u00e1 del 19 al 28 de Julio de este a\u00f1o en las ciudades de San Miguel de Allende y Guanajuato, Gto., M\u00e9xico, abri\u00f3 el d\u00eda de ayer la convocatoria a cineastas mexicanos y extranjeros para participar con sus cintas en las diferentes categor\u00edas del Festival.<\/p>\n<p>Para las categor\u00edas de Cortometraje ficci\u00f3n, Cortometraje Experimental, Cortometraje animaci\u00f3n y Cortometraje Documental podr\u00e1n participar cortometrajes en formato de cine, video o digital, cuya producci\u00f3n sea posterior al 1 de Enero del 2012 y con duraci\u00f3n m\u00e1xima de 30 minutos (incluyendo cr\u00e9ditos).<\/p>\n<p>En la categor\u00eda de Documental Largometraje podr\u00e1n participar documentales en formato de cine, video o digital con duraci\u00f3n m\u00ednima de 30 y m\u00e1xima de 120 minutos cuya producci\u00f3n sea posterior al 1 de Enero del 2012.<\/p>\n<p>Por \u00faltimo, en la categor\u00eda de Largometraje \u00d3pera Prima podr\u00e1n participar largometrajes \u00d3peras Primas, o primeras obras de directores Mexicanos e Internacionales, en formato de cine o digital, que no han concretado distribuci\u00f3n en las salas cinematogr\u00e1ficas del pa\u00eds; y cuya producci\u00f3n sea posterior al 1 de Enero del 2012.<\/p>\n<p>La inscripci\u00f3n no tiene ning\u00fan costo para realizadores mexicanos. Para trabajos provenientes de otros pa\u00edses el costo ser\u00e1 de $25 d\u00f3lares, los cuales ser\u00e1n depositados en la cuenta del Festival Internacional de Cine Guanajuato en WithoutABox.com<\/p>\n<p>La fecha l\u00edmite de inscripci\u00f3n y env\u00edo de materiales es el 1\u00ba de Mayo, 2013. Se considerar\u00e1 v\u00e1lido matasellos de correo con esta fecha.<\/p>\n<p>Consulta las bases de la convocatoria <a href=\"http:\/\/www.guanajuatofilmfestival.com\/_wp\/?p=2150\" target=\"_blank\">AQU\u00cd<\/a><\/p>\n<p><a href=\"http:\/\/www.eloriente.net\/home\/wp-content\/uploads\/2013\/01\/Convocatoria-Festival-Internacional-de-cine-guanajuato.png\"><img loading=\"lazy\" decoding=\"async\" class=\"aligncenter size-medium wp-image-7343\" title=\"Convocatoria Festival Internacional de cine guanajuato\" src=\"http:\/\/www.eloriente.net\/home\/wp-content\/uploads\/2013\/01\/Convocatoria-Festival-Internacional-de-cine-guanajuato-199x300.png\" alt=\"\" width=\"199\" height=\"300\" srcset=\"http:\/\/www.eloriente.net\/home\/wp-content\/uploads\/2013\/01\/Convocatoria-Festival-Internacional-de-cine-guanajuato-199x300.png 199w, http:\/\/www.eloriente.net\/home\/wp-content\/uploads\/2013\/01\/Convocatoria-Festival-Internacional-de-cine-guanajuato.png 477w\" sizes=\"(max-width: 199px) 100vw, 199px\" \/><\/a><\/p>\n<p>&nbsp;<\/p>\n\n\t\t\t  <div \n\t\t\t  \tclass = \"fb-comments\" \n\t\t\t  \tdata-href = \"http:\/\/www.eloriente.net\/home\/2013\/01\/17\/convocatoria-xvi-festival-internacional-de-cine-de-guanajuato\/\"\n\t\t\t  \tdata-numposts = \"10\"\n\t\t\t\tdata-colorscheme = \"dark\"\n\t\t\t\tdata-order-by = \"social\"\n\t\t\t\tdata-mobile=true>\n\t\t\t  <\/div>\n\t\t  <style>\n\t\t\t.fb_iframe_widget_fluid_desktop iframe {\n\t\t\t    width: 100% !important;\n\t\t\t}\n\t\t  <\/style>\n\t\t  ","protected":false},"excerpt":{"rendered":"<p>eloriente.net 17 de enero de 2013 eloriente.net (Oaxaca, Oax.) 17 de enero de 2013.- La XVI edici\u00f3n del Festival Internacional de Cine de Guanajuato que se celebrar\u00e1 del 19 al 28 de Julio de este a\u00f1o en las ciudades de San Miguel de Allende y Guanajuato, Gto., M\u00e9xico, abri\u00f3 el d\u00eda de ayer la convocatoria [&hellip;]<\/p>\n","protected":false},"author":1,"featured_media":7343,"comment_status":"open","ping_status":"open","sticky":false,"template":"","format":"standard","meta":{"_jetpack_memberships_contains_paid_content":false,"footnotes":""},"categories":[56,26,32,63,10,24],"tags":[],"class_list":["post-7341","post","type-post","status-publish","format-standard","has-post-thumbnail","hentry","category-cine","category-convocatorias","category-entradas","category-estados","category-lo-mas-reciente","category-mexico-y-el-mundo"],"jetpack_featured_media_url":"http:\/\/www.eloriente.net\/home\/wp-content\/uploads\/2013\/01\/Convocatoria-Festival-Internacional-de-cine-guanajuato.png","jetpack_sharing_enabled":true,"_links":{"self":[{"href":"http:\/\/www.eloriente.net\/home\/wp-json\/wp\/v2\/posts\/7341"}],"collection":[{"href":"http:\/\/www.eloriente.net\/home\/wp-json\/wp\/v2\/posts"}],"about":[{"href":"http:\/\/www.eloriente.net\/home\/wp-json\/wp\/v2\/types\/post"}],"author":[{"embeddable":true,"href":"http:\/\/www.eloriente.net\/home\/wp-json\/wp\/v2\/users\/1"}],"replies":[{"embeddable":true,"href":"http:\/\/www.eloriente.net\/home\/wp-json\/wp\/v2\/comments?post=7341"}],"version-history":[{"count":4,"href":"http:\/\/www.eloriente.net\/home\/wp-json\/wp\/v2\/posts\/7341\/revisions"}],"predecessor-version":[{"id":7345,"href":"http:\/\/www.eloriente.net\/home\/wp-json\/wp\/v2\/posts\/7341\/revisions\/7345"}],"wp:featuredmedia":[{"embeddable":true,"href":"http:\/\/www.eloriente.net\/home\/wp-json\/wp\/v2\/media\/7343"}],"wp:attachment":[{"href":"http:\/\/www.eloriente.net\/home\/wp-json\/wp\/v2\/media?parent=7341"}],"wp:term":[{"taxonomy":"category","embeddable":true,"href":"http:\/\/www.eloriente.net\/home\/wp-json\/wp\/v2\/categories?post=7341"},{"taxonomy":"post_tag","embeddable":true,"href":"http:\/\/www.eloriente.net\/home\/wp-json\/wp\/v2\/tags?post=7341"}],"curies":[{"name":"wp","href":"https:\/\/api.w.org\/{rel}","templated":true}]}}