{"id":7436,"date":"2013-01-19T09:37:46","date_gmt":"2013-01-19T15:37:46","guid":{"rendered":"http:\/\/www.eloriente.net\/home\/?p=7436"},"modified":"2013-01-19T10:00:26","modified_gmt":"2013-01-19T16:00:26","slug":"convocan-a-galardon-genoveva-medina-a-grandes-maestras-y-maestros-del-arte-popular-oaxaqueno-2013","status":"publish","type":"post","link":"http:\/\/www.eloriente.net\/home\/2013\/01\/19\/convocan-a-galardon-genoveva-medina-a-grandes-maestras-y-maestros-del-arte-popular-oaxaqueno-2013\/","title":{"rendered":"Convocan a Galard\u00f3n \u00abGenoveva Medina\u00bb a grandes maestras y maestros del arte popular oaxaque\u00f1o 2013"},"content":{"rendered":"<p>eloriente.net\/<a href=\"http:\/\/www.artesaniasaripo.com\/\" target=\"_blank\">IOA<\/a><\/p>\n<p>19 de enero de 2013<\/p>\n<p>eloriente.net (Oaxaca, Oax.) 19 de enero de 2013.- El Gobierno del Estado de Oaxaca, Municipio de Ocotl\u00e1n de Morelos y la Organizaci\u00f3n Sembrando una Semilla de Cambio a trav\u00e9s del Instituto Oaxaque\u00f1o de las Artesan\u00edas (IOA) han lanzado la convocatoria para el <strong>Galard\u00f3n Genoveva Medina a grandes maestras y maestros del arte popular oaxaque\u00f1o 2013<\/strong>.<\/p>\n<p>El IOA se\u00f1al\u00f3 que el objetivo de este Galard\u00f3n es reconocer la mejor trayectoria de la artesana o artesano del arte popular oaxaque\u00f1o que haya participado en diferentes cert\u00e1menes estatales y nacionales, realizando un homenaje a los grandes maestros y maestras de nuestro estado.<\/p>\n<p>En esta convocatoria podr\u00e1n participar las artesanas y artesanos oaxaque\u00f1os que hayan obtenido primero, segundo o tercer lugar, Galard\u00f3n Nacional, Premios Especiales o Primer Lugar en su categor\u00eda, en los siguientes concursos nacionales: Gran Premio de Arte Popular, Nacimientos Mexicanos, Premio Nacional de la Cer\u00e1mica de Tlaquepaque, Concurso de Alfarer\u00eda y Cer\u00e1mica de Metepec, Premio Nacional de la Plata \u201cHugo Salinas Price\u201d, Concurso Nacional de la Cer\u00e1mica de Tonal\u00e1 o Premio Nacional \u201cBenito Ju\u00e1rez 2006\u201d.<\/p>\n<p>Puedes consultar la convocatoria completa <a href=\"http:\/\/www.artesaniasaripo.com\/#!convocatorias\" target=\"_blank\">AQU\u00cd.<\/a><\/p>\n<p>El Artesano que resulte ganador ser\u00e1 acreedor a $20.000. Cabe destacar que\u00a0 todos los homenajeados se les har\u00e1 entrega de un reconocimiento.<\/p>\n<p>La entrega de reconocimientos y Galard\u00f3n \u201cGenoveva Medina\u201d del 1er. Homenaje a Grandes Maestras y Maestros del Arte Popular 2013 estar\u00e1 cargo del Presidente Municipal de Ocotl\u00e1n de Morelos, la Directora General del IOA y la Organizaci\u00f3n Sembrando una Semilla de Cambio, el d\u00eda s\u00e1bado 16 de febrero a las 12:00 hrs. en el Ex-convento de Santo Domingo Ocotl\u00e1n de Morelos.<\/p>\n\n\t\t\t  <div \n\t\t\t  \tclass = \"fb-comments\" \n\t\t\t  \tdata-href = \"http:\/\/www.eloriente.net\/home\/2013\/01\/19\/convocan-a-galardon-genoveva-medina-a-grandes-maestras-y-maestros-del-arte-popular-oaxaqueno-2013\/\"\n\t\t\t  \tdata-numposts = \"10\"\n\t\t\t\tdata-colorscheme = \"dark\"\n\t\t\t\tdata-order-by = \"social\"\n\t\t\t\tdata-mobile=true>\n\t\t\t  <\/div>\n\t\t  <style>\n\t\t\t.fb_iframe_widget_fluid_desktop iframe {\n\t\t\t    width: 100% !important;\n\t\t\t}\n\t\t  <\/style>\n\t\t  ","protected":false},"excerpt":{"rendered":"<p>eloriente.net\/IOA 19 de enero de 2013 eloriente.net (Oaxaca, Oax.) 19 de enero de 2013.- El Gobierno del Estado de Oaxaca, Municipio de Ocotl\u00e1n de Morelos y la Organizaci\u00f3n Sembrando una Semilla de Cambio a trav\u00e9s del Instituto Oaxaque\u00f1o de las Artesan\u00edas (IOA) han lanzado la convocatoria para el Galard\u00f3n Genoveva Medina a grandes maestras y [&hellip;]<\/p>\n","protected":false},"author":1,"featured_media":7438,"comment_status":"open","ping_status":"open","sticky":false,"template":"","format":"standard","meta":{"_jetpack_memberships_contains_paid_content":false,"footnotes":""},"categories":[26,32,10],"tags":[],"class_list":["post-7436","post","type-post","status-publish","format-standard","has-post-thumbnail","hentry","category-convocatorias","category-entradas","category-lo-mas-reciente"],"jetpack_featured_media_url":"http:\/\/www.eloriente.net\/home\/wp-content\/uploads\/2013\/01\/Captura-de-pantalla-2013-01-19-a-las-09.31.34.png","jetpack_sharing_enabled":true,"_links":{"self":[{"href":"http:\/\/www.eloriente.net\/home\/wp-json\/wp\/v2\/posts\/7436"}],"collection":[{"href":"http:\/\/www.eloriente.net\/home\/wp-json\/wp\/v2\/posts"}],"about":[{"href":"http:\/\/www.eloriente.net\/home\/wp-json\/wp\/v2\/types\/post"}],"author":[{"embeddable":true,"href":"http:\/\/www.eloriente.net\/home\/wp-json\/wp\/v2\/users\/1"}],"replies":[{"embeddable":true,"href":"http:\/\/www.eloriente.net\/home\/wp-json\/wp\/v2\/comments?post=7436"}],"version-history":[{"count":3,"href":"http:\/\/www.eloriente.net\/home\/wp-json\/wp\/v2\/posts\/7436\/revisions"}],"predecessor-version":[{"id":7445,"href":"http:\/\/www.eloriente.net\/home\/wp-json\/wp\/v2\/posts\/7436\/revisions\/7445"}],"wp:featuredmedia":[{"embeddable":true,"href":"http:\/\/www.eloriente.net\/home\/wp-json\/wp\/v2\/media\/7438"}],"wp:attachment":[{"href":"http:\/\/www.eloriente.net\/home\/wp-json\/wp\/v2\/media?parent=7436"}],"wp:term":[{"taxonomy":"category","embeddable":true,"href":"http:\/\/www.eloriente.net\/home\/wp-json\/wp\/v2\/categories?post=7436"},{"taxonomy":"post_tag","embeddable":true,"href":"http:\/\/www.eloriente.net\/home\/wp-json\/wp\/v2\/tags?post=7436"}],"curies":[{"name":"wp","href":"https:\/\/api.w.org\/{rel}","templated":true}]}}