{"id":7503,"date":"2013-01-21T09:42:32","date_gmt":"2013-01-21T15:42:32","guid":{"rendered":"http:\/\/www.eloriente.net\/home\/?p=7503"},"modified":"2013-01-21T11:32:02","modified_gmt":"2013-01-21T17:32:02","slug":"seccion-22-del-snte-continua-bloqueo-a-sede-del-congreso-de-oaxaca","status":"publish","type":"post","link":"http:\/\/www.eloriente.net\/home\/2013\/01\/21\/seccion-22-del-snte-continua-bloqueo-a-sede-del-congreso-de-oaxaca\/","title":{"rendered":"Secci\u00f3n 22 del SNTE\/CNTE contin\u00faa bloqueo a Congreso de Oaxaca"},"content":{"rendered":"<p>eloriente.net<\/p>\n<p>21 de enero de 2013<\/p>\n<p>eloriente.net (Oaxaca, Oax.) 21 de enero de 2013.- La Asamblea Estatal de la\u00a0Secci\u00f3n 22 del Sindicato Nacional de Trabajadores de la Educaci\u00f3n (SNTE) acord\u00f3 continuar el bloqueo a las instalaciones del Congreso del Estado de Oaxaca\u00a0 en rechazo a la reforma educativa.<\/p>\n<p>La ma\u00f1ana de lunes 14 de enero, unos mil integrantes de la Secci\u00f3n 22 del SNTE bloquearon los\u00a0 accesos a la sede del Poder Legislativo del Estado para impedir el an\u00e1lisis de la reforma educativa enviada por el Gobierno federal, pese a que la aprobaci\u00f3n y\/o rechazo de \u00e9sta no cambiar\u00eda su eventual entrada en vigor en el pa\u00eds.<\/p>\n<p>Con su protesta, que se centra en el Congreso del Estado, los mentores de la Secci\u00f3n 22 del SNTE exigen a los 42 Diputados de la LXI Legislatura NO avalar la reforma educativa impulsada por el Gobierno Federal del presidente Enrique Pe\u00f1a Nieto.<\/p>\n<p>En los acuerdos, tareas, pronunciamientos y plan de acci\u00f3n emanados de la Asamblea Legislativa Estatal Permanente celebrada el s\u00e1bado 19 de enero -documento que puede consultarse en el portal portal de la <a href=\"http:\/\/www.seccion22.org.mx\" target=\"_blank\">Secci\u00f3n 22<\/a>-, se \u00abexige a los Diputados\u00a0 del Congreso Local\u00a0 que se pronuncien en contra de la Reforma Constitucional de los Art\u00edculos\u00a0 3\u00b0. y 73 porque atentan contra la Educaci\u00f3n P\u00fablica y Gratuita\u00bb.<\/p>\n<p>El pleno magisterial exige al\u00a0 Gobierno del Estado y a los diputados del Congreso Local fijen posici\u00f3n pol\u00edtica y declaren que en Oaxaca no existen las condiciones para aplicar la Reforma Educativa y se comprometan a incluir en la agenda legislativa del periodo ordinario la Iniciativa de Ley para el\u00a0Plan para la Transformaci\u00f3n de la Educaci\u00f3n de Oaxaca (PTEO).<\/p>\n<p>La Secci\u00f3n 22 descart\u00f3 movilizaciones masivas o suspensi\u00f3n de clases pero s\u00ed contempla una serie de reuniones con legisladores locales y protestas en la Ciudad de M\u00e9xico.<\/p>\n<p><a href=\"http:\/\/www.eloriente.net\/home\/wp-content\/uploads\/2013\/01\/Captura-de-pantalla-2013-01-21-a-las-09.40.05.png\"><img loading=\"lazy\" decoding=\"async\" class=\"aligncenter size-medium wp-image-7504\" title=\"Captura de pantalla 2013-01-21 a la(s) 09.40.05\" src=\"http:\/\/www.eloriente.net\/home\/wp-content\/uploads\/2013\/01\/Captura-de-pantalla-2013-01-21-a-las-09.40.05-300x139.png\" alt=\"\" width=\"300\" height=\"139\" srcset=\"http:\/\/www.eloriente.net\/home\/wp-content\/uploads\/2013\/01\/Captura-de-pantalla-2013-01-21-a-las-09.40.05-300x139.png 300w, http:\/\/www.eloriente.net\/home\/wp-content\/uploads\/2013\/01\/Captura-de-pantalla-2013-01-21-a-las-09.40.05-1024x476.png 1024w, http:\/\/www.eloriente.net\/home\/wp-content\/uploads\/2013\/01\/Captura-de-pantalla-2013-01-21-a-las-09.40.05.png 1181w\" sizes=\"(max-width: 300px) 100vw, 300px\" \/><\/a><\/p>\n<p>&nbsp;<\/p>\n<h1><\/h1>\n\n\t\t\t  <div \n\t\t\t  \tclass = \"fb-comments\" \n\t\t\t  \tdata-href = \"http:\/\/www.eloriente.net\/home\/2013\/01\/21\/seccion-22-del-snte-continua-bloqueo-a-sede-del-congreso-de-oaxaca\/\"\n\t\t\t  \tdata-numposts = \"10\"\n\t\t\t\tdata-colorscheme = \"dark\"\n\t\t\t\tdata-order-by = \"social\"\n\t\t\t\tdata-mobile=true>\n\t\t\t  <\/div>\n\t\t  <style>\n\t\t\t.fb_iframe_widget_fluid_desktop iframe {\n\t\t\t    width: 100% !important;\n\t\t\t}\n\t\t  <\/style>\n\t\t  ","protected":false},"excerpt":{"rendered":"<p>eloriente.net 21 de enero de 2013 eloriente.net (Oaxaca, Oax.) 21 de enero de 2013.- La Asamblea Estatal de la\u00a0Secci\u00f3n 22 del Sindicato Nacional de Trabajadores de la Educaci\u00f3n (SNTE) acord\u00f3 continuar el bloqueo a las instalaciones del Congreso del Estado de Oaxaca\u00a0 en rechazo a la reforma educativa. La ma\u00f1ana de lunes 14 de enero, [&hellip;]<\/p>\n","protected":false},"author":1,"featured_media":7504,"comment_status":"open","ping_status":"open","sticky":false,"template":"","format":"standard","meta":{"_jetpack_memberships_contains_paid_content":false,"footnotes":""},"categories":[29,32,10,21],"tags":[],"class_list":["post-7503","post","type-post","status-publish","format-standard","has-post-thumbnail","hentry","category-capital","category-entradas","category-lo-mas-reciente","category-politica-y-gobierno"],"jetpack_featured_media_url":"http:\/\/www.eloriente.net\/home\/wp-content\/uploads\/2013\/01\/Captura-de-pantalla-2013-01-21-a-las-09.40.05.png","jetpack_sharing_enabled":true,"_links":{"self":[{"href":"http:\/\/www.eloriente.net\/home\/wp-json\/wp\/v2\/posts\/7503"}],"collection":[{"href":"http:\/\/www.eloriente.net\/home\/wp-json\/wp\/v2\/posts"}],"about":[{"href":"http:\/\/www.eloriente.net\/home\/wp-json\/wp\/v2\/types\/post"}],"author":[{"embeddable":true,"href":"http:\/\/www.eloriente.net\/home\/wp-json\/wp\/v2\/users\/1"}],"replies":[{"embeddable":true,"href":"http:\/\/www.eloriente.net\/home\/wp-json\/wp\/v2\/comments?post=7503"}],"version-history":[{"count":5,"href":"http:\/\/www.eloriente.net\/home\/wp-json\/wp\/v2\/posts\/7503\/revisions"}],"predecessor-version":[{"id":7523,"href":"http:\/\/www.eloriente.net\/home\/wp-json\/wp\/v2\/posts\/7503\/revisions\/7523"}],"wp:featuredmedia":[{"embeddable":true,"href":"http:\/\/www.eloriente.net\/home\/wp-json\/wp\/v2\/media\/7504"}],"wp:attachment":[{"href":"http:\/\/www.eloriente.net\/home\/wp-json\/wp\/v2\/media?parent=7503"}],"wp:term":[{"taxonomy":"category","embeddable":true,"href":"http:\/\/www.eloriente.net\/home\/wp-json\/wp\/v2\/categories?post=7503"},{"taxonomy":"post_tag","embeddable":true,"href":"http:\/\/www.eloriente.net\/home\/wp-json\/wp\/v2\/tags?post=7503"}],"curies":[{"name":"wp","href":"https:\/\/api.w.org\/{rel}","templated":true}]}}