{"id":7508,"date":"2013-01-21T09:52:36","date_gmt":"2013-01-21T15:52:36","guid":{"rendered":"http:\/\/www.eloriente.net\/home\/?p=7508"},"modified":"2013-02-18T13:23:53","modified_gmt":"2013-02-18T19:23:53","slug":"i-bienal-internacional-de-grabado-jose-guadalupe-posada","status":"publish","type":"post","link":"http:\/\/www.eloriente.net\/home\/2013\/01\/21\/i-bienal-internacional-de-grabado-jose-guadalupe-posada\/","title":{"rendered":"I Bienal Internacional de Grabado Jos\u00e9 Guadalupe Posada"},"content":{"rendered":"<p>eloriente.net<\/p>\n<p>21 de enero de 2013<\/p>\n<p>eloriente.net (Oaxaca, Oax.) 21 de enero de 2013.- El Instituto Cultural de Aguascalientes, el Consejo para la Cultura y las Artes y el Instituto Nacional de Bellas Artes, como un homenaje al ilustre garabador Jos\u00e9 Guadalupe Posada (1852-1913) en el 100\u00ba Aniversario de su muerte, han convocado a la <strong>I Bienal Internacional de Grabado Jos\u00e9 Guadalupe Posada<\/strong>.<\/p>\n<p>Podr\u00e1n participar todos los artistas y grabadores de pa\u00edses latinoamericanos de habla hispana, brasile\u00f1os y espa\u00f1oles, con obras de tem\u00e1tica y t\u00e9cnica libres- excluyendo al monotipo e impresi\u00f3n digital- y teniendo como medidas m\u00ednimas 50 x 50cms. en imagen y m\u00e1ximas de 150 x 150 cms. en papel.<\/p>\n<p>La recepci\u00f3n de obras ser\u00e1 del 8 de mayo al 29 de junio del 2013 en horario de 9:00 a 16:00 hrs. \u00c9stas deber\u00e1n ser enviadas sin marco en la siguiente direcci\u00f3n:<\/p>\n<p>I Bienal Internacional de Grabado J. Guadalupe Posada<br \/>\nMuseo Posada<br \/>\nLado Norte del Jard\u00edn del Encino<br \/>\nBarrio del Encino<br \/>\nC.P. 20240<br \/>\nAguascalientes Ags.<br \/>\nTel. (449) 9 15 45 56<br \/>\nE-mail: museojgposada@yahoo.com.mx<\/p>\n<p>Se otorgar\u00e1n tres premios de $10,000. DLLS. cada uno. El acto de premiaci\u00f3n se realizar\u00e1 en la ceremonia de inauguraci\u00f3n de la exposici\u00f3n el 30 de octubre de 2013, en el Museo Posada.<\/p>\n<p>Es importante mencionar que las obras premiadas pasar\u00e1n a formar parte del acervo del Instituto Cultural de Aguascalientes.<\/p>\n<p>Puedes consultar las bases completas de la Convocatoria <a href=\"http:\/\/www.google.com.mx\/url?sa=t&amp;rct=j&amp;q=&amp;esrc=s&amp;source=web&amp;cd=3&amp;ved=0CDoQFjAC&amp;url=http%3A%2F%2Fwww.aguascalientes.gob.mx%2Fimage%2Fgrabadoposada.pdf&amp;ei=-WL9UKqiFIOk8QSQjYCIDQ&amp;usg=AFQjCNFZjy0evm5UG86XBwjwddA_jm8QUw&amp;sig2=87nMPEFIavlYgaWjWpAy0w&amp;bvm=bv.41248874,d.eWU&amp;cad=rja\" target=\"_blank\">AQU\u00cd.<\/a><\/p>\n<p>&nbsp;<\/p>\n<p><strong>Otras convocatorias:<\/strong><\/p>\n<p><a title=\"Permalink to Convocatoria XVI Festival Internacional de Cine de Guanajuato\" href=\"http:\/\/www.eloriente.net\/home\/2013\/01\/17\/convocatoria-xvi-festival-internacional-de-cine-de-guanajuato\/\" rel=\"bookmark\">Convocatoria XVI Festival Internacional de Cine de Guanajuato<\/a><\/p>\n<p><a title=\"Permalink to Convocan a Galard\u00f3n \u201cGenoveva Medina\u201d a grandes maestras y maestros del arte popular oaxaque\u00f1o 2013\" href=\"http:\/\/www.eloriente.net\/home\/2013\/01\/19\/convocan-a-galardon-genoveva-medina-a-grandes-maestras-y-maestros-del-arte-popular-oaxaqueno-2013\/\" rel=\"bookmark\">Convocan a Galard\u00f3n \u201cGenoveva Medina\u201d a grandes maestras y maestros del arte popular oaxaque\u00f1o 2013<\/a><\/p>\n<p><a title=\"Permalink to Convocatoria Bienal de Cartel Bolivia (BICeB\u00e9) 2013\" href=\"http:\/\/www.eloriente.net\/home\/2013\/01\/15\/convocatoria-bienal-de-cartel-bolivia-bicebe-2013\/\" rel=\"bookmark\">Convocatoria Bienal de Cartel Bolivia (BICeB\u00e9) 2013<\/a><\/p>\n<p><a title=\"Permalink to Premios CaSa 2013. Creaci\u00f3n Literaria en Lengua Zapoteca\" href=\"http:\/\/www.eloriente.net\/home\/2013\/01\/10\/premios-casa-2013-creacion-literaria-en-lengua-zapoteca\/\" rel=\"bookmark\">Premios CaSa 2013. Creaci\u00f3n Literaria en Lengua Zapoteca<\/a><\/p>\n<p><a title=\"Permalink to Municipios de Oaxaca pueden financiar proyectos v\u00eda ITESM\" href=\"http:\/\/www.eloriente.net\/home\/2013\/01\/10\/municipios-de-oaxaca-pueden-financiar-proyectos-via-itesm\/\" rel=\"bookmark\">Municipios de Oaxaca pueden financiar proyectos v\u00eda ITESM<\/a><\/p>\n<p><a title=\"Permalink to Concurso Internacional de Artes Pl\u00e1sticas 2013: UNESCO\" href=\"http:\/\/www.eloriente.net\/home\/2013\/01\/08\/concurso-internacional-de-artes-plasticas-2013-unesco\/\" rel=\"bookmark\">Concurso Internacional de Artes Pl\u00e1sticas 2013: UNESCO<\/a><\/p>\n<p><a title=\"Permalink to Premio Nacional de Poes\u00eda Joven Francisco Cervantes Vidal\" href=\"http:\/\/www.eloriente.net\/home\/2013\/01\/04\/premio-nacional-de-poesia-joven-francisco-cervantes-vidal\/\" rel=\"bookmark\">Premio Nacional de Poes\u00eda Joven Francisco Cervantes Vidal<\/a><\/p>\n<p><a title=\"Permalink to Convocatoria Riviera Maya Film Festival 2013\" href=\"http:\/\/www.eloriente.net\/home\/2012\/12\/25\/convocatoria-riviera-maya-film-festival-2013\/\" rel=\"bookmark\">Convocatoria Riviera Maya Film Festival 2013<\/a><\/p>\n<p><a title=\"Permalink to FONCA y Uni\u00f3n Europea lanzan convocatoria para artes esc\u00e9nicas\" href=\"http:\/\/www.eloriente.net\/home\/2012\/12\/24\/fonca-y-union-europea-lanzan-convocatoria-para-artes-escenicas\/\" rel=\"bookmark\">FONCA y Uni\u00f3n Europea lanzan convocatoria para artes esc\u00e9nicas<\/a><\/p>\n\n\t\t\t  <div \n\t\t\t  \tclass = \"fb-comments\" \n\t\t\t  \tdata-href = \"http:\/\/www.eloriente.net\/home\/2013\/01\/21\/i-bienal-internacional-de-grabado-jose-guadalupe-posada\/\"\n\t\t\t  \tdata-numposts = \"10\"\n\t\t\t\tdata-colorscheme = \"dark\"\n\t\t\t\tdata-order-by = \"social\"\n\t\t\t\tdata-mobile=true>\n\t\t\t  <\/div>\n\t\t  <style>\n\t\t\t.fb_iframe_widget_fluid_desktop iframe {\n\t\t\t    width: 100% !important;\n\t\t\t}\n\t\t  <\/style>\n\t\t  ","protected":false},"excerpt":{"rendered":"<p>eloriente.net 21 de enero de 2013 eloriente.net (Oaxaca, Oax.) 21 de enero de 2013.- El Instituto Cultural de Aguascalientes, el Consejo para la Cultura y las Artes y el Instituto Nacional de Bellas Artes, como un homenaje al ilustre garabador Jos\u00e9 Guadalupe Posada (1852-1913) en el 100\u00ba Aniversario de su muerte, han convocado a la [&hellip;]<\/p>\n","protected":false},"author":1,"featured_media":7511,"comment_status":"open","ping_status":"open","sticky":false,"template":"","format":"standard","meta":{"_jetpack_memberships_contains_paid_content":false,"footnotes":""},"categories":[26,18,32,10],"tags":[],"class_list":["post-7508","post","type-post","status-publish","format-standard","has-post-thumbnail","hentry","category-convocatorias","category-educacion-y-cultura","category-entradas","category-lo-mas-reciente"],"jetpack_featured_media_url":"http:\/\/www.eloriente.net\/home\/wp-content\/uploads\/2013\/01\/Jose\u0301-Guadalupe-revolucio\u0301n.jpg","jetpack_sharing_enabled":true,"_links":{"self":[{"href":"http:\/\/www.eloriente.net\/home\/wp-json\/wp\/v2\/posts\/7508"}],"collection":[{"href":"http:\/\/www.eloriente.net\/home\/wp-json\/wp\/v2\/posts"}],"about":[{"href":"http:\/\/www.eloriente.net\/home\/wp-json\/wp\/v2\/types\/post"}],"author":[{"embeddable":true,"href":"http:\/\/www.eloriente.net\/home\/wp-json\/wp\/v2\/users\/1"}],"replies":[{"embeddable":true,"href":"http:\/\/www.eloriente.net\/home\/wp-json\/wp\/v2\/comments?post=7508"}],"version-history":[{"count":6,"href":"http:\/\/www.eloriente.net\/home\/wp-json\/wp\/v2\/posts\/7508\/revisions"}],"predecessor-version":[{"id":7515,"href":"http:\/\/www.eloriente.net\/home\/wp-json\/wp\/v2\/posts\/7508\/revisions\/7515"}],"wp:featuredmedia":[{"embeddable":true,"href":"http:\/\/www.eloriente.net\/home\/wp-json\/wp\/v2\/media\/7511"}],"wp:attachment":[{"href":"http:\/\/www.eloriente.net\/home\/wp-json\/wp\/v2\/media?parent=7508"}],"wp:term":[{"taxonomy":"category","embeddable":true,"href":"http:\/\/www.eloriente.net\/home\/wp-json\/wp\/v2\/categories?post=7508"},{"taxonomy":"post_tag","embeddable":true,"href":"http:\/\/www.eloriente.net\/home\/wp-json\/wp\/v2\/tags?post=7508"}],"curies":[{"name":"wp","href":"https:\/\/api.w.org\/{rel}","templated":true}]}}