{"id":7565,"date":"2013-01-23T09:49:22","date_gmt":"2013-01-23T15:49:22","guid":{"rendered":"http:\/\/www.eloriente.net\/home\/?p=7565"},"modified":"2013-01-24T11:38:28","modified_gmt":"2013-01-24T17:38:28","slug":"organizacion-internacional-del-trabajo-preve-mayor-desempleo-en-el-proximo-lustro","status":"publish","type":"post","link":"http:\/\/www.eloriente.net\/home\/2013\/01\/23\/organizacion-internacional-del-trabajo-preve-mayor-desempleo-en-el-proximo-lustro\/","title":{"rendered":"Organizaci\u00f3n Internacional del Trabajo prev\u00e9 mayor desempleo en el pr\u00f3ximo lustro"},"content":{"rendered":"<p>eloriente.net\/<a href=\"http:\/\/www.ilo.org\" target=\"_blank\">OIT<\/a><\/p>\n<p>23 de enero de 2013<\/p>\n<p>eloriente.net (Oaxaca, Oax.) 23 de enero de 2013.- Las cifras globales de desempleo podr\u00edan seguir creciendo en los pr\u00f3ximos 5 a\u00f1os, advirti\u00f3 la Organizaci\u00f3n Internacional del Trabajo (OIT) en su informe sobre las tendencias mundiales del empleo publicado el d\u00eda de ayer.<\/p>\n<p>El informe titulado \u00abTendencias Mundiales del Empleo 2013: Para recuperarse de una segunda ca\u00edda del empleo\u00bb, se\u00f1ala que el n\u00famero de desempleados en el mundo creci\u00f3 un 5,9%, el equivalente a 4,2 millones de personas, para sumar un total de 197 millones de desempleados en el mundo, y esas cifras continuar\u00edan aumentado para alcanzar m\u00e1s de 210 millones en los pr\u00f3ximos cinco a\u00f1os.<\/p>\n<p>De acuerdo a la informaci\u00f3n publicada, una cuarta parte del incremento se registr\u00f3 en las econom\u00edas avanzadas, mientras que tres cuartas partes se produjeron por efectos indirectos en otras regiones del mundo, especialmente en Asia oriental, Asia meridional y \u00c1frica subsahariana.<\/p>\n<p>Se indica que las nuevas condiciones de recesi\u00f3n en Europa se han propagado a nivel mundial,\u00a0 ya que regiones como Am\u00e9rica Latina y el Caribe tambi\u00e9n se han visto afectadas por la creciente volatilidad de los flujos internacionales de capital.<\/p>\n<p><strong>J\u00f3venes afectados por la crisis<\/strong><\/p>\n<p>De acuerdo al reporte publicado por la OIT, los j\u00f3venes contin\u00faan gravemente afectados por la crisis, \u00aben la actualidad, unos 73,8 millones de j\u00f3venes est\u00e1n desempleados a nivel mundial y es probable que la desaceleraci\u00f3n en la actividad econ\u00f3mica empuje a otro medio mill\u00f3n al desempleo para 2014\u00bb, se se\u00f1ala.<\/p>\n<p>Se estima que la tasa de desempleo juvenil \u2013 que ya hab\u00eda aumentado hasta 12,6 por ciento en 2012 \u2013 incrementar\u00e1<br \/>\nhasta 12,9 por ciento para 2017.<\/p>\n<p>Seg\u00fan el an\u00e1lisis realizado por la OIT, la crisis ha mermado dr\u00e1sticamente las perspectivas del mercado laboral para los j\u00f3venes, ya que muchos experimentan el desempleo de larga duraci\u00f3n desde su ingreso en el mercado laboral, una situaci\u00f3n que no hab\u00eda sido constatada durante las contracciones c\u00edclicas anteriores.<\/p>\n<p>En la actualidad, alrededor de 35 por ciento de todos los j\u00f3venes desempleados ha estado sin empleo durante seis meses o m\u00e1s en las econom\u00edas avanzadas, frente a 28,5 por ciento en 2007. Como consecuencia, un n\u00famero cada vez mayor de j\u00f3venes ha perdido la motivaci\u00f3n y ha abandonado el mercado de trabajo.<\/p>\n<p>Por \u00faltimo, el Informe se\u00f1ala que es necesario que las autoridades ejecutivas adopten pol\u00edticas para recuperarse de la segunda reca\u00edda del empleo.<\/p>\n<p>Puedes consultar el informe <a href=\"http:\/\/www.ilo.org\/wcmsp5\/groups\/public\/---dgreports\/---dcomm\/---publ\/documents\/publication\/wcms_202216.pdf\" target=\"_blank\">AQU\u00cd.<\/a><\/p>\n<p><iframe loading=\"lazy\" src=\"http:\/\/www.youtube.com\/embed\/4c9VCB0fU6I\" frameborder=\"0\" width=\"560\" height=\"315\"><\/iframe><\/p>\n<p><a href=\"http:\/\/www.eloriente.net\/home\/wp-content\/uploads\/2013\/01\/foto-desempleo.jpg\"><img loading=\"lazy\" decoding=\"async\" class=\"aligncenter size-medium wp-image-7569\" title=\"foto desempleo\" src=\"http:\/\/www.eloriente.net\/home\/wp-content\/uploads\/2013\/01\/foto-desempleo-300x168.jpg\" alt=\"\" width=\"300\" height=\"168\" srcset=\"http:\/\/www.eloriente.net\/home\/wp-content\/uploads\/2013\/01\/foto-desempleo-300x168.jpg 300w, http:\/\/www.eloriente.net\/home\/wp-content\/uploads\/2013\/01\/foto-desempleo.jpg 640w\" sizes=\"(max-width: 300px) 100vw, 300px\" \/><\/a><\/p>\n<p>Foto: <a href=\"http:\/\/www.un.org\" target=\"_blank\">ONU<\/a><\/p>\n\n\t\t\t  <div \n\t\t\t  \tclass = \"fb-comments\" \n\t\t\t  \tdata-href = \"http:\/\/www.eloriente.net\/home\/2013\/01\/23\/organizacion-internacional-del-trabajo-preve-mayor-desempleo-en-el-proximo-lustro\/\"\n\t\t\t  \tdata-numposts = \"10\"\n\t\t\t\tdata-colorscheme = \"dark\"\n\t\t\t\tdata-order-by = \"social\"\n\t\t\t\tdata-mobile=true>\n\t\t\t  <\/div>\n\t\t  <style>\n\t\t\t.fb_iframe_widget_fluid_desktop iframe {\n\t\t\t    width: 100% !important;\n\t\t\t}\n\t\t  <\/style>\n\t\t  ","protected":false},"excerpt":{"rendered":"<p>eloriente.net\/OIT 23 de enero de 2013 eloriente.net (Oaxaca, Oax.) 23 de enero de 2013.- Las cifras globales de desempleo podr\u00edan seguir creciendo en los pr\u00f3ximos 5 a\u00f1os, advirti\u00f3 la Organizaci\u00f3n Internacional del Trabajo (OIT) en su informe sobre las tendencias mundiales del empleo publicado el d\u00eda de ayer. El informe titulado \u00abTendencias Mundiales del Empleo [&hellip;]<\/p>\n","protected":false},"author":1,"featured_media":7569,"comment_status":"open","ping_status":"open","sticky":false,"template":"","format":"standard","meta":{"_jetpack_memberships_contains_paid_content":false,"footnotes":""},"categories":[32,10,24],"tags":[],"class_list":["post-7565","post","type-post","status-publish","format-standard","has-post-thumbnail","hentry","category-entradas","category-lo-mas-reciente","category-mexico-y-el-mundo"],"jetpack_featured_media_url":"http:\/\/www.eloriente.net\/home\/wp-content\/uploads\/2013\/01\/foto-desempleo.jpg","jetpack_sharing_enabled":true,"_links":{"self":[{"href":"http:\/\/www.eloriente.net\/home\/wp-json\/wp\/v2\/posts\/7565"}],"collection":[{"href":"http:\/\/www.eloriente.net\/home\/wp-json\/wp\/v2\/posts"}],"about":[{"href":"http:\/\/www.eloriente.net\/home\/wp-json\/wp\/v2\/types\/post"}],"author":[{"embeddable":true,"href":"http:\/\/www.eloriente.net\/home\/wp-json\/wp\/v2\/users\/1"}],"replies":[{"embeddable":true,"href":"http:\/\/www.eloriente.net\/home\/wp-json\/wp\/v2\/comments?post=7565"}],"version-history":[{"count":6,"href":"http:\/\/www.eloriente.net\/home\/wp-json\/wp\/v2\/posts\/7565\/revisions"}],"predecessor-version":[{"id":7623,"href":"http:\/\/www.eloriente.net\/home\/wp-json\/wp\/v2\/posts\/7565\/revisions\/7623"}],"wp:featuredmedia":[{"embeddable":true,"href":"http:\/\/www.eloriente.net\/home\/wp-json\/wp\/v2\/media\/7569"}],"wp:attachment":[{"href":"http:\/\/www.eloriente.net\/home\/wp-json\/wp\/v2\/media?parent=7565"}],"wp:term":[{"taxonomy":"category","embeddable":true,"href":"http:\/\/www.eloriente.net\/home\/wp-json\/wp\/v2\/categories?post=7565"},{"taxonomy":"post_tag","embeddable":true,"href":"http:\/\/www.eloriente.net\/home\/wp-json\/wp\/v2\/tags?post=7565"}],"curies":[{"name":"wp","href":"https:\/\/api.w.org\/{rel}","templated":true}]}}