{"id":7581,"date":"2013-01-23T11:06:32","date_gmt":"2013-01-23T17:06:32","guid":{"rendered":"http:\/\/www.eloriente.net\/home\/?p=7581"},"modified":"2021-09-20T17:02:12","modified_gmt":"2021-09-20T23:02:12","slug":"historia-detras-de-alfonsina-y-el-mar-de-mercedes-sosa","status":"publish","type":"post","link":"http:\/\/www.eloriente.net\/home\/2013\/01\/23\/historia-detras-de-alfonsina-y-el-mar-de-mercedes-sosa\/","title":{"rendered":"Historia detr\u00e1s de \u00abAlfonsina y el mar\u00bb de Mercedes Sosa"},"content":{"rendered":"<p><center><script async src=\"https:\/\/pagead2.googlesyndication.com\/pagead\/js\/adsbygoogle.js\"><\/script><br \/>\n<!-- BANNER ELORIENTE INCRUSTADO NOTAS --><br \/>\n<ins class=\"adsbygoogle\" style=\"display: inline-block; width: 300px; height: 250px;\" data-ad-client=\"ca-pub-1136171134853753\" data-ad-slot=\"7974633627\"><\/ins><br \/>\n<script>\n     (adsbygoogle = window.adsbygoogle || []).push({});\n<\/script><center>\u00a0<\/center><\/center>eloriente.net<\/p>\n<p>23 de enero de 2013<\/p>\n<p>eloriente.net (Oaxaca, Oax.) 23 de enero de 2013.- \u00abAlfonsina y el mar\u00bb es una de las canciones sublimes que interpret\u00f3 por mucho tiempo la cantante argentina Mercedes Sosa.<\/p>\n<p>La canci\u00f3n fue compuesta por Ariel Ramirez y F\u00e9lix Luna y describe el momento en que la poetisa argentina Alfonsina Storni, se adentra en Mar del Plata el el 23 de octubre de 1938 para quitarse la vida.<\/p>\n<p>De acuerdo a la biograf\u00eda de esta escritora publicada en el <a href=\"http:\/\/cvc.cervantes.es\" target=\"_blank\" rel=\"noopener\">Centro Virtual Cervantes<\/a>, tres a\u00f1os antes de su suicidio le diagnosticaron c\u00e1ncer de pecho y debi\u00f3 someterse a una operaci\u00f3n quir\u00fargica en la que perdi\u00f3 su seno derecho. \u00abEl hecho de tener que pasar por una mutilaci\u00f3n f\u00edsica para seguir viva, la marc\u00f3 profundamente.\u00bb<\/p>\n<p>A\u00f1os despu\u00e9s de la operaci\u00f3n su salud fue empeorando y en octubre de 1938, Storni se marcha a Mar del Plata. Una noche, despu\u00e9s de unas horas de intenso dolor, llama a la asistenta de la pensi\u00f3n donde se hospeda y le dicta una carta para su hijo Alejandro.<\/p>\n<p>De acuerdo a la informaci\u00f3n proporcionada por el <a href=\"http:\/\/cvc.cervantes.es\" target=\"_blank\" rel=\"noopener\">Centro Virtual Cervantes<\/a>, en la madrugada del 25 de octubre, la poetisa de 46 a\u00f1os de edad se arroja al mar bajo una llovia torrencial, dejando como testamento el poema, \u00abVoy a dormir\u00bb, y la carta de despedida a su hijo.<\/p>\n<p><script async src=\"https:\/\/pagead2.googlesyndication.com\/pagead\/js\/adsbygoogle.js\"><\/script><br \/>\n<ins class=\"adsbygoogle\" style=\"display: block; text-align: center;\" data-ad-layout=\"in-article\" data-ad-format=\"fluid\" data-ad-client=\"ca-pub-1136171134853753\" data-ad-slot=\"1904291222\"><\/ins><br \/>\n<script>\n     (adsbygoogle = window.adsbygoogle || []).push({});\n<\/script><\/p>\n<h3>Letra Alfonsina y El Mar<\/h3>\n<p>&lt;&lt;Por la blanda arena que lame el mar<br \/>\nsu peque\u00f1a huella no vuelve m\u00e1s<br \/>\nun sendero solo de pena y silencio lleg\u00f3<br \/>\nhasta el agua profunda,un sendero solo de penas mudas lleg\u00f3<br \/>\nhasta la espuma.<\/p>\n<p>Sabe dios qu\u00e9 angustia te acompa\u00f1\u00f3<br \/>\nqu\u00e9 dolores viejos call\u00f3 tu voz<br \/>\npara recostarte arrullada en el canto<br \/>\nde las caracolas marinas<br \/>\nla canci\u00f3n que canta<br \/>\nen el fondo oscuro del mar la caracola.<\/p>\n<p>Te vas alfonsina con tu soledad<br \/>\n\u00bfqu\u00e9 poemas nuevos fu\u00edste a buscar?<br \/>\nuna voz antig\u00fca de viento y de sal<br \/>\nte requiebra el alma y la est\u00e1 llevando<br \/>\ny te vas hacia all\u00e1<br \/>\ncomo en sue\u00f1os dormida,<br \/>\nalfonsina vestida de mar.<\/p>\n<p>Cinco sirenitas te llevar\u00e1n<br \/>\npor caminos de algas y de coral<br \/>\ny fosforescentes caballos marinos har\u00e1n<br \/>\nuna ronda a tu lado<br \/>\ny los habitantes del agua van a jugar<br \/>\npronto a tu lado.<\/p>\n<p>B\u00e1jame la l\u00e1mpara un poco m\u00e1s<br \/>\nd\u00e9jame que duerma nodriza, en paz<br \/>\ny si llama \u00e9l<br \/>\nno le digas nunca que estoy<br \/>\ndi que me he ido.<\/p>\n<p>Te vas alfonsina con tu soledad<br \/>\n\u00bfqu\u00e9 poemas nuevos fueste a buscar?<br \/>\nuna voz antig\u00fca de viento y de sal<br \/>\nte requiebra el alma y la est\u00e1 llevando<br \/>\ny te vas hacia all\u00e1<br \/>\ncomo en sue\u00f1os dormida,<br \/>\nalfonsina vestida de mar.&gt;&gt;<\/p>\n<p><iframe loading=\"lazy\" src=\"http:\/\/www.youtube.com\/embed\/xqeyyH-PoFs\" width=\"560\" height=\"315\" frameborder=\"0\"><\/iframe><\/p>\n<h3>M\u00e1s videos en el Canal de Youtube de El Oriente:<\/h3>\n<p><iframe loading=\"lazy\" title=\"YouTube video player\" src=\"https:\/\/www.youtube.com\/embed\/qs-R9e0Dvqo\" width=\"560\" height=\"315\" frameborder=\"0\" allowfullscreen=\"allowfullscreen\"><\/iframe><\/p>\n<p><script async src=\"https:\/\/pagead2.googlesyndication.com\/pagead\/js\/adsbygoogle.js\"><\/script><br \/>\n<ins class=\"adsbygoogle\" style=\"display: block;\" data-ad-format=\"autorelaxed\" data-ad-client=\"ca-pub-1136171134853753\" data-ad-slot=\"4595267748\"><\/ins><br \/>\n<script>\n     (adsbygoogle = window.adsbygoogle || []).push({});\n<\/script><\/p>\n\n\t\t\t  <div \n\t\t\t  \tclass = \"fb-comments\" \n\t\t\t  \tdata-href = \"http:\/\/www.eloriente.net\/home\/2013\/01\/23\/historia-detras-de-alfonsina-y-el-mar-de-mercedes-sosa\/\"\n\t\t\t  \tdata-numposts = \"10\"\n\t\t\t\tdata-colorscheme = \"dark\"\n\t\t\t\tdata-order-by = \"social\"\n\t\t\t\tdata-mobile=true>\n\t\t\t  <\/div>\n\t\t  <style>\n\t\t\t.fb_iframe_widget_fluid_desktop iframe {\n\t\t\t    width: 100% !important;\n\t\t\t}\n\t\t  <\/style>\n\t\t  ","protected":false},"excerpt":{"rendered":"<p>\u00a0eloriente.net 23 de enero de 2013 eloriente.net (Oaxaca, Oax.) 23 de enero de 2013.- \u00abAlfonsina y el mar\u00bb es una de las canciones sublimes que interpret\u00f3 por mucho tiempo la cantante argentina Mercedes Sosa. La canci\u00f3n fue compuesta por Ariel Ramirez y F\u00e9lix Luna y describe el momento en que la poetisa argentina Alfonsina Storni, [&hellip;]<\/p>\n","protected":false},"author":1,"featured_media":7594,"comment_status":"open","ping_status":"open","sticky":false,"template":"","format":"standard","meta":{"_jetpack_memberships_contains_paid_content":false,"footnotes":""},"categories":[5,32,13],"tags":[12478,12480,12479,12477],"class_list":["post-7581","post","type-post","status-publish","format-standard","has-post-thumbnail","hentry","category-canal-3-musica","category-entradas","category-especiales","tag-alfonsina-y-el-mar","tag-canciones-latinoamericanas","tag-historia-de-alfonsina-y-el-mar","tag-letra-alfonsina-y-el-mar"],"jetpack_featured_media_url":"http:\/\/www.eloriente.net\/home\/wp-content\/uploads\/2013\/01\/Imagen-2.png","jetpack_sharing_enabled":true,"_links":{"self":[{"href":"http:\/\/www.eloriente.net\/home\/wp-json\/wp\/v2\/posts\/7581"}],"collection":[{"href":"http:\/\/www.eloriente.net\/home\/wp-json\/wp\/v2\/posts"}],"about":[{"href":"http:\/\/www.eloriente.net\/home\/wp-json\/wp\/v2\/types\/post"}],"author":[{"embeddable":true,"href":"http:\/\/www.eloriente.net\/home\/wp-json\/wp\/v2\/users\/1"}],"replies":[{"embeddable":true,"href":"http:\/\/www.eloriente.net\/home\/wp-json\/wp\/v2\/comments?post=7581"}],"version-history":[{"count":5,"href":"http:\/\/www.eloriente.net\/home\/wp-json\/wp\/v2\/posts\/7581\/revisions"}],"predecessor-version":[{"id":65047,"href":"http:\/\/www.eloriente.net\/home\/wp-json\/wp\/v2\/posts\/7581\/revisions\/65047"}],"wp:featuredmedia":[{"embeddable":true,"href":"http:\/\/www.eloriente.net\/home\/wp-json\/wp\/v2\/media\/7594"}],"wp:attachment":[{"href":"http:\/\/www.eloriente.net\/home\/wp-json\/wp\/v2\/media?parent=7581"}],"wp:term":[{"taxonomy":"category","embeddable":true,"href":"http:\/\/www.eloriente.net\/home\/wp-json\/wp\/v2\/categories?post=7581"},{"taxonomy":"post_tag","embeddable":true,"href":"http:\/\/www.eloriente.net\/home\/wp-json\/wp\/v2\/tags?post=7581"}],"curies":[{"name":"wp","href":"https:\/\/api.w.org\/{rel}","templated":true}]}}