{"id":7836,"date":"2013-01-30T09:57:37","date_gmt":"2013-01-30T15:57:37","guid":{"rendered":"http:\/\/www.eloriente.net\/home\/?p=7836"},"modified":"2013-01-30T10:09:01","modified_gmt":"2013-01-30T16:09:01","slug":"ambulante-presentara-mas-de-100-filmes-en-su-edicion-2013","status":"publish","type":"post","link":"http:\/\/www.eloriente.net\/home\/2013\/01\/30\/ambulante-presentara-mas-de-100-filmes-en-su-edicion-2013\/","title":{"rendered":"Ambulante presentar\u00e1 m\u00e1s de 100 filmes en su edici\u00f3n 2013"},"content":{"rendered":"<p>eloriente.net\/ <a href=\"http:\/\/www.conaculta.gob.mx\" target=\"_blank\">Conaculta<\/a><\/p>\n<p>30 de enero de 2013<\/p>\n<p>eloriente.net (Oaxaca, Oax.) 30 de enero de 2013.- El d\u00eda de ayer el director del Instituto Mexicano de Cinematograf\u00eda (Imcine), Jorge S\u00e1nchez, present\u00f3 en conferencia de prensa <strong>Ambulante Gira de Documentales 2013,<\/strong> la cual inicia el pr\u00f3ximo 7 de febrero con un programa de 106 filmes de 27 pa\u00edses.<\/p>\n<p>La Directora del Festival, Elena Fortes, anunci\u00f3 que ser\u00e1n exhibidos\u00a0 a lo largo de tres meses documentales de todas las tem\u00e1ticas en m\u00e1s de 140 sedes en diferentes estados del pa\u00eds, iniciando con la proyecci\u00f3n al aire libre en la Plaza San Jer\u00f3nimo del esperado filme nominado al Oscar, <em>Buscando a SugarMan<\/em>, de Malik Bendjelloul.<\/p>\n<p>Seg\u00fan la informaci\u00f3n difundida por el Consejo Nacional para la Cultura y las Artes sobre esta presentaci\u00f3n, el director del Imcine expres\u00f3\u00a0 que \u00aben pa\u00edses donde es vital restablecer el tejido social, es necesario que los ciudadanos tomen el cine en sus manos y por ello, la gira Ambulante \u00a0cumple con un deber c\u00edvico moral y \u00e9tico, al no esperar que la gente vaya al cine, sino llevando el cine a los ciudadanos de todos los rincones del pa\u00eds\u00bb.<\/p>\n<p>Entre los 11 estados y 29 municipios a los que llegar\u00e1 la gira, se encuentran Guerrero, Acapulco, Chilpancingo, Puebla, Cholula, Veracruz, Xalapa, Baja California, Tijuana, Ensenada, Nuevo Le\u00f3n, San Pedro Garza Garc\u00eda, Coahuila, Monclova, Torre\u00f3n, Jalisco, Guadalajara, Zapopan, Michoac\u00e1n, Morelia, Chiapas, San Crist\u00f3bal de las Casas, Oaxaca, Guelatao de Ju\u00e1rez, adem\u00e1s de San Diego, en Estados Unidos.<\/p>\n<p>Algunos de los t\u00edtulos que contempla el programa de este a\u00f1o son <em>La casa donde vivo<\/em>, de Eugene Jarecki, documental que aborda el tema de la lucha contra el narcotr\u00e1fico en los Estados Unidos; <em>C\u00f3mo sobrevivir a una plaga, <\/em>sobre los enfermos de Sida y su tratamiento; <em>La reina de Versalles<\/em>, que narra la historia de una pareja de magnates que construye la casa m\u00e1s grande del mundo y luego pierde su fortuna; as\u00ed como <em>Elevador<\/em>, del mexicano Adri\u00e1n Ortiz, en torno a quienes trabajan como elevadoristas en el Multifamiliar Ju\u00e1rez.<\/p>\n<p>Ambulante es una organizaci\u00f3n sin fines de lucro fundada en M\u00e9xico en 2005 por Gael Garc\u00eda Bernal, Diego Luna y Pablo Cruz, dedicada a apoyar y difundir el cine documental como una herramienta de transformaci\u00f3n cultural y social.<\/p>\n<p>Para mayores informes sobre la programaci\u00f3n pueden consultar la p\u00e1gina <a href=\"http:\/\/www.ambulante.com.mx\">www.ambulante.com.mx<\/a><\/p>\n<p><iframe loading=\"lazy\" src=\"http:\/\/www.youtube.com\/embed\/DZsSxBhocrs\" frameborder=\"0\" width=\"640\" height=\"360\"><\/iframe><\/p>\n\n\t\t\t  <div \n\t\t\t  \tclass = \"fb-comments\" \n\t\t\t  \tdata-href = \"http:\/\/www.eloriente.net\/home\/2013\/01\/30\/ambulante-presentara-mas-de-100-filmes-en-su-edicion-2013\/\"\n\t\t\t  \tdata-numposts = \"10\"\n\t\t\t\tdata-colorscheme = \"dark\"\n\t\t\t\tdata-order-by = \"social\"\n\t\t\t\tdata-mobile=true>\n\t\t\t  <\/div>\n\t\t  <style>\n\t\t\t.fb_iframe_widget_fluid_desktop iframe {\n\t\t\t    width: 100% !important;\n\t\t\t}\n\t\t  <\/style>\n\t\t  ","protected":false},"excerpt":{"rendered":"<p>eloriente.net\/ Conaculta 30 de enero de 2013 eloriente.net (Oaxaca, Oax.) 30 de enero de 2013.- El d\u00eda de ayer el director del Instituto Mexicano de Cinematograf\u00eda (Imcine), Jorge S\u00e1nchez, present\u00f3 en conferencia de prensa Ambulante Gira de Documentales 2013, la cual inicia el pr\u00f3ximo 7 de febrero con un programa de 106 filmes de 27 [&hellip;]<\/p>\n","protected":false},"author":1,"featured_media":7842,"comment_status":"closed","ping_status":"open","sticky":false,"template":"","format":"standard","meta":{"_jetpack_memberships_contains_paid_content":false,"footnotes":""},"categories":[56,18,32,10],"tags":[],"class_list":["post-7836","post","type-post","status-publish","format-standard","has-post-thumbnail","hentry","category-cine","category-educacion-y-cultura","category-entradas","category-lo-mas-reciente"],"jetpack_featured_media_url":"http:\/\/www.eloriente.net\/home\/wp-content\/uploads\/2013\/01\/ambulante.jpg","jetpack_sharing_enabled":true,"_links":{"self":[{"href":"http:\/\/www.eloriente.net\/home\/wp-json\/wp\/v2\/posts\/7836"}],"collection":[{"href":"http:\/\/www.eloriente.net\/home\/wp-json\/wp\/v2\/posts"}],"about":[{"href":"http:\/\/www.eloriente.net\/home\/wp-json\/wp\/v2\/types\/post"}],"author":[{"embeddable":true,"href":"http:\/\/www.eloriente.net\/home\/wp-json\/wp\/v2\/users\/1"}],"replies":[{"embeddable":true,"href":"http:\/\/www.eloriente.net\/home\/wp-json\/wp\/v2\/comments?post=7836"}],"version-history":[{"count":2,"href":"http:\/\/www.eloriente.net\/home\/wp-json\/wp\/v2\/posts\/7836\/revisions"}],"predecessor-version":[{"id":7843,"href":"http:\/\/www.eloriente.net\/home\/wp-json\/wp\/v2\/posts\/7836\/revisions\/7843"}],"wp:featuredmedia":[{"embeddable":true,"href":"http:\/\/www.eloriente.net\/home\/wp-json\/wp\/v2\/media\/7842"}],"wp:attachment":[{"href":"http:\/\/www.eloriente.net\/home\/wp-json\/wp\/v2\/media?parent=7836"}],"wp:term":[{"taxonomy":"category","embeddable":true,"href":"http:\/\/www.eloriente.net\/home\/wp-json\/wp\/v2\/categories?post=7836"},{"taxonomy":"post_tag","embeddable":true,"href":"http:\/\/www.eloriente.net\/home\/wp-json\/wp\/v2\/tags?post=7836"}],"curies":[{"name":"wp","href":"https:\/\/api.w.org\/{rel}","templated":true}]}}