{"id":8033,"date":"2013-02-05T09:44:31","date_gmt":"2013-02-05T15:44:31","guid":{"rendered":"http:\/\/www.eloriente.net\/home\/?p=8033"},"modified":"2013-02-05T09:44:31","modified_gmt":"2013-02-05T15:44:31","slug":"gonzalo-alonso-calzada-sera-ordenado-obispo-auxiliar-de-antequera-oaxaca","status":"publish","type":"post","link":"http:\/\/www.eloriente.net\/home\/2013\/02\/05\/gonzalo-alonso-calzada-sera-ordenado-obispo-auxiliar-de-antequera-oaxaca\/","title":{"rendered":"Gonzalo Alonso Calzada, ser\u00e1 ordenado Obispo Auxiliar de Antequera-Oaxaca"},"content":{"rendered":"<p>eloriente.net\/ <a href=\"http:\/\/www.arquioax.org\" target=\"_blank\">Arquidi\u00f3cesis de Antequera-Oaxaca<\/a>\/ <a href=\"http:\/\/www.diocesisdecelaya.org.mx\" target=\"_blank\">Di\u00f3cesis de Celaya<\/a><\/p>\n<p>5 de febrero de 2013<\/p>\n<p>eloriente.net (Oaxaca, Oax.) 5 de ferbrero de 2013.- Este martes se llevar\u00e1 a cabo la ordenaci\u00f3n episcopal e inicio de su ministerio del Obispo Auxiliar de Antequera-Oaxaca, Mons. Gonzalo Alonso Calzada Guerrero.<\/p>\n<p>La ceremonia se realizar\u00e1 a las 17:00 hrs. en el auditorio Guelaguetza de esta capital, en el marco de la\u00a0 festividad de San Felipe de Jes\u00fas, protom\u00e1rtir mexicano.<\/p>\n<p>\u00abUna bendici\u00f3n y manifestaci\u00f3n de que Dios camina con nosotros; una muestra de la solicitud del Santo Padre Benedicto para acudir en ayuda de los fieles cat\u00f3licos y comunidades de Oaxaca\u00bb, expres\u00f3 Jos\u00e9 Luis Ch\u00e1vez Botello, Arzobispo de Antequera Oaxaca en un comunicado publicado en la p\u00e1gina oficial de la Arquidi\u00f3cesis.<\/p>\n<p>El 20 de noviembre del a\u00f1o pasado en un bolet\u00edn emitido por la Santa Sede, se inform\u00f3 que\u00a0 Calzada Guerrero fue preconizado Obispo Auxiliar de la Arquidi\u00f3cesis de Oaxaca, quien hasta ese momento fung\u00eda como quinto rector del Seminario Diocesano de la Inmaculada Concepci\u00f3n de Celaya.<\/p>\n<p>El sacerdote diocesano, originario de San Luis de la Paz, Guanajuato, municipio del noreste del estado, ingres\u00f3 al Seminario Diocesano de Celaya en los a\u00f1os setentas y pertenece a las primeras generaciones de esta casa de estudios eclesi\u00e1sticos, fundada por Mons. Victorino Alvarez Tena, Primer Obispo de la Di\u00f3cesis de Celaya.<\/p>\n<p>En el a\u00f1o 2007 Mons. L\u00e1zaro P\u00e9rez Jim\u00e9nez, III Obispo de Celaya, nombr\u00f3 como 5o. Rector del Seminario Diocesano de la Inmaculada Concepci\u00f3n de Celaya.<\/p>\n<p style=\"text-align: center;\"><a href=\"http:\/\/www.eloriente.net\/home\/wp-content\/uploads\/2013\/02\/Captura-de-pantalla-2013-02-05-a-las-09.29.25.png\"><img loading=\"lazy\" decoding=\"async\" class=\"aligncenter  wp-image-8035\" title=\"Captura de pantalla 2013-02-05 a la(s) 09.29.25\" src=\"http:\/\/www.eloriente.net\/home\/wp-content\/uploads\/2013\/02\/Captura-de-pantalla-2013-02-05-a-las-09.29.25.png\" alt=\"\" width=\"563\" height=\"181\" srcset=\"http:\/\/www.eloriente.net\/home\/wp-content\/uploads\/2013\/02\/Captura-de-pantalla-2013-02-05-a-las-09.29.25.png 939w, http:\/\/www.eloriente.net\/home\/wp-content\/uploads\/2013\/02\/Captura-de-pantalla-2013-02-05-a-las-09.29.25-300x96.png 300w\" sizes=\"(max-width: 563px) 100vw, 563px\" \/><\/a><\/p>\n<p>&nbsp;<\/p>\n<p>&nbsp;<\/p>\n<p>&nbsp;<\/p>\n\n\t\t\t  <div \n\t\t\t  \tclass = \"fb-comments\" \n\t\t\t  \tdata-href = \"http:\/\/www.eloriente.net\/home\/2013\/02\/05\/gonzalo-alonso-calzada-sera-ordenado-obispo-auxiliar-de-antequera-oaxaca\/\"\n\t\t\t  \tdata-numposts = \"10\"\n\t\t\t\tdata-colorscheme = \"dark\"\n\t\t\t\tdata-order-by = \"social\"\n\t\t\t\tdata-mobile=true>\n\t\t\t  <\/div>\n\t\t  <style>\n\t\t\t.fb_iframe_widget_fluid_desktop iframe {\n\t\t\t    width: 100% !important;\n\t\t\t}\n\t\t  <\/style>\n\t\t  ","protected":false},"excerpt":{"rendered":"<p>eloriente.net\/ Arquidi\u00f3cesis de Antequera-Oaxaca\/ Di\u00f3cesis de Celaya 5 de febrero de 2013 eloriente.net (Oaxaca, Oax.) 5 de ferbrero de 2013.- Este martes se llevar\u00e1 a cabo la ordenaci\u00f3n episcopal e inicio de su ministerio del Obispo Auxiliar de Antequera-Oaxaca, Mons. Gonzalo Alonso Calzada Guerrero. La ceremonia se realizar\u00e1 a las 17:00 hrs. en el auditorio [&hellip;]<\/p>\n","protected":false},"author":1,"featured_media":8035,"comment_status":"closed","ping_status":"open","sticky":false,"template":"","format":"standard","meta":{"_jetpack_memberships_contains_paid_content":false,"footnotes":""},"categories":[29,32,10],"tags":[],"class_list":["post-8033","post","type-post","status-publish","format-standard","has-post-thumbnail","hentry","category-capital","category-entradas","category-lo-mas-reciente"],"jetpack_featured_media_url":"http:\/\/www.eloriente.net\/home\/wp-content\/uploads\/2013\/02\/Captura-de-pantalla-2013-02-05-a-las-09.29.25.png","jetpack_sharing_enabled":true,"_links":{"self":[{"href":"http:\/\/www.eloriente.net\/home\/wp-json\/wp\/v2\/posts\/8033"}],"collection":[{"href":"http:\/\/www.eloriente.net\/home\/wp-json\/wp\/v2\/posts"}],"about":[{"href":"http:\/\/www.eloriente.net\/home\/wp-json\/wp\/v2\/types\/post"}],"author":[{"embeddable":true,"href":"http:\/\/www.eloriente.net\/home\/wp-json\/wp\/v2\/users\/1"}],"replies":[{"embeddable":true,"href":"http:\/\/www.eloriente.net\/home\/wp-json\/wp\/v2\/comments?post=8033"}],"version-history":[{"count":1,"href":"http:\/\/www.eloriente.net\/home\/wp-json\/wp\/v2\/posts\/8033\/revisions"}],"predecessor-version":[{"id":8036,"href":"http:\/\/www.eloriente.net\/home\/wp-json\/wp\/v2\/posts\/8033\/revisions\/8036"}],"wp:featuredmedia":[{"embeddable":true,"href":"http:\/\/www.eloriente.net\/home\/wp-json\/wp\/v2\/media\/8035"}],"wp:attachment":[{"href":"http:\/\/www.eloriente.net\/home\/wp-json\/wp\/v2\/media?parent=8033"}],"wp:term":[{"taxonomy":"category","embeddable":true,"href":"http:\/\/www.eloriente.net\/home\/wp-json\/wp\/v2\/categories?post=8033"},{"taxonomy":"post_tag","embeddable":true,"href":"http:\/\/www.eloriente.net\/home\/wp-json\/wp\/v2\/tags?post=8033"}],"curies":[{"name":"wp","href":"https:\/\/api.w.org\/{rel}","templated":true}]}}