{"id":8037,"date":"2013-02-05T10:03:31","date_gmt":"2013-02-05T16:03:31","guid":{"rendered":"http:\/\/www.eloriente.net\/home\/?p=8037"},"modified":"2013-02-05T10:04:30","modified_gmt":"2013-02-05T16:04:30","slug":"acumulacion-de-gas-la-causa-de-explosion-en-pemex-pgr","status":"publish","type":"post","link":"http:\/\/www.eloriente.net\/home\/2013\/02\/05\/acumulacion-de-gas-la-causa-de-explosion-en-pemex-pgr\/","title":{"rendered":"Acumulaci\u00f3n de gas, la causa de explosi\u00f3n en pemex: PGR"},"content":{"rendered":"<p>eloriente.net\/ <a href=\"http:\/\/www.pgr.gob.mx\" target=\"_blank\">Procuradur\u00eda General de la Rep\u00fablica<\/a><\/p>\n<p>5 de febrero de 2013<\/p>\n<p>eloriente.net (Oaxaca, Oax.) 5 de febrero de 2013.- La explosi\u00f3n ocurrida el pasado jueves 31 de enero en las instalaciones de la Torre B-2 del Centro Administrativo de Pemex fue a causa del gas metano acumulado, asegur\u00f3 en conferencia de prensa el d\u00eda de ayer, Jes\u00fas Murillo Karam, Procurador General de la Rep\u00fablica.<\/p>\n<p>Murillo Karam expres\u00f3 que con base en los trabajos realizados con la participaci\u00f3n de los peritos de la Secretar\u00eda de la Defensa Nacional, de la Secretar\u00eda de Marina, los de la Procuradur\u00eda General de la Rep\u00fablica, expertos de la Polic\u00eda Nacional de Espa\u00f1a, entre otros, se determin\u00f3 que la explosi\u00f3n fue causada por una acumulaci\u00f3n de gas en los s\u00f3tanos del edificio B-2.<\/p>\n<p>Esta explosi\u00f3n propici\u00f3 en su momento \u00e1lgido, un efecto en la estructura de los pisos, de las lozas de los pisos del edificio, que gener\u00f3, primero su impulso hacia arriba y posteriormente la ca\u00edda y fue \u00e9sta la principal causa de muerte en el edificio, se\u00f1al\u00f3.<\/p>\n<p>Murillo Karam inform\u00f3 que esta tesis se deriva de diferentes consideraciones, entre las cuales se encuentran que los cuerpos de las v\u00edctimas no presentan desmembramiento, y \u00fanicamente los tres cuerpos que estuvieron en la zona de explosi\u00f3n de gas, sufrieron quemaduras. Adem\u00e1s ninguna de las v\u00edctimas presenta da\u00f1os en los o\u00eddos, lo que ser\u00eda caracter\u00edstico de la detonaci\u00f3n por artefacto explosivo.<\/p>\n<p>Asimismo se\u00f1al\u00f3 que los peritos determinaron que esta explosi\u00f3n es difusa, es decir, es lenta, horizontal y est\u00e1 perfectamente definida, caracter\u00edstica de las explosiones de gas.<\/p>\n<p>Por su parte, Emilio Lozoya, director de Petr\u00f3leos Mexicanos inform\u00f3 que ma\u00f1ana mi\u00e9rcoles se reanudar\u00e1n las actividades laborales en el Centro Administrativo Pemex (CAP) con excepci\u00f3n de los edificios B1 y B2 a solicitud de la Coordinaci\u00f3n General de Protecci\u00f3n Civil de la Secretar\u00eda de Gobernaci\u00f3n.<\/p>\n<p>Asegur\u00f3 que los peritos en estructuras determinaron que existen las condiciones de seguridad necesarias para el ingreso de los trabajadores y la ocupaci\u00f3n de los edificios<\/p>\n<p>@El_Oriente te acerca el video de la conferencia de prensa del Procurador General de la Rep\u00fablica.<\/p>\n<p><iframe loading=\"lazy\" src=\"http:\/\/www.youtube.com\/embed\/xFrIwK-nWZc?list=UUFxHplbcoJK9m70c4VyTIxg\" frameborder=\"0\" width=\"560\" height=\"315\"><\/iframe><\/p>\n<p>&nbsp;<\/p>\n\n\t\t\t  <div \n\t\t\t  \tclass = \"fb-comments\" \n\t\t\t  \tdata-href = \"http:\/\/www.eloriente.net\/home\/2013\/02\/05\/acumulacion-de-gas-la-causa-de-explosion-en-pemex-pgr\/\"\n\t\t\t  \tdata-numposts = \"10\"\n\t\t\t\tdata-colorscheme = \"dark\"\n\t\t\t\tdata-order-by = \"social\"\n\t\t\t\tdata-mobile=true>\n\t\t\t  <\/div>\n\t\t  <style>\n\t\t\t.fb_iframe_widget_fluid_desktop iframe {\n\t\t\t    width: 100% !important;\n\t\t\t}\n\t\t  <\/style>\n\t\t  ","protected":false},"excerpt":{"rendered":"<p>eloriente.net\/ Procuradur\u00eda General de la Rep\u00fablica 5 de febrero de 2013 eloriente.net (Oaxaca, Oax.) 5 de febrero de 2013.- La explosi\u00f3n ocurrida el pasado jueves 31 de enero en las instalaciones de la Torre B-2 del Centro Administrativo de Pemex fue a causa del gas metano acumulado, asegur\u00f3 en conferencia de prensa el d\u00eda de [&hellip;]<\/p>\n","protected":false},"author":1,"featured_media":8038,"comment_status":"closed","ping_status":"open","sticky":false,"template":"","format":"standard","meta":{"_jetpack_memberships_contains_paid_content":false,"footnotes":""},"categories":[32,10,24,31],"tags":[],"class_list":["post-8037","post","type-post","status-publish","format-standard","has-post-thumbnail","hentry","category-entradas","category-lo-mas-reciente","category-mexico-y-el-mundo","category-principal"],"jetpack_featured_media_url":"http:\/\/www.eloriente.net\/home\/wp-content\/uploads\/2013\/02\/pgr-pemex.jpg","jetpack_sharing_enabled":true,"_links":{"self":[{"href":"http:\/\/www.eloriente.net\/home\/wp-json\/wp\/v2\/posts\/8037"}],"collection":[{"href":"http:\/\/www.eloriente.net\/home\/wp-json\/wp\/v2\/posts"}],"about":[{"href":"http:\/\/www.eloriente.net\/home\/wp-json\/wp\/v2\/types\/post"}],"author":[{"embeddable":true,"href":"http:\/\/www.eloriente.net\/home\/wp-json\/wp\/v2\/users\/1"}],"replies":[{"embeddable":true,"href":"http:\/\/www.eloriente.net\/home\/wp-json\/wp\/v2\/comments?post=8037"}],"version-history":[{"count":2,"href":"http:\/\/www.eloriente.net\/home\/wp-json\/wp\/v2\/posts\/8037\/revisions"}],"predecessor-version":[{"id":8040,"href":"http:\/\/www.eloriente.net\/home\/wp-json\/wp\/v2\/posts\/8037\/revisions\/8040"}],"wp:featuredmedia":[{"embeddable":true,"href":"http:\/\/www.eloriente.net\/home\/wp-json\/wp\/v2\/media\/8038"}],"wp:attachment":[{"href":"http:\/\/www.eloriente.net\/home\/wp-json\/wp\/v2\/media?parent=8037"}],"wp:term":[{"taxonomy":"category","embeddable":true,"href":"http:\/\/www.eloriente.net\/home\/wp-json\/wp\/v2\/categories?post=8037"},{"taxonomy":"post_tag","embeddable":true,"href":"http:\/\/www.eloriente.net\/home\/wp-json\/wp\/v2\/tags?post=8037"}],"curies":[{"name":"wp","href":"https:\/\/api.w.org\/{rel}","templated":true}]}}