{"id":8230,"date":"2013-02-10T13:31:03","date_gmt":"2013-02-10T19:31:03","guid":{"rendered":"http:\/\/www.eloriente.net\/home\/?p=8230"},"modified":"2013-02-10T13:31:03","modified_gmt":"2013-02-10T19:31:03","slug":"convoca-seccion-xxii-a-la-appo-para-que-se-integre-a-movimiento","status":"publish","type":"post","link":"http:\/\/www.eloriente.net\/home\/2013\/02\/10\/convoca-seccion-xxii-a-la-appo-para-que-se-integre-a-movimiento\/","title":{"rendered":"Convoca Secci\u00f3n XXII a la APPO para que se integre a Movimiento"},"content":{"rendered":"<p>eloriente.net<\/p>\n<p>10 de febrero de 2013<\/p>\n<p>eloriente.net (Oaxaca, Oax.) a 10 de febrero de 2013.- La Asamblea Estatal Permanente de la Secci\u00f3n XXII magisterial de Oaxaca sesion\u00f3 ayer, acordando una serie de tareas, pronunciamientos y un plan de acci\u00f3n para los pr\u00f3ximos meses, entre lo que destaca la tarea n\u00famero 20: \u00abque se convoquen a los concejales de la APPO para que se integren a las actividades del MDTEO\u00bb (Movimiento Democr\u00e1tico de los Trabajadores de la Educaci\u00f3n de Oaxaca).<\/p>\n<p>El Acta de la Asamblea se\u00f1ala 20 acuerdos, 20 tareas, 9 pronunciamientos y el Plan de Acci\u00f3n. \u00c9ste \u00faltimo contempla para el lunes 11 de febrero de 2013, el inicio de un brigadeo estatal en sus 37 sectores y la Plenaria Pedag\u00f3gica del CES en el Hotel Misi\u00f3n San Felipe, entre otras actividades. Para el martes, se prev\u00e9 la realizaci\u00f3n de una mesa de trabajo con el Gobierno del Estado de Oaxaca; de all\u00ed en m\u00e1s un Taller Intensivo de Autoformaci\u00f3n sobre el Plan para la Transformaci\u00f3n de la Educaci\u00f3n de Oaxaca (PTEO).<\/p>\n<p>Para el viernes 15 de febrero se realizar\u00e1 a las 9 de la ma\u00f1ana el Foro Estatal de Denuncia contra la Represi\u00f3n del MDTEO en el Z\u00f3calo de la Ciudad de Oaxaca; ello se acompa\u00f1a de un paro de labores de 24 horas en todas las regiones del estado, incluyendo bloqueos carreteros y de empresas transnacionales (sic).<\/p>\n<p>La Secci\u00f3n XXII no ha dejado de lado sus demandas hist\u00f3ricas. Entre ellas, la exigencia de castigo para \u00abUlises Ernesto Ruiz Ortiz y dem\u00e1s responsables de las agresiones al pueblo de Oaxaca, ratificando su exigencia de justicia por los asesinatos y desapariciones de compa\u00f1eros del MDTEO y luchadores sociales\u00bb, as\u00ed como la presentaci\u00f3n con vida de sus &#8216;compa\u00f1eros&#8217;: \u00abCarlos Ren\u00e9 Rom\u00e1n Salazar,\u00a0Guadalupe P\u00e9rez S\u00e1nchez, Yaquel\u00edn Jim\u00e9nez y dem\u00e1s desaparecidos en a\u00f1os anteriores\u00bb.<\/p>\n<p>Por otro lado, se pronunci\u00f3 por la defensa del Patrimonio del Instituto Tecnol\u00f3gico de Oaxaca (ITO), en lo que denominaron un \u00abintento de despojo\u00bb de un parte de su predio.<\/p>\n<p>&nbsp;<\/p>\n<p><strong>Otras entradas relacionadas:<\/strong><\/p>\n<div id=\"post-8143\">\n<p><a title=\"Permalink to Breve historia del Plan para la Transformaci\u00f3n de la Educaci\u00f3n en Oaxaca\" href=\"http:\/\/www.eloriente.net\/home\/2013\/02\/07\/breve-historia-del-plan-para-la-transformacion-de-la-educacion-en-oaxaca\/\" rel=\"bookmark\">Breve historia del Plan para la Transformaci\u00f3n de la Educaci\u00f3n en Oaxaca<\/a><\/p>\n<p><a href=\"http:\/\/www.eloriente.net\/home\/2013\/02\/07\/breve-historia-del-plan-para-la-transformacion-de-la-educacion-en-oaxaca\/\" rel=\"bookmark\"><img decoding=\"async\" title=\"Breve historia del Plan para la Transformaci\u00f3n de la Educaci\u00f3n en Oaxaca\" src=\"http:\/\/www.eloriente.net\/home\/wp-content\/themes\/city-desk\/timthumb.php?src=http%3A%2F%2Fwww.eloriente.net%2Fhome%2Fwp-content%2Fuploads%2F2013%2F01%2Fregreso-a-clases2.jpg&amp;q=90&amp;w=160&amp;h=106&amp;zc=1\" alt=\"Breve historia del Plan para la Transformaci\u00f3n de la Educaci\u00f3n en Oaxaca\" \/><\/a>Por: Samael Hern\u00e1ndez Ruiz El d\u00eda martes 7 de febrero de 2012, la dirigencia de la Secci\u00f3n 22, en el marco de la Comisi\u00f3n Mixta IEEPO-Secci\u00f3n 22, present\u00f3 el documento: Plan para la Transformaci\u00f3n de la Educaci\u00f3n en Oaxaca (PTEO). Entonces, las declaraciones del gobernador del estado, Gabino Cu\u00e9 Monteagudo,\u00a0 fueron escuetas y cautelosas; pero [&#8230;]<\/p>\n<p>February 7, 2013<\/p>\n<\/div>\n<div id=\"post-7968\">\n<p><a title=\"Permalink to Oaxaca: \u00bfS\u00f3lo queda desaparici\u00f3n de Poder Legislativo?\" href=\"http:\/\/www.eloriente.net\/home\/2013\/02\/02\/oaxaca-solo-queda-desaparicion-de-poder-legislativo\/\" rel=\"bookmark\">Oaxaca: \u00bfS\u00f3lo queda desaparici\u00f3n de Poder Legislativo?<\/a><\/p>\n<p><a href=\"http:\/\/www.eloriente.net\/home\/2013\/02\/02\/oaxaca-solo-queda-desaparicion-de-poder-legislativo\/\" rel=\"bookmark\"><img decoding=\"async\" title=\"Oaxaca: \u00bfS\u00f3lo queda desaparici\u00f3n de Poder Legislativo?\" src=\"http:\/\/www.eloriente.net\/home\/wp-content\/themes\/city-desk\/timthumb.php?src=http%3A%2F%2Fwww.eloriente.net%2Fhome%2Fwp-content%2Fuploads%2F2013%2F02%2Fplanto%CC%81n-maestros.jpg&amp;q=90&amp;w=160&amp;h=106&amp;zc=1\" alt=\"Oaxaca: \u00bfS\u00f3lo queda desaparici\u00f3n de Poder Legislativo?\" \/><\/a>Por: Adri\u00e1n Ortiz Romero + Ahora, el magisterio no debe imponer su sola voluntad En las condiciones actuales, lo \u00fanico que debiera restar es la desaparici\u00f3n del Legislativo como poder del Estado en Oaxaca. La sumisi\u00f3n que han demostrado sus integrantes, el trato indigno que han permitido por parte de un poder f\u00e1ctico, y la [&#8230;]<\/p>\n<p>February 2, 2013<\/p>\n<\/div>\n<div id=\"post-7785\">\n<p><a title=\"Permalink to Texto \u00edntegro del PTEO de la Secci\u00f3n 22 del SNTE\" href=\"http:\/\/www.eloriente.net\/home\/2013\/01\/29\/texto-integro-del-pteo-de-la-seccion-22-del-snte\/\" rel=\"bookmark\">Texto \u00edntegro del PTEO de la Secci\u00f3n 22 del SNTE<\/a><\/p>\n<p><a href=\"http:\/\/www.eloriente.net\/home\/2013\/01\/29\/texto-integro-del-pteo-de-la-seccion-22-del-snte\/\" rel=\"bookmark\"><img decoding=\"async\" title=\"Texto \u00edntegro del PTEO de la Secci\u00f3n 22 del SNTE\" src=\"http:\/\/www.eloriente.net\/home\/wp-content\/themes\/city-desk\/timthumb.php?src=http%3A%2F%2Fwww.eloriente.net%2Fhome%2Fwp-content%2Fuploads%2F2013%2F01%2FPTEO-secc22.jpg&amp;q=90&amp;w=160&amp;h=106&amp;zc=1\" alt=\"Texto \u00edntegro del PTEO de la Secci\u00f3n 22 del SNTE\" \/><\/a>eloriente.net 29 de enero de 2013 eloriente.net (Oaxaca, Oax.) 29 de enero de 2013.- A \u00faltimas fechas, la Secci\u00f3n 22 del Sindicato Nacional de Trabajadores de la Educaci\u00f3n (SNTE) ha insistido en que el Congreso de Oaxaca reconozca y legisle sobre el Plan para la Transformaci\u00f3n de la Educaci\u00f3n de Oaxaca (PTEO), como una alternativa [&#8230;]<\/p>\n<div><\/div>\n<\/div>\n<p>&nbsp;<\/p>\n<p>&nbsp;<\/p>\n\n\t\t\t  <div \n\t\t\t  \tclass = \"fb-comments\" \n\t\t\t  \tdata-href = \"http:\/\/www.eloriente.net\/home\/2013\/02\/10\/convoca-seccion-xxii-a-la-appo-para-que-se-integre-a-movimiento\/\"\n\t\t\t  \tdata-numposts = \"10\"\n\t\t\t\tdata-colorscheme = \"dark\"\n\t\t\t\tdata-order-by = \"social\"\n\t\t\t\tdata-mobile=true>\n\t\t\t  <\/div>\n\t\t  <style>\n\t\t\t.fb_iframe_widget_fluid_desktop iframe {\n\t\t\t    width: 100% !important;\n\t\t\t}\n\t\t  <\/style>\n\t\t  ","protected":false},"excerpt":{"rendered":"<p>eloriente.net 10 de febrero de 2013 eloriente.net (Oaxaca, Oax.) a 10 de febrero de 2013.- La Asamblea Estatal Permanente de la Secci\u00f3n XXII magisterial de Oaxaca sesion\u00f3 ayer, acordando una serie de tareas, pronunciamientos y un plan de acci\u00f3n para los pr\u00f3ximos meses, entre lo que destaca la tarea n\u00famero 20: \u00abque se convoquen a [&hellip;]<\/p>\n","protected":false},"author":1,"featured_media":4649,"comment_status":"closed","ping_status":"open","sticky":false,"template":"","format":"standard","meta":{"_jetpack_memberships_contains_paid_content":false,"footnotes":""},"categories":[29,49,18,32,10,31],"tags":[],"class_list":["post-8230","post","type-post","status-publish","format-standard","has-post-thumbnail","hentry","category-capital","category-destacadas","category-educacion-y-cultura","category-entradas","category-lo-mas-reciente","category-principal"],"jetpack_featured_media_url":"http:\/\/www.eloriente.net\/home\/wp-content\/uploads\/2012\/11\/Algunos-derechos-reservados-por-Paco-Vila-Libros.jpg","jetpack_sharing_enabled":true,"_links":{"self":[{"href":"http:\/\/www.eloriente.net\/home\/wp-json\/wp\/v2\/posts\/8230"}],"collection":[{"href":"http:\/\/www.eloriente.net\/home\/wp-json\/wp\/v2\/posts"}],"about":[{"href":"http:\/\/www.eloriente.net\/home\/wp-json\/wp\/v2\/types\/post"}],"author":[{"embeddable":true,"href":"http:\/\/www.eloriente.net\/home\/wp-json\/wp\/v2\/users\/1"}],"replies":[{"embeddable":true,"href":"http:\/\/www.eloriente.net\/home\/wp-json\/wp\/v2\/comments?post=8230"}],"version-history":[{"count":1,"href":"http:\/\/www.eloriente.net\/home\/wp-json\/wp\/v2\/posts\/8230\/revisions"}],"predecessor-version":[{"id":8231,"href":"http:\/\/www.eloriente.net\/home\/wp-json\/wp\/v2\/posts\/8230\/revisions\/8231"}],"wp:featuredmedia":[{"embeddable":true,"href":"http:\/\/www.eloriente.net\/home\/wp-json\/wp\/v2\/media\/4649"}],"wp:attachment":[{"href":"http:\/\/www.eloriente.net\/home\/wp-json\/wp\/v2\/media?parent=8230"}],"wp:term":[{"taxonomy":"category","embeddable":true,"href":"http:\/\/www.eloriente.net\/home\/wp-json\/wp\/v2\/categories?post=8230"},{"taxonomy":"post_tag","embeddable":true,"href":"http:\/\/www.eloriente.net\/home\/wp-json\/wp\/v2\/tags?post=8230"}],"curies":[{"name":"wp","href":"https:\/\/api.w.org\/{rel}","templated":true}]}}