{"id":8243,"date":"2013-02-11T09:47:41","date_gmt":"2013-02-11T15:47:41","guid":{"rendered":"http:\/\/www.eloriente.net\/home\/?p=8243"},"modified":"2013-02-11T12:09:08","modified_gmt":"2013-02-11T18:09:08","slug":"benedicto-xvi-renuncia-al-ministerio-de-obispo-de-roma","status":"publish","type":"post","link":"http:\/\/www.eloriente.net\/home\/2013\/02\/11\/benedicto-xvi-renuncia-al-ministerio-de-obispo-de-roma\/","title":{"rendered":"Benedicto XVI renuncia al ministerio de Obispo de Roma"},"content":{"rendered":"<p>eloriente.net\/<a href=\"http:\/\/www.vatican.va\" target=\"_blank\"> Santa Sede<\/a><\/p>\n<p>11 de febrero de 2013<\/p>\n<p>eloriente.net (Oaxaca, Oax.) 11 de febrero de 2013.- Durante un Consistorio Ordinario que celebr\u00f3 ante cardenales de la Curia Romana, el Papa Benedicto XVI anunci\u00f3 de manera sorpresiva que presentar\u00e1 su renuncia al pontificado a partir del pr\u00f3ximo 28 de febrero, argumentando que por su edad avanzada ya no tiene la fuerza necesaria para ejercer el ministerio de Obispo de Roma.<\/p>\n<p>Benedicto XVI anunci\u00f3 que desde las 20:00 horas del 28 de febrero de este a\u00f1o, la sede de San Pedro quedar\u00e1 vacante y deber\u00e1 ser convocado, por medio de quien tiene competencias, el c\u00f3nclave para la elecci\u00f3n del nuevo Sumo Pont\u00edfice.<\/p>\n<p>El cardenal Joseph Ratzinger, Papa Benedicto XVI, naci\u00f3 en Marktl am Inn, di\u00f3cesis de Passau (Alemania), el 16 de abril de 1927. Recibi\u00f3 la ordenaci\u00f3n sacerdotal el 29 de junio de 1951 y es el Papa n\u00famero 265 de la historia, comenzando su pontificado\u00a0el 19 de\u00a0abril de 2005 tras el fallecimiento de Juan Pablo II.<\/p>\n<p>El director de la Oficina de Prensa de la Santa Sede, el P. Federico Lombardi, ha informado que tras su dimisi\u00f3n Benedicto XVI se trasladar\u00e1 al monasterio de las religiosas de clausura en la colina del Vaticano, apenas terminar\u00e1n los trabajos de reestructuraci\u00f3n.<\/p>\n<p>@El_Oriente te comparte la declaratoria \u00edntegra del Santo Padre, publicada en el portal del Vaticano:<\/p>\n<p align=\"JUSTIFY\">\u00abQuerid\u00edsimos hermanos,<\/p>\n<p align=\"JUSTIFY\">Os he convocado a este Consistorio, no s\u00f3lo para las tres causas de canonizaci\u00f3n, sino tambi\u00e9n para comunicaros una decisi\u00f3n de gran importancia para la vida de la Iglesia. Despu\u00e9s de haber examinado ante Dios reiteradamente mi conciencia, he llegado a la certeza de que, por la edad avanzada, ya no tengo fuerzas para ejercer adecuadamente el ministerio petrino. Soy muy consciente de que este ministerio, por su naturaleza espiritual, debe ser llevado a cabo no \u00fanicamente con obras y palabras, sino tambi\u00e9n y en no menor grado sufriendo y rezando. Sin embargo, en el mundo de hoy, sujeto a r\u00e1pidas transformaciones y sacudido por cuestiones de gran relieve para la vida de la fe, para gobernar la barca de san Pedro y anunciar el Evangelio, es necesario tambi\u00e9n el vigor tanto del cuerpo como del esp\u00edritu, vigor que, en los \u00faltimos meses, ha disminuido en m\u00ed de tal forma que he de reconocer mi incapacidad para ejercer bien el ministerio que me fue encomendado. Por esto, siendo muy consciente de la seriedad de este acto, con plena libertad, declaro que renuncio al ministerio de Obispo de Roma, Sucesor de San Pedro, que me fue confiado por medio de los Cardenales el 19 de abril de 2005, de forma que, desde el 28 de febrero de 2013, a las 20.00 horas, la sede de Roma, la sede de San Pedro, quedar\u00e1 vacante y deber\u00e1 ser convocado, por medio de quien tiene competencias, el c\u00f3nclave para la elecci\u00f3n del nuevo Sumo Pont\u00edfice.<\/p>\n<p align=\"JUSTIFY\">Querid\u00edsimos hermanos, os doy las gracias de coraz\u00f3n por todo el amor y el trabajo con que hab\u00e9is llevado junto a m\u00ed el peso de mi ministerio, y pido perd\u00f3n por todos mis defectos. Ahora, confiamos la Iglesia al cuidado de su Sumo Pastor, Nuestro Se\u00f1or Jesucristo, y suplicamos a Mar\u00eda, su Santa Madre, que asista con su materna bondad a los Padres Cardenales al elegir el nuevo Sumo Pont\u00edfice. Por lo que a mi respecta, tambi\u00e9n en el futuro, quisiera servir de todo coraz\u00f3n a la Santa Iglesia de Dios con una vida dedicada a la plegaria.\u00bb<\/p>\n<p align=\"JUSTIFY\">@El_Oriente tambi\u00e9n te comparte un video de la conferencia ofrecida por el Portavoz del Vaticano, P. Federico Lombardi.<\/p>\n<p><object id=\"flashObj\" width=\"400\" height=\"300\" classid=\"clsid:d27cdb6e-ae6d-11cf-96b8-444553540000\" codebase=\"http:\/\/download.macromedia.com\/pub\/shockwave\/cabs\/flash\/swflash.cab#version=6,0,40,0\" bgcolor=\"#FFFFFF\"><param name=\"flashVars\" value=\"videoId=2157363665001&amp;playerID=541342459001&amp;playerKey=AQ~~,AAAADXbYjDE~,3aLFJqpM7IdIVRk2bJfDqHBHdWg7xmnI&amp;domain=embed&amp;dynamicStreaming=true\" \/><param name=\"base\" value=\"http:\/\/admin.brightcove.com\" \/><param name=\"seamlesstabbing\" value=\"false\" \/><param name=\"allowFullScreen\" value=\"true\" \/><param name=\"swLiveConnect\" value=\"true\" \/><param name=\"allowScriptAccess\" value=\"always\" \/><param name=\"src\" value=\"http:\/\/c.brightcove.com\/services\/viewer\/federated_f9?isVid=1&amp;isUI=1\" \/><param name=\"flashvars\" value=\"videoId=2157363665001&amp;playerID=541342459001&amp;playerKey=AQ~~,AAAADXbYjDE~,3aLFJqpM7IdIVRk2bJfDqHBHdWg7xmnI&amp;domain=embed&amp;dynamicStreaming=true\" \/><param name=\"allowfullscreen\" value=\"true\" \/><param name=\"allowscriptaccess\" value=\"always\" \/><param name=\"swliveconnect\" value=\"true\" \/><param name=\"pluginspage\" value=\"http:\/\/www.macromedia.com\/shockwave\/download\/index.cgi?P1_Prod_Version=ShockwaveFlash\" \/><\/object><\/p>\n\n\t\t\t  <div \n\t\t\t  \tclass = \"fb-comments\" \n\t\t\t  \tdata-href = \"http:\/\/www.eloriente.net\/home\/2013\/02\/11\/benedicto-xvi-renuncia-al-ministerio-de-obispo-de-roma\/\"\n\t\t\t  \tdata-numposts = \"10\"\n\t\t\t\tdata-colorscheme = \"dark\"\n\t\t\t\tdata-order-by = \"social\"\n\t\t\t\tdata-mobile=true>\n\t\t\t  <\/div>\n\t\t  <style>\n\t\t\t.fb_iframe_widget_fluid_desktop iframe {\n\t\t\t    width: 100% !important;\n\t\t\t}\n\t\t  <\/style>\n\t\t  ","protected":false},"excerpt":{"rendered":"<p>eloriente.net\/ Santa Sede 11 de febrero de 2013 eloriente.net (Oaxaca, Oax.) 11 de febrero de 2013.- Durante un Consistorio Ordinario que celebr\u00f3 ante cardenales de la Curia Romana, el Papa Benedicto XVI anunci\u00f3 de manera sorpresiva que presentar\u00e1 su renuncia al pontificado a partir del pr\u00f3ximo 28 de febrero, argumentando que por su edad avanzada [&hellip;]<\/p>\n","protected":false},"author":1,"featured_media":8250,"comment_status":"closed","ping_status":"open","sticky":false,"template":"","format":"standard","meta":{"_jetpack_memberships_contains_paid_content":false,"footnotes":""},"categories":[32,10,24,31],"tags":[],"class_list":["post-8243","post","type-post","status-publish","format-standard","has-post-thumbnail","hentry","category-entradas","category-lo-mas-reciente","category-mexico-y-el-mundo","category-principal"],"jetpack_featured_media_url":"http:\/\/www.eloriente.net\/home\/wp-content\/uploads\/2013\/02\/benedicto-xvi.jpg","jetpack_sharing_enabled":true,"_links":{"self":[{"href":"http:\/\/www.eloriente.net\/home\/wp-json\/wp\/v2\/posts\/8243"}],"collection":[{"href":"http:\/\/www.eloriente.net\/home\/wp-json\/wp\/v2\/posts"}],"about":[{"href":"http:\/\/www.eloriente.net\/home\/wp-json\/wp\/v2\/types\/post"}],"author":[{"embeddable":true,"href":"http:\/\/www.eloriente.net\/home\/wp-json\/wp\/v2\/users\/1"}],"replies":[{"embeddable":true,"href":"http:\/\/www.eloriente.net\/home\/wp-json\/wp\/v2\/comments?post=8243"}],"version-history":[{"count":6,"href":"http:\/\/www.eloriente.net\/home\/wp-json\/wp\/v2\/posts\/8243\/revisions"}],"predecessor-version":[{"id":8271,"href":"http:\/\/www.eloriente.net\/home\/wp-json\/wp\/v2\/posts\/8243\/revisions\/8271"}],"wp:featuredmedia":[{"embeddable":true,"href":"http:\/\/www.eloriente.net\/home\/wp-json\/wp\/v2\/media\/8250"}],"wp:attachment":[{"href":"http:\/\/www.eloriente.net\/home\/wp-json\/wp\/v2\/media?parent=8243"}],"wp:term":[{"taxonomy":"category","embeddable":true,"href":"http:\/\/www.eloriente.net\/home\/wp-json\/wp\/v2\/categories?post=8243"},{"taxonomy":"post_tag","embeddable":true,"href":"http:\/\/www.eloriente.net\/home\/wp-json\/wp\/v2\/tags?post=8243"}],"curies":[{"name":"wp","href":"https:\/\/api.w.org\/{rel}","templated":true}]}}