{"id":8255,"date":"2013-02-11T10:17:18","date_gmt":"2013-02-11T16:17:18","guid":{"rendered":"http:\/\/www.eloriente.net\/home\/?p=8255"},"modified":"2013-02-11T17:21:30","modified_gmt":"2013-02-11T23:21:30","slug":"crean-policia-comunitaria-contra-proyecto-eolico-en-alvaro-obregon","status":"publish","type":"post","link":"http:\/\/www.eloriente.net\/home\/2013\/02\/11\/crean-policia-comunitaria-contra-proyecto-eolico-en-alvaro-obregon\/","title":{"rendered":"Crean polic\u00eda comunitaria contra proyecto e\u00f3lico en \u00c1lvaro Obreg\u00f3n"},"content":{"rendered":"<p>eloriente.net<\/p>\n<p>11 de febrero de 2013<\/p>\n<p>eloriente.net (Oaxaca, Oax.) 11 de febrero de 2013.- Unos 300 campesinos y pescadores de la comunidad \u00c1lvaro Obreg\u00f3n en el municipio de Juchit\u00e1n de Zaragoza, acordaron crear una polic\u00eda comunitaria para impedir el ingreso de la empresa Mare\u00f1a Renovables que pretende construir un parque e\u00f3lico en la barra Santa Teresa de San Dionisio del Mar, inform\u00f3 esta ma\u00f1ana <a href=\"http:\/\/www.eluniversal.com.mx\" target=\"_blank\">El Universal<\/a>.<\/p>\n<p>De acuerdo a la informaci\u00f3n difundida en este medio, Alejandro L\u00f3pez, integrante de la Asamblea de \u00c1lvaro Obreg\u00f3n por la Defensa de la Tierra, asegur\u00f3 que la comunidad tambi\u00e9n acord\u00f3 no permitir el ingreso a esa localidad de partidos pol\u00edticos, ni de los l\u00edderes de la Coalici\u00f3n Obrera Campesina Estudiantil del Istmo.<\/p>\n<p>En el punto n\u00famero 8 del manifiesto de la Asamblea Comunitaria de Gui&#8217;xhi&#8217; con fecha del 10 de febrero de 2013 y publicado en el portal de <a href=\"http:\/\/tierrayterritorio.wordpress.com\/\" target=\"_blank\">La Asamblea de Pueblos Ind\u00edgenas del Istmo de Tehuantepec en defensa de la Tierra y el Territorio<\/a>, se declara lo siguiente: \u00abEn el pleno ejercicio de nuestro derecho a la Libre determinaci\u00f3n y Autonom\u00eda como Pueblo Ind\u00edgena Binniz\u00e1 del Istmo de Tehuantepec, y ante las violaciones a nuestros derechos territoriales por parte del gobierno del Estado y las empresas, hemos resuelto a partir de ma\u00f1ana iniciar con la organizaci\u00f3n de un primer destacamento de Binni Guia\u2019pa\u2019 Guidxi\u2019 (nuestra polic\u00eda comunitaria) en defensa de la tierra y el territorio, que estar\u00e1 integrado por gente de nuestras comunidades. Por tal raz\u00f3n no permitiremos m\u00e1s en nuestras comunidades la presencia de la polic\u00eda del estado, ministeriales, ni polic\u00eda Federal, ni Ej\u00e9rcito Federal pues atentan contra nuestro derecho a la Libre determinaci\u00f3n y Autonom\u00eda en tanto pueblos ind\u00edgenas.\u00bb<\/p>\n<p>Entre otras cosas, en el manifiesto tambi\u00e9n se expone su rechazo a la participaci\u00f3n y la presencia de los partidos pol\u00edticos y sus l\u00edderes y operadores como H\u00e9ctor S\u00e1nchez, Gloria S\u00e1nchez, Mariano Santana, Leopoldo De Gyves, Roberto L\u00f3pez Rosado, Alberto Reyna Figueroa, Emilio de Gyves, Francisco El\u00edas Cort\u00e9s, Paco Pisa, entre otros.<\/p>\n<p>La Asamblea de Pueblos Ind\u00edgenas del Istmo de Tehuantepec en defensa de la Tierra y el Territorio ha declarado en diversos comunicados que la situaci\u00f3n que se vive actualmente es cr\u00edtica, \u00abhay violencia declarada contra el movimiento Anti-E\u00f3lico y la Asamblea del pueblo de \u00c1lvaro Obreg\u00f3n\u00bb, se\u00f1ala.<\/p>\n<p>Tambi\u00e9n se ha hecho un llamado a participar en la Caravana Humanitaria que llevar\u00e1 v\u00edveres en apoyo al pueblo Zapoteca de \u00c1lvaro Obreg\u00f3n el pr\u00f3ximo 17 de febrero.<\/p>\n<p><a href=\"http:\/\/www.eloriente.net\/home\/wp-content\/uploads\/2013\/02\/asamblea-a\u0301lvaro-obrego\u0301n.jpg\"><img loading=\"lazy\" decoding=\"async\" class=\"aligncenter size-medium wp-image-8256\" title=\"DCIM100SPORT\" src=\"http:\/\/www.eloriente.net\/home\/wp-content\/uploads\/2013\/02\/asamblea-a\u0301lvaro-obrego\u0301n-300x168.jpg\" alt=\"\" width=\"300\" height=\"168\" srcset=\"http:\/\/www.eloriente.net\/home\/wp-content\/uploads\/2013\/02\/asamblea-a\u0301lvaro-obrego\u0301n-300x168.jpg 300w, http:\/\/www.eloriente.net\/home\/wp-content\/uploads\/2013\/02\/asamblea-a\u0301lvaro-obrego\u0301n.jpg 1000w\" sizes=\"(max-width: 300px) 100vw, 300px\" \/><\/a><\/p>\n<p>Foto: <a href=\"http:\/\/tierrayterritorio.wordpress.com\/\" target=\"_blank\">Asamblea de Pueblos Ind\u00edgenas del Istmo de Tehuantepec en defensa de la Tierra y el Territorio<\/a><\/p>\n<p>Notas relacionadas:<\/p>\n<p><a title=\"Permalink to Ha faltado informaci\u00f3n y claridad en proyecto e\u00f3lico: Mart\u00ednez \u00c1lvarez\" href=\"http:\/\/www.eloriente.net\/home\/2013\/02\/05\/ha-faltado-informacion-y-claridad-en-proyecto-eolico-martinez-alvarez\/\" rel=\"bookmark\">Ha faltado informaci\u00f3n y claridad en proyecto e\u00f3lico: Mart\u00ednez \u00c1lvarez<\/a><\/p>\n<div id=\"post-7995\">\n<p><a title=\"Permalink to Mare\u00f1a Renovables: si se va, todos perdemos\" href=\"http:\/\/www.eloriente.net\/home\/2013\/02\/04\/marena-renovables-si-se-va-todos-perdemos\/\" rel=\"bookmark\">Mare\u00f1a Renovables: si se va, todos perdemos<\/a><\/p>\n<p><a title=\"Permalink to Dos opositores al proyecto de Mare\u00f1a Renovables fueron liberados\" href=\"http:\/\/www.eloriente.net\/home\/2013\/02\/03\/dos-opositores-al-proyecto-de-marena-renovables-fueron-liberados\/\" rel=\"bookmark\">Dos opositores al proyecto de Mare\u00f1a Renovables fueron liberados<\/a><\/p>\n<\/div>\n\n\t\t\t  <div \n\t\t\t  \tclass = \"fb-comments\" \n\t\t\t  \tdata-href = \"http:\/\/www.eloriente.net\/home\/2013\/02\/11\/crean-policia-comunitaria-contra-proyecto-eolico-en-alvaro-obregon\/\"\n\t\t\t  \tdata-numposts = \"10\"\n\t\t\t\tdata-colorscheme = \"dark\"\n\t\t\t\tdata-order-by = \"social\"\n\t\t\t\tdata-mobile=true>\n\t\t\t  <\/div>\n\t\t  <style>\n\t\t\t.fb_iframe_widget_fluid_desktop iframe {\n\t\t\t    width: 100% !important;\n\t\t\t}\n\t\t  <\/style>\n\t\t  ","protected":false},"excerpt":{"rendered":"<p>eloriente.net 11 de febrero de 2013 eloriente.net (Oaxaca, Oax.) 11 de febrero de 2013.- Unos 300 campesinos y pescadores de la comunidad \u00c1lvaro Obreg\u00f3n en el municipio de Juchit\u00e1n de Zaragoza, acordaron crear una polic\u00eda comunitaria para impedir el ingreso de la empresa Mare\u00f1a Renovables que pretende construir un parque e\u00f3lico en la barra Santa [&hellip;]<\/p>\n","protected":false},"author":1,"featured_media":8256,"comment_status":"closed","ping_status":"open","sticky":false,"template":"","format":"standard","meta":{"_jetpack_memberships_contains_paid_content":false,"footnotes":""},"categories":[32,10,23],"tags":[],"class_list":["post-8255","post","type-post","status-publish","format-standard","has-post-thumbnail","hentry","category-entradas","category-lo-mas-reciente","category-municipios"],"jetpack_featured_media_url":"http:\/\/www.eloriente.net\/home\/wp-content\/uploads\/2013\/02\/asamblea-a\u0301lvaro-obrego\u0301n.jpg","jetpack_sharing_enabled":true,"_links":{"self":[{"href":"http:\/\/www.eloriente.net\/home\/wp-json\/wp\/v2\/posts\/8255"}],"collection":[{"href":"http:\/\/www.eloriente.net\/home\/wp-json\/wp\/v2\/posts"}],"about":[{"href":"http:\/\/www.eloriente.net\/home\/wp-json\/wp\/v2\/types\/post"}],"author":[{"embeddable":true,"href":"http:\/\/www.eloriente.net\/home\/wp-json\/wp\/v2\/users\/1"}],"replies":[{"embeddable":true,"href":"http:\/\/www.eloriente.net\/home\/wp-json\/wp\/v2\/comments?post=8255"}],"version-history":[{"count":6,"href":"http:\/\/www.eloriente.net\/home\/wp-json\/wp\/v2\/posts\/8255\/revisions"}],"predecessor-version":[{"id":8259,"href":"http:\/\/www.eloriente.net\/home\/wp-json\/wp\/v2\/posts\/8255\/revisions\/8259"}],"wp:featuredmedia":[{"embeddable":true,"href":"http:\/\/www.eloriente.net\/home\/wp-json\/wp\/v2\/media\/8256"}],"wp:attachment":[{"href":"http:\/\/www.eloriente.net\/home\/wp-json\/wp\/v2\/media?parent=8255"}],"wp:term":[{"taxonomy":"category","embeddable":true,"href":"http:\/\/www.eloriente.net\/home\/wp-json\/wp\/v2\/categories?post=8255"},{"taxonomy":"post_tag","embeddable":true,"href":"http:\/\/www.eloriente.net\/home\/wp-json\/wp\/v2\/tags?post=8255"}],"curies":[{"name":"wp","href":"https:\/\/api.w.org\/{rel}","templated":true}]}}