{"id":8269,"date":"2013-02-11T15:10:12","date_gmt":"2013-02-11T21:10:12","guid":{"rendered":"http:\/\/www.eloriente.net\/home\/?p=8269"},"modified":"2013-02-11T16:22:34","modified_gmt":"2013-02-11T22:22:34","slug":"presentacion-del-libro-homenaje-a-ignacio-bernal","status":"publish","type":"post","link":"http:\/\/www.eloriente.net\/home\/2013\/02\/11\/presentacion-del-libro-homenaje-a-ignacio-bernal\/","title":{"rendered":"Presentaci\u00f3n del libro \u00abHomenaje a Ignacio Bernal\u00bb"},"content":{"rendered":"<p>eloriente.net<\/p>\n<p>11 de febrero de 2013<\/p>\n<p>eloriente.net (Oaxaca, Oax.) 11 de febrero de 2013.- El Instituto Nacional de Antropolog\u00eda e Historia a trav\u00e9s de su delegaci\u00f3n en el estado de Oaxaca\u00a0 la Zona Arqueol\u00f3gica de Monte Alb\u00e1n llevar\u00e1n a cabo la presentaci\u00f3n del libro \u00abHomenaje a Ignacio Bernal\u00bb este mierc\u00f3les 13 de febrero de 2013 a las 17:00 hrs., en el auditorio del Museo de las Culturas de Oaxaca.<\/p>\n<p title=\"Antrop\u00f3logo\"><strong>Ignacio Bernal<\/strong> nacido en la Ciudad de M\u00e9xico el 13 de febrero de 1910, fue un\u00a0antrop\u00f3logo, doctor en arqueolog\u00eda, investigador, disc\u00edpulo y colaborador de Alfonso Caso.<\/p>\n<p title=\"Antrop\u00f3logo\">Las contribuciones de Ignacio Bernal a la arqueolog\u00eda mexicana de la segunda mitad del siglo XX, son reunidas en este libro que compila una docena de disertaciones sobre la figura de este prol\u00edfico arque\u00f3logo que tambi\u00e9n perteneci\u00f3 a la llamada \u201cGeneraci\u00f3n de medio siglo\u201d, que perfil\u00f3 la identidad nacional del M\u00e9xico moderno, inform\u00f3 el INAH en su portal de internet.<\/p>\n<p title=\"Antrop\u00f3logo\">El libro presentado en diciembre de 2012 en el Museo Nacional de Antropolog\u00eda (MNA), deriva del Simposio Homenaje realizado el 13 de febrero de 2010, con motivo del centenario del natalicio del arque\u00f3logo Ignacio Bernal, quien dirigi\u00f3 el Instituto Nacional de Antropolog\u00eda e Historia (INAH) y tambi\u00e9n el MNA.<\/p>\n<p title=\"Antrop\u00f3logo\">Editado por Nelly Robles Garc\u00eda, coordinadora nacional de Arqueolog\u00eda del INAH, el libro contiene art\u00edculos escritos por Carlos Bernal, hijo del notable arque\u00f3logo, y los arque\u00f3logos Eduardo Matos Moctezuma (INAH), Jos\u00e9 Arturo Oliveros Morales, Marcus Winter, Ronald Spores (Vanderbilt University), Stephen A. Kowalewsky (The University of Georgia), Luis Barba Pingarr\u00f3n (UNAM), Emily McClung de Tapia (UNAM), Daniel Sch\u00e1velzon (Universidad de Bueno Aires), Patricia Plunket Nagoda y Gabriela Uru\u00f1uela (Universidad de las Am\u00e9ricas) y Mari Carmen Serra Puche (UNAM).<\/p>\n<p title=\"Antrop\u00f3logo\">Cabe mencionar que Ignacio Bernal fue autor, entre otros libros, de <em>Urnas de Oaxaca<\/em> (1952), con Antonio Caso; <em>Teotihuacan: descubrimientos, reconstrucciones<\/em> (1963), <em>La cer\u00e1mica de Monte Alb\u00e1n<\/em> (1967), obra monumental realizada junto con su maestro Alfonso Caso y Jorge Acosta, <em>El mundo olmeca<\/em> (1968), e <em>Historia de la Arqueolog\u00eda en M\u00e9xico<\/em> (1979), traducida y publicada en Londres en 1980, adem\u00e1s de cientos de art\u00edculos cortos y varios trabajos sustantivos, como \u201cLos arque\u00f3logos de Tenochtitl\u00e1n\u201d (1981), entre otros.<\/p>\n\n\t\t\t  <div \n\t\t\t  \tclass = \"fb-comments\" \n\t\t\t  \tdata-href = \"http:\/\/www.eloriente.net\/home\/2013\/02\/11\/presentacion-del-libro-homenaje-a-ignacio-bernal\/\"\n\t\t\t  \tdata-numposts = \"10\"\n\t\t\t\tdata-colorscheme = \"dark\"\n\t\t\t\tdata-order-by = \"social\"\n\t\t\t\tdata-mobile=true>\n\t\t\t  <\/div>\n\t\t  <style>\n\t\t\t.fb_iframe_widget_fluid_desktop iframe {\n\t\t\t    width: 100% !important;\n\t\t\t}\n\t\t  <\/style>\n\t\t  ","protected":false},"excerpt":{"rendered":"<p>eloriente.net 11 de febrero de 2013 eloriente.net (Oaxaca, Oax.) 11 de febrero de 2013.- El Instituto Nacional de Antropolog\u00eda e Historia a trav\u00e9s de su delegaci\u00f3n en el estado de Oaxaca\u00a0 la Zona Arqueol\u00f3gica de Monte Alb\u00e1n llevar\u00e1n a cabo la presentaci\u00f3n del libro \u00abHomenaje a Ignacio Bernal\u00bb este mierc\u00f3les 13 de febrero de 2013 [&hellip;]<\/p>\n","protected":false},"author":1,"featured_media":8275,"comment_status":"closed","ping_status":"open","sticky":false,"template":"","format":"standard","meta":{"_jetpack_memberships_contains_paid_content":false,"footnotes":""},"categories":[8,18,32,10],"tags":[],"class_list":["post-8269","post","type-post","status-publish","format-standard","has-post-thumbnail","hentry","category-agenda","category-educacion-y-cultura","category-entradas","category-lo-mas-reciente"],"jetpack_featured_media_url":"http:\/\/www.eloriente.net\/home\/wp-content\/uploads\/2013\/02\/2_ignaciobernal.jpg","jetpack_sharing_enabled":true,"_links":{"self":[{"href":"http:\/\/www.eloriente.net\/home\/wp-json\/wp\/v2\/posts\/8269"}],"collection":[{"href":"http:\/\/www.eloriente.net\/home\/wp-json\/wp\/v2\/posts"}],"about":[{"href":"http:\/\/www.eloriente.net\/home\/wp-json\/wp\/v2\/types\/post"}],"author":[{"embeddable":true,"href":"http:\/\/www.eloriente.net\/home\/wp-json\/wp\/v2\/users\/1"}],"replies":[{"embeddable":true,"href":"http:\/\/www.eloriente.net\/home\/wp-json\/wp\/v2\/comments?post=8269"}],"version-history":[{"count":3,"href":"http:\/\/www.eloriente.net\/home\/wp-json\/wp\/v2\/posts\/8269\/revisions"}],"predecessor-version":[{"id":8278,"href":"http:\/\/www.eloriente.net\/home\/wp-json\/wp\/v2\/posts\/8269\/revisions\/8278"}],"wp:featuredmedia":[{"embeddable":true,"href":"http:\/\/www.eloriente.net\/home\/wp-json\/wp\/v2\/media\/8275"}],"wp:attachment":[{"href":"http:\/\/www.eloriente.net\/home\/wp-json\/wp\/v2\/media?parent=8269"}],"wp:term":[{"taxonomy":"category","embeddable":true,"href":"http:\/\/www.eloriente.net\/home\/wp-json\/wp\/v2\/categories?post=8269"},{"taxonomy":"post_tag","embeddable":true,"href":"http:\/\/www.eloriente.net\/home\/wp-json\/wp\/v2\/tags?post=8269"}],"curies":[{"name":"wp","href":"https:\/\/api.w.org\/{rel}","templated":true}]}}