{"id":8289,"date":"2013-02-12T10:06:54","date_gmt":"2013-02-12T16:06:54","guid":{"rendered":"http:\/\/www.eloriente.net\/home\/?p=8289"},"modified":"2013-04-26T16:49:12","modified_gmt":"2013-04-26T22:49:12","slug":"informalidad-laboral-aumento-en-cuarto-trimestre-de-2012-inegi","status":"publish","type":"post","link":"http:\/\/www.eloriente.net\/home\/2013\/02\/12\/informalidad-laboral-aumento-en-cuarto-trimestre-de-2012-inegi\/","title":{"rendered":"Oaxaca con la peor tasa de informalidad laboral en cuarto trimestre de 2012: INEGI"},"content":{"rendered":"<p>eloriente.net\/ <a href=\"http:\/\/www.inegi.org.mx\" target=\"_blank\">INEGI<\/a><\/p>\n<p>12 de febrero de 2013<\/p>\n<p>eloriente.net (Oaxaca, Oax.) 12 de febrero de 2013.-Los resultados por entidad federativa de la Encuesta Nacional de Ocupaci\u00f3n y Empleo presentados por el\u00a0 Instituto Nacional de Estad\u00edstica y Geograf\u00eda (INEGI), colocan a Oaxaca durante el cuarto trimestre del 2012 con la tasa m\u00e1s alta de informalidad laboral con un 81.1%, en contraste con el estado de Nuevo Le\u00f3n que registra la menor tasa de informalidad con un 41.3%.<\/p>\n<p>Sin embargo, con respecto a la tasa de desocupaci\u00f3n, Oaxaca con un 2.6% se ubic\u00f3 dentro de las entidades con las tasas m\u00e1s bajas. En este indicador se registraron\u00a0 tambi\u00e9n Campeche con 2.1%, Chiapas y Yucat\u00e1n con 2.4%, Veracruz de Ignacio de la Llave 2.5%, Oaxaca 2.6%, Guerrero 2.9% y San Luis Potos\u00ed con 3.1 por ciento.<\/p>\n<p>De acuerdo a la informaci\u00f3n difundida por el INEGI las personas ocupadas en el estado de Oaxaca suman 1, 616 119 y las desocupadas 42,821.<\/p>\n<p>Cabe mencionar que durante el cuarto trimestre del 2012, el empleo informal aument\u00f3 0.3% respecto al mismo periodo del 2011 a nivel nacional, representando el 59.9% de la poblaci\u00f3n ocupada.<\/p>\n<p>Los resultados trimestrales de la Encuesta Nacional de Ocupaci\u00f3n y Empleo (ENOE) correspondientes al periodo octubre-diciembre de 2012 presentados este d\u00eda por el INEGI revelaron que en este periodo el n\u00famero de personas que se emplearon en la informalidad ascendi\u00f3 a 28.9 millones.<\/p>\n<p style=\"text-align: center;\"><a href=\"http:\/\/www.eloriente.net\/home\/wp-content\/uploads\/2013\/02\/Captura-de-pantalla-2013-02-12-a-las-09.49.03.png\"><img loading=\"lazy\" decoding=\"async\" class=\"aligncenter  wp-image-8291\" title=\"Captura de pantalla 2013-02-12 a la(s) 09.49.03\" src=\"http:\/\/www.eloriente.net\/home\/wp-content\/uploads\/2013\/02\/Captura-de-pantalla-2013-02-12-a-las-09.49.03.png\" alt=\"\" width=\"501\" height=\"167\" srcset=\"http:\/\/www.eloriente.net\/home\/wp-content\/uploads\/2013\/02\/Captura-de-pantalla-2013-02-12-a-las-09.49.03.png 835w, http:\/\/www.eloriente.net\/home\/wp-content\/uploads\/2013\/02\/Captura-de-pantalla-2013-02-12-a-las-09.49.03-300x99.png 300w\" sizes=\"(max-width: 501px) 100vw, 501px\" \/><\/a><\/p>\n<p>&nbsp;<\/p>\n<p>El pasado 11 de diciembre, el INEGI dio a conocer la nueva medici\u00f3n del trabajo informal en M\u00e9xico, que viene a complementar la publicaci\u00f3n de la ocupaci\u00f3n en el sector informal, que el Instituto difunde desde el inicio de la ENOE en el a\u00f1o 2005.<\/p>\n<p>La definici\u00f3n de empleo informal que maneja el INEGI es \u00abel trabajo no protegido en la actividad agropecuaria, el servicio dom\u00e9stico remunerado de los hogares, as\u00ed como los trabajadores subordinados que, aunque trabajan para unidades econ\u00f3micas formales, lo hacen bajo modalidades en las que se elude el registro ante la seguridad social\u00bb.<\/p>\n<p>En cuanto al desempleo, en el trimestre de referencia la poblaci\u00f3n desocupada se situ\u00f3 en 2.5 millones de personas y la tasa de desocupaci\u00f3n correspondiente fue de 4.9% de la poblaci\u00f3n econ\u00f3micamente activa (PEA), porcentaje similar al de 4.8% que se registr\u00f3 en el periodo octubre-diciembre de un a\u00f1o antes.<\/p>\n<p>De acuerdo a los resultados publicados por el INEGI, la PEA alcanz\u00f3 alcanz\u00f3 48.2 millones de personas (29.8 millones son hombres y 18.4 millones son mujeres) en el trimestre octubre-diciembre 2012, cantidad superior en 368 mil personas a la cifra del mismo lapso de un a\u00f1o antes cuando se ubic\u00f3 en 47.8 millones de personas.<\/p>\n<p><a href=\"http:\/\/www.eloriente.net\/home\/wp-content\/uploads\/2013\/02\/Captura-de-pantalla-2013-02-12-a-las-09.44.33.png\"><img loading=\"lazy\" decoding=\"async\" class=\"aligncenter size-medium wp-image-8290\" title=\"Captura de pantalla 2013-02-12 a la(s) 09.44.33\" src=\"http:\/\/www.eloriente.net\/home\/wp-content\/uploads\/2013\/02\/Captura-de-pantalla-2013-02-12-a-las-09.44.33-300x220.png\" alt=\"\" width=\"300\" height=\"220\" srcset=\"http:\/\/www.eloriente.net\/home\/wp-content\/uploads\/2013\/02\/Captura-de-pantalla-2013-02-12-a-las-09.44.33-300x220.png 300w, http:\/\/www.eloriente.net\/home\/wp-content\/uploads\/2013\/02\/Captura-de-pantalla-2013-02-12-a-las-09.44.33.png 672w\" sizes=\"(max-width: 300px) 100vw, 300px\" \/><\/a><\/p>\n<p>Al estar condicionada a la b\u00fasqueda de empleo, la tasa de desocupaci\u00f3n es m\u00e1s alta en las localidades grandes, en donde est\u00e1 m\u00e1s organizado el mercado de trabajo; es as\u00ed que en las zonas m\u00e1s urbanizadas con 100 mil y m\u00e1s habitantes la tasa lleg\u00f3 a 5.7%, mientras que en las que tienen de 15 mil a menos de 100 mil habitantes alcanz\u00f3 5.1%, en las de 2 500 a menos de 15 mil fue de 4.5% y en las rurales de menos de 2 500 habitantes se estableci\u00f3 en 3.1 por ciento.<\/p>\n<p>Puedes descargar el reporte completo <a href=\"http:\/\/www.inegi.org.mx\/inegi\/contenidos\/espanol\/prensa\/comunicados\/estrucbol.pdf\" target=\"_blank\">AQU\u00cd.<\/a><\/p>\n<p style=\"text-align: center;\"><a href=\"http:\/\/www.eloriente.net\/home\/wp-content\/uploads\/2013\/02\/algunos-derechos-reservados-por-Indi-empleo-informal.jpg\"><img loading=\"lazy\" decoding=\"async\" class=\"aligncenter size-medium wp-image-8293\" title=\"algunos derechos reservados por Indi-empleo informal\" src=\"http:\/\/www.eloriente.net\/home\/wp-content\/uploads\/2013\/02\/algunos-derechos-reservados-por-Indi-empleo-informal-300x200.jpg\" alt=\"\" width=\"300\" height=\"200\" srcset=\"http:\/\/www.eloriente.net\/home\/wp-content\/uploads\/2013\/02\/algunos-derechos-reservados-por-Indi-empleo-informal-300x200.jpg 300w, http:\/\/www.eloriente.net\/home\/wp-content\/uploads\/2013\/02\/algunos-derechos-reservados-por-Indi-empleo-informal.jpg 1024w\" sizes=\"(max-width: 300px) 100vw, 300px\" \/><\/a><\/p>\n<p style=\"text-align: center;\">Foto: <a href=\"http:\/\/www.flickr.com\/photos\/inti\/\" target=\"_blank\">Inti<\/a>, <a href=\"http:\/\/creativecommons.org\/licenses\/by\/2.0\/\" target=\"_blank\">Algunos derechos reservados.<\/a><\/p>\n\n\t\t\t  <div \n\t\t\t  \tclass = \"fb-comments\" \n\t\t\t  \tdata-href = \"http:\/\/www.eloriente.net\/home\/2013\/02\/12\/informalidad-laboral-aumento-en-cuarto-trimestre-de-2012-inegi\/\"\n\t\t\t  \tdata-numposts = \"10\"\n\t\t\t\tdata-colorscheme = \"dark\"\n\t\t\t\tdata-order-by = \"social\"\n\t\t\t\tdata-mobile=true>\n\t\t\t  <\/div>\n\t\t  <style>\n\t\t\t.fb_iframe_widget_fluid_desktop iframe {\n\t\t\t    width: 100% !important;\n\t\t\t}\n\t\t  <\/style>\n\t\t  ","protected":false},"excerpt":{"rendered":"<p>eloriente.net\/ INEGI 12 de febrero de 2013 eloriente.net (Oaxaca, Oax.) 12 de febrero de 2013.-Los resultados por entidad federativa de la Encuesta Nacional de Ocupaci\u00f3n y Empleo presentados por el\u00a0 Instituto Nacional de Estad\u00edstica y Geograf\u00eda (INEGI), colocan a Oaxaca durante el cuarto trimestre del 2012 con la tasa m\u00e1s alta de informalidad laboral con [&hellip;]<\/p>\n","protected":false},"author":1,"featured_media":8293,"comment_status":"closed","ping_status":"open","sticky":false,"template":"","format":"standard","meta":{"_jetpack_memberships_contains_paid_content":false,"footnotes":""},"categories":[32,13,35,24,31],"tags":[],"class_list":["post-8289","post","type-post","status-publish","format-standard","has-post-thumbnail","hentry","category-entradas","category-especiales","category-secciones-oriente","category-mexico-y-el-mundo","category-principal"],"jetpack_featured_media_url":"http:\/\/www.eloriente.net\/home\/wp-content\/uploads\/2013\/02\/algunos-derechos-reservados-por-Indi-empleo-informal.jpg","jetpack_sharing_enabled":true,"_links":{"self":[{"href":"http:\/\/www.eloriente.net\/home\/wp-json\/wp\/v2\/posts\/8289"}],"collection":[{"href":"http:\/\/www.eloriente.net\/home\/wp-json\/wp\/v2\/posts"}],"about":[{"href":"http:\/\/www.eloriente.net\/home\/wp-json\/wp\/v2\/types\/post"}],"author":[{"embeddable":true,"href":"http:\/\/www.eloriente.net\/home\/wp-json\/wp\/v2\/users\/1"}],"replies":[{"embeddable":true,"href":"http:\/\/www.eloriente.net\/home\/wp-json\/wp\/v2\/comments?post=8289"}],"version-history":[{"count":10,"href":"http:\/\/www.eloriente.net\/home\/wp-json\/wp\/v2\/posts\/8289\/revisions"}],"predecessor-version":[{"id":11328,"href":"http:\/\/www.eloriente.net\/home\/wp-json\/wp\/v2\/posts\/8289\/revisions\/11328"}],"wp:featuredmedia":[{"embeddable":true,"href":"http:\/\/www.eloriente.net\/home\/wp-json\/wp\/v2\/media\/8293"}],"wp:attachment":[{"href":"http:\/\/www.eloriente.net\/home\/wp-json\/wp\/v2\/media?parent=8289"}],"wp:term":[{"taxonomy":"category","embeddable":true,"href":"http:\/\/www.eloriente.net\/home\/wp-json\/wp\/v2\/categories?post=8289"},{"taxonomy":"post_tag","embeddable":true,"href":"http:\/\/www.eloriente.net\/home\/wp-json\/wp\/v2\/tags?post=8289"}],"curies":[{"name":"wp","href":"https:\/\/api.w.org\/{rel}","templated":true}]}}