{"id":8435,"date":"2013-02-15T10:31:36","date_gmt":"2013-02-15T16:31:36","guid":{"rendered":"http:\/\/www.eloriente.net\/home\/?p=8435"},"modified":"2013-02-15T10:33:53","modified_gmt":"2013-02-15T16:33:53","slug":"presentan-tercer-festival-de-cine-unam","status":"publish","type":"post","link":"http:\/\/www.eloriente.net\/home\/2013\/02\/15\/presentan-tercer-festival-de-cine-unam\/","title":{"rendered":"Presentan Tercer Festival de Cine UNAM"},"content":{"rendered":"<p>eloriente.net\/ <a href=\"http:\/\/www.conaculta.gob.mx\" target=\"_blank\">Conaculta<\/a>\/ <a href=\"http:\/\/www.ficunam.unam.mx\" target=\"_blank\">FICUNAM<\/a><\/p>\n<p>15 de febrero de 2013<\/p>\n<p>eloriente.net (Oaxaca, Oax.) 15 de febrero de 2013.- El d\u00eda de ayer fue presentada en el lobby de la Sala Miguel Covarrubias de Ciudad Universitaria, la tercera emisi\u00f3n del Festival Internacional de Cine UNAM (FICUNAM) que se llevar\u00e1 a cabo del 21 de febrero al 2 de marzo de 2013.<\/p>\n<p>Eva Sangiorgi, Directora del Festival; Abril Alzaga, coordinadora ejecutiva de la C\u00e1tedra Ingmar Bergman; Guadalupe Ferrer, directora de la Filmoteca de la UNAM y Felipe Coria, director del Centro Universitario de Estudios Cinematogr\u00e1ficos (CUEC), dieron a conocer la programaci\u00f3n, actividades alternas y secciones del Festival, inform\u00f3 el Consejo Nacional para la Cultura y las Artes.<\/p>\n<p>Este a\u00f1o se se presentar\u00e1n 121 t\u00edtulos procedentes de 35 pa\u00edses, incluyendo m\u00e1s mediometrajes y cortometrajes que dif\u00edcilmente encuentran un espacio de exhibici\u00f3n, declar\u00f3 la titular del Festival.<\/p>\n<p>El Festival cuenta con secciones como <em>Retrospectivas, Aciertos<\/em>, <em>Ahora M\u00e9xico<\/em>, <em>Trazos<\/em>, <em>Senderos<\/em> y <em>Proyecciones especiales<\/em> adem\u00e1s de la <em>Competencia Internacional de Largometraje <\/em>en las que el p\u00fablico podr\u00e1 disfrutar de las producciones nacionales, internacionales y producciones de estudiantes de distintas escuelas de cine de Iberoam\u00e9rica.<\/p>\n<p>En la\u00a0 Competencia Internacional de Largometrajes participar\u00e1n 14 filmes, entre ellos dos mexicanos: <em>Cumbres<\/em> de Gabriel Nuncio y <em>Carmina <\/em>de Laura Amelia Guzm\u00e1n e Israel C\u00e1rdenas; adem\u00e1s de <em>El tiempo pasa como un rugido de le\u00f3n<\/em> de Phillipp Hartmann (Alemania), <em>El acto de matar<\/em> de Joshua Oppenheimer (Dinamarca- Noruega &#8211; Reino Unido), <em>Leviat\u00e1n<\/em> de Lucien Castaign-Taylor y V\u00e9rena Paravel (Reino Unidos- Estados Unidos- Francia).<\/p>\n<p>La principal sede del FICUNAM ser\u00e1 el Centro Cultural Universitario en Ciudad Universitaria, que cuenta con cinco espacios de proyecci\u00f3n: la sala Miguel Covarrubias, el Teatro Juan Ruiz de Alarc\u00f3n, la Sala Julio Bracho, la Sala Jos\u00e9 Revueltas y la Sala Carlos Monsiv\u00e1is pertenecientes a la Filmoteca.<\/p>\n<p>Las sedes alternas ser\u00e1n el Cinemat\u00f3grafo del Chopo, el Centro Cultural Universitario Tlatelolco, la Facultad de Estudios Superiores Acatl\u00e1n, la Facultad de Estudios Superiores Arag\u00f3n, la Casa del Lago Juan Jos\u00e9 Arreola, las F\u00e1bricas de Artes y Oficios de Oriente, Milpa Alta, Tl\u00e1huac e Indios Verdes, la Cineteca Nacional, el Cine Tonal\u00e1 y el Cin\u00e9polis Diana.<\/p>\n<p>Cabe mencionar que una selecci\u00f3n de pel\u00edculas visitar\u00e1 algunas ciudades del pa\u00eds durante los meses subsiguientes al Festival, entre las que se cuentan Monterrey, Oaxaca, Morelia, Colima, Chihuahua y Coahuila.<\/p>\n<p>Puedes consultar la programaci\u00f3n dando click <a href=\"http:\/\/www.ficunam.unam.mx\/index.php\/programacion\/\" target=\"_blank\">AQU\u00cd.<\/a><\/p>\n<p>@El_Oriente te comparte algunos videos sobre las secciones que integran este Festival.<\/p>\n<p><iframe loading=\"lazy\" src=\"http:\/\/player.vimeo.com\/video\/59455671?color=06c3d4\" frameborder=\"0\" width=\"500\" height=\"281\"><\/iframe><\/p>\n<p><a href=\"http:\/\/vimeo.com\/59455671\">Competencia Internacional de Largometraje<\/a> from <a href=\"http:\/\/vimeo.com\/ficunam\">FICUNAM<\/a> on <a href=\"http:\/\/vimeo.com\">Vimeo<\/a>.<\/p>\n<p><iframe loading=\"lazy\" src=\"http:\/\/player.vimeo.com\/video\/59456603?color=04deda\" frameborder=\"0\" width=\"500\" height=\"281\"><\/iframe><\/p>\n<p><a href=\"http:\/\/vimeo.com\/59456603\">Aciertos. Encuentro Internacional de Escuelas de Cine<\/a> from <a href=\"http:\/\/vimeo.com\/ficunam\">FICUNAM<\/a> on <a href=\"http:\/\/vimeo.com\">Vimeo<\/a>.<\/p>\n<p><iframe loading=\"lazy\" src=\"http:\/\/player.vimeo.com\/video\/58436795?color=04deda\" frameborder=\"0\" width=\"500\" height=\"281\"><\/iframe><\/p>\n<p><a href=\"http:\/\/vimeo.com\/58436795\">Ahora M\u00e9xico<\/a> from <a href=\"http:\/\/vimeo.com\/ficunam\">FICUNAM<\/a> on <a href=\"http:\/\/vimeo.com\">Vimeo<\/a>.<\/p>\n<p>&nbsp;<\/p>\n<p>&nbsp;<\/p>\n<p>&nbsp;<\/p>\n\n\t\t\t  <div \n\t\t\t  \tclass = \"fb-comments\" \n\t\t\t  \tdata-href = \"http:\/\/www.eloriente.net\/home\/2013\/02\/15\/presentan-tercer-festival-de-cine-unam\/\"\n\t\t\t  \tdata-numposts = \"10\"\n\t\t\t\tdata-colorscheme = \"dark\"\n\t\t\t\tdata-order-by = \"social\"\n\t\t\t\tdata-mobile=true>\n\t\t\t  <\/div>\n\t\t  <style>\n\t\t\t.fb_iframe_widget_fluid_desktop iframe {\n\t\t\t    width: 100% !important;\n\t\t\t}\n\t\t  <\/style>\n\t\t  ","protected":false},"excerpt":{"rendered":"<p>eloriente.net\/ Conaculta\/ FICUNAM 15 de febrero de 2013 eloriente.net (Oaxaca, Oax.) 15 de febrero de 2013.- El d\u00eda de ayer fue presentada en el lobby de la Sala Miguel Covarrubias de Ciudad Universitaria, la tercera emisi\u00f3n del Festival Internacional de Cine UNAM (FICUNAM) que se llevar\u00e1 a cabo del 21 de febrero al 2 de [&hellip;]<\/p>\n","protected":false},"author":1,"featured_media":8436,"comment_status":"closed","ping_status":"open","sticky":false,"template":"","format":"standard","meta":{"_jetpack_memberships_contains_paid_content":false,"footnotes":""},"categories":[56,18,32,10],"tags":[],"class_list":["post-8435","post","type-post","status-publish","format-standard","has-post-thumbnail","hentry","category-cine","category-educacion-y-cultura","category-entradas","category-lo-mas-reciente"],"jetpack_featured_media_url":"http:\/\/www.eloriente.net\/home\/wp-content\/uploads\/2013\/02\/FIC2013_newsletter_02-imagen-sola-01-baja.jpg","jetpack_sharing_enabled":true,"_links":{"self":[{"href":"http:\/\/www.eloriente.net\/home\/wp-json\/wp\/v2\/posts\/8435"}],"collection":[{"href":"http:\/\/www.eloriente.net\/home\/wp-json\/wp\/v2\/posts"}],"about":[{"href":"http:\/\/www.eloriente.net\/home\/wp-json\/wp\/v2\/types\/post"}],"author":[{"embeddable":true,"href":"http:\/\/www.eloriente.net\/home\/wp-json\/wp\/v2\/users\/1"}],"replies":[{"embeddable":true,"href":"http:\/\/www.eloriente.net\/home\/wp-json\/wp\/v2\/comments?post=8435"}],"version-history":[{"count":3,"href":"http:\/\/www.eloriente.net\/home\/wp-json\/wp\/v2\/posts\/8435\/revisions"}],"predecessor-version":[{"id":8438,"href":"http:\/\/www.eloriente.net\/home\/wp-json\/wp\/v2\/posts\/8435\/revisions\/8438"}],"wp:featuredmedia":[{"embeddable":true,"href":"http:\/\/www.eloriente.net\/home\/wp-json\/wp\/v2\/media\/8436"}],"wp:attachment":[{"href":"http:\/\/www.eloriente.net\/home\/wp-json\/wp\/v2\/media?parent=8435"}],"wp:term":[{"taxonomy":"category","embeddable":true,"href":"http:\/\/www.eloriente.net\/home\/wp-json\/wp\/v2\/categories?post=8435"},{"taxonomy":"post_tag","embeddable":true,"href":"http:\/\/www.eloriente.net\/home\/wp-json\/wp\/v2\/tags?post=8435"}],"curies":[{"name":"wp","href":"https:\/\/api.w.org\/{rel}","templated":true}]}}