{"id":8440,"date":"2013-02-15T10:51:36","date_gmt":"2013-02-15T16:51:36","guid":{"rendered":"http:\/\/www.eloriente.net\/home\/?p=8440"},"modified":"2013-02-15T10:52:33","modified_gmt":"2013-02-15T16:52:33","slug":"19-concurso-latinoamericano-de-fotografia-documental-los-trabajos-y-los-dias","status":"publish","type":"post","link":"http:\/\/www.eloriente.net\/home\/2013\/02\/15\/19-concurso-latinoamericano-de-fotografia-documental-los-trabajos-y-los-dias\/","title":{"rendered":"19\u00b0 Concurso Latinoamericano de Fotograf\u00eda Documental \u201cLos Trabajos y los D\u00edas\u201d"},"content":{"rendered":"<p>eloriente.net<\/p>\n<p>15 de febrero de 2013<\/p>\n<p>eloriente.net (Oaxaca, Oax.) 15 de febrero de 2013.- La Escuela Nacional Sindical de Colombia ha lanzado la convocatoria para participar en el 19\u00ba Concurso Latinoamericano de Fotograf\u00eda Documental \u00abLos Trabajos y los D\u00edas\u00bb.<\/p>\n<p>El tema de las fotograf\u00edas debe girar alrededor de seres humanos (sin importar edad, sexo o raza) realizando alg\u00fan tipo de trabajo u oficio.<\/p>\n<p>Los interesados en participar deber\u00e1n enviar sus fotograf\u00edas DIGITALES por Internet, para lo cual deber\u00e1n llenar el formato que estar\u00e1 disponible en la p\u00e1gina web <a href=\"http:\/\/www.ens.org.co\/concurso\" target=\"_blank\">http:\/\/www.ens.org.co\/concurso<\/a> hasta el 20 de marzo de 2013, fecha l\u00edmite para la recepci\u00f3n de obras.<\/p>\n<p>Es importante mencionar que todas las obras deber\u00e1n llevar t\u00edtulo para facilitar su archivo y catalogaci\u00f3n, de lo contrario, no ser\u00e1n admitidas. Las obras ser\u00e1n acompa\u00f1adas por una\u00a0 RESE\u00d1A o texto escrito, con una extensi\u00f3n que no exceda un p\u00e1rrafo de 100 palabras \u00f3 550 caracteres, en el que describa la informaci\u00f3n concisa sobre las personas fotografiadas y su contexto laboral (por ejemplo: pa\u00eds, provincia o regi\u00f3n, ciudad o pueblo, nombres del o de los personajes, caracter\u00edsticas del trabajo, remuneraci\u00f3n, duraci\u00f3n de la jornada, etc.)<\/p>\n<p>Para mayor informaci\u00f3n sobre la convocatoria pueden dar click <a href=\"http:\/\/www.ens.org.co\/index.shtml?apc=a---;1;-;-;&amp;x=20167414\" target=\"_blank\">AQU\u00cd.<\/a><\/p>\n<p>Hay 1, 500 d\u00f3lares de premio para las fotograf\u00edas ganadoras en las siguientes categor\u00edas:<\/p>\n<p>Mujeres Trabajadoras, Ni\u00f1ez Trabajadora, Hombres Trabajadores y Trabajadores Migrantes.<\/p>\n<p>Puedes ver los trabajos ganadores del Concurso anterior dando click <a href=\"http:\/\/www.ens.org.co\/index.shtml?apc=fb--;1;-;-;&amp;x=20166829\" target=\"_blank\">AQU\u00cd.<\/a><\/p>\n<p><a href=\"http:\/\/www.eloriente.net\/home\/wp-content\/uploads\/2013\/02\/Captura-de-pantalla-2013-02-15-a-las-10.44.04.png\"><img loading=\"lazy\" decoding=\"async\" class=\"aligncenter size-medium wp-image-8441\" title=\"Captura de pantalla 2013-02-15 a la(s) 10.44.04\" src=\"http:\/\/www.eloriente.net\/home\/wp-content\/uploads\/2013\/02\/Captura-de-pantalla-2013-02-15-a-las-10.44.04-300x223.png\" alt=\"\" width=\"300\" height=\"223\" srcset=\"http:\/\/www.eloriente.net\/home\/wp-content\/uploads\/2013\/02\/Captura-de-pantalla-2013-02-15-a-las-10.44.04-300x223.png 300w, http:\/\/www.eloriente.net\/home\/wp-content\/uploads\/2013\/02\/Captura-de-pantalla-2013-02-15-a-las-10.44.04.png 863w\" sizes=\"(max-width: 300px) 100vw, 300px\" \/><\/a><\/p>\n\n\t\t\t  <div \n\t\t\t  \tclass = \"fb-comments\" \n\t\t\t  \tdata-href = \"http:\/\/www.eloriente.net\/home\/2013\/02\/15\/19-concurso-latinoamericano-de-fotografia-documental-los-trabajos-y-los-dias\/\"\n\t\t\t  \tdata-numposts = \"10\"\n\t\t\t\tdata-colorscheme = \"dark\"\n\t\t\t\tdata-order-by = \"social\"\n\t\t\t\tdata-mobile=true>\n\t\t\t  <\/div>\n\t\t  <style>\n\t\t\t.fb_iframe_widget_fluid_desktop iframe {\n\t\t\t    width: 100% !important;\n\t\t\t}\n\t\t  <\/style>\n\t\t  ","protected":false},"excerpt":{"rendered":"<p>eloriente.net 15 de febrero de 2013 eloriente.net (Oaxaca, Oax.) 15 de febrero de 2013.- La Escuela Nacional Sindical de Colombia ha lanzado la convocatoria para participar en el 19\u00ba Concurso Latinoamericano de Fotograf\u00eda Documental \u00abLos Trabajos y los D\u00edas\u00bb. El tema de las fotograf\u00edas debe girar alrededor de seres humanos (sin importar edad, sexo o [&hellip;]<\/p>\n","protected":false},"author":1,"featured_media":8441,"comment_status":"closed","ping_status":"open","sticky":false,"template":"","format":"standard","meta":{"_jetpack_memberships_contains_paid_content":false,"footnotes":""},"categories":[26,32,10],"tags":[],"class_list":["post-8440","post","type-post","status-publish","format-standard","has-post-thumbnail","hentry","category-convocatorias","category-entradas","category-lo-mas-reciente"],"jetpack_featured_media_url":"http:\/\/www.eloriente.net\/home\/wp-content\/uploads\/2013\/02\/Captura-de-pantalla-2013-02-15-a-las-10.44.04.png","jetpack_sharing_enabled":true,"_links":{"self":[{"href":"http:\/\/www.eloriente.net\/home\/wp-json\/wp\/v2\/posts\/8440"}],"collection":[{"href":"http:\/\/www.eloriente.net\/home\/wp-json\/wp\/v2\/posts"}],"about":[{"href":"http:\/\/www.eloriente.net\/home\/wp-json\/wp\/v2\/types\/post"}],"author":[{"embeddable":true,"href":"http:\/\/www.eloriente.net\/home\/wp-json\/wp\/v2\/users\/1"}],"replies":[{"embeddable":true,"href":"http:\/\/www.eloriente.net\/home\/wp-json\/wp\/v2\/comments?post=8440"}],"version-history":[{"count":2,"href":"http:\/\/www.eloriente.net\/home\/wp-json\/wp\/v2\/posts\/8440\/revisions"}],"predecessor-version":[{"id":8444,"href":"http:\/\/www.eloriente.net\/home\/wp-json\/wp\/v2\/posts\/8440\/revisions\/8444"}],"wp:featuredmedia":[{"embeddable":true,"href":"http:\/\/www.eloriente.net\/home\/wp-json\/wp\/v2\/media\/8441"}],"wp:attachment":[{"href":"http:\/\/www.eloriente.net\/home\/wp-json\/wp\/v2\/media?parent=8440"}],"wp:term":[{"taxonomy":"category","embeddable":true,"href":"http:\/\/www.eloriente.net\/home\/wp-json\/wp\/v2\/categories?post=8440"},{"taxonomy":"post_tag","embeddable":true,"href":"http:\/\/www.eloriente.net\/home\/wp-json\/wp\/v2\/tags?post=8440"}],"curies":[{"name":"wp","href":"https:\/\/api.w.org\/{rel}","templated":true}]}}