{"id":8468,"date":"2013-02-16T09:18:08","date_gmt":"2013-02-16T15:18:08","guid":{"rendered":"http:\/\/www.eloriente.net\/home\/?p=8468"},"modified":"2013-02-16T09:18:08","modified_gmt":"2013-02-16T15:18:08","slug":"resurgimiento-de-la-appo-ganan-en-el-efecto","status":"publish","type":"post","link":"http:\/\/www.eloriente.net\/home\/2013\/02\/16\/resurgimiento-de-la-appo-ganan-en-el-efecto\/","title":{"rendered":"Resurgimiento de la APPO: ganan en el efecto"},"content":{"rendered":"<p style=\"text-align: right\">Por: Adri\u00e1n Ortiz Romero<\/p>\n<p><em>+ Oportunismo, s\u00ed; pero ante caos, es redituable<\/em><\/p>\n<p>No es buen signo para el gobierno de Oaxaca que, casi en las mismas fechas, ocurran varios hechos que si bien no tienen trascendencia material, de nuevo ponen a la entidad en una situaci\u00f3n francamente deplorable ante la mirada nacional e internacional.<\/p>\n<p>En efecto, en apenas unos d\u00edas, un pu\u00f1ado de personas fue capaz de subir a la agenda nacional el tema de Mare\u00f1a Renovables y el riesgo de que esa inversi\u00f3n se vaya a otra entidad, o a otro pa\u00eds; casi al mismo tiempo, la Secci\u00f3n 22 del SNTE \u2014que para efectos pr\u00e1cticos, tambi\u00e9n es un grupo minoritario\u2014 fue capaz de arrodillar al Congreso del Estado, y a buena parte de la estructura del gobierno estatal para que se apruebe, por la fuerza, su Plan para la Transformaci\u00f3n de la Educaci\u00f3n en Oaxaca.<\/p>\n<p>Por si algo faltara, un pu\u00f1ado de rencorosos est\u00e1 esparciendo la versi\u00f3n sobre el resurgimiento de la Asamblea Popular del Pueblo de Oaxaca; y todo se corona ante la aparici\u00f3n de un cuerpo de \u201cpolic\u00eda comunitaria\u201d en un municipio de la regi\u00f3n de la Costa, y el realce al \u201cmunicipio aut\u00f3nomo\u201d de San Juan Copala. Gran parte de la batalla entre el gobierno y sus opositores se gana en las percepciones. Y en ese terreno el gobierno de Oaxaca lo est\u00e1 perdiendo todo.<\/p>\n<p>Veamos si no. En el caso de Mare\u00f1a Renovables, el gobierno ha insistido una y otra vez que el asunto no es tan grave como parece, y ha tratado de aplacar los \u00e1nimos a trav\u00e9s de declaraciones que parecen respaldar a la empresa inversionista, y condenar a aquellos que pretenden desestabilizar la zona. A partir de eso se entiende que de manera casi permanente haya presencia de funcionarios en la zona; que haya declaraciones oficiales expresas sobre el tema, y que al mismo tiempo se descalifique a quienes se oponen al establecimiento de los aerogeneradores.<\/p>\n<p>El problema es que, en el terreno de las percepciones, los ganadores son otros y esto ocurre por el solo hecho de que a\u00fan con las declaraciones y la aparente acci\u00f3n oficial, la inversi\u00f3n simplemente no se asienta, ni Mare\u00f1a inicia la construcci\u00f3n del complejo e\u00f3lico, ni cesan los se\u00f1alamientos, en la prensa nacional e internacional (fundamentalmente en \u00e9sta) de que existen actos de represi\u00f3n en contra de los opositores al proyecto, y de que el gobierno pretende instalar los aerogeneradores sin tomar en consideraci\u00f3n la opini\u00f3n de los pueblos ind\u00edgenas de la zona, y sin atender las causas que les generan marginaci\u00f3n y pobreza.<\/p>\n<p>Esto, a la luz de cualquier mirada m\u00e1s o menos razonable, resulta falso. Pues aunque con sus errores, s\u00ed ha ocurrido el proceso de consulta y cabildeo con los pueblos de la zona; aunque tard\u00eda, y con poco acierto, s\u00ed ha habido presencia oficial en la zona; tambi\u00e9n existen proyectos sociales para atender a los ind\u00edgenas, y los supuestos \u201cactos de represi\u00f3n\u201d tienen tantos matices que, sin duda, ser\u00eda casi imposible hablar de ellos sin tomar en consideraci\u00f3n que las contrapartes (los supuestos reprimidos) en realidad buscan con efervescencia que alguien los apalee.<\/p>\n<p>Sobre todo, en ese problema y en esa regi\u00f3n, existe un cargado \u00e1nimo de confrontaci\u00f3n y de enrarecimiento pol\u00edtico que, al contrario, no ha podido ser reflejado ni informado por el gobierno, que m\u00e1s bien ha preferido asumir que quienes est\u00e1n revolviendo el problema son luchadores sociales, y no pol\u00edticos ambiciosos, y que en realidad \u00e9ste s\u00ed es un conflicto en el que existen derechos leg\u00edtimos confrontados con un proyecto econ\u00f3mico de gran calado, y no una cuesti\u00f3n de mezquindades en la que unos cuantos juegan con las banderas ind\u00edgenas, y con los derechos y el porvenir de quienes habitan la regi\u00f3n en conflicto, \u00fanicamente para tratar de sacar alguna ventaja \u2014o de cobrar alguna venganza o deseo de empoderamiento\u2014 gracias a la decisi\u00f3n de alimentar la confrontaci\u00f3n, entre todos, en esa regi\u00f3n.<\/p>\n<p>&nbsp;<\/p>\n<p>LA APPO, LA 22 Y TODO\u2026<\/p>\n<p>Algo similar ocurre con el supuesto resurgimiento de la Asamblea Popular del Pueblo de Oaxaca, o con las amenazas de generar inestabilidad, que ha lanzado la Secci\u00f3n 22 del SNTE: de nuevo, el gobierno pierde la batalla de las percepciones. Pues porque aun cuando en esencia no parece existir un riesgo inminente, lo cierto es que en la batalla de lo que se ve, y lo que se aparenta desde fuera, en Oaxaca estamos a punto de una revuelta social, y vivimos bajo los caprichos y el gobierno f\u00e1ctico de la Asamblea Popular y el magisterio oaxaque\u00f1o.<\/p>\n<p>En particular, el tema de la APPO parece rentable en s\u00ed mismo. S\u00f3lo aquellos que no vivieron en Oaxaca durante el 2006, o que estaban falsamente convencidos de que la v\u00eda de la revuelta popular \u2014y no el sistema democr\u00e1tico, por el que finalmente la mayor\u00eda de ciudadanos ech\u00f3 al PRI del gobierno de Oaxaca\u2014 era la id\u00f3nea para que las cosas cambiaran, pod\u00edan estar a favor de las acciones que emprendieron esos grupos durante los a\u00f1os 2006 y siguientes.<\/p>\n<p>Esos eran actos lesivos contra la ciudadan\u00eda. Pues finalmente, con sus acciones no lastimaron al gobierno, o a los grandes capitales, o a quienes generan las desigualdades que los maestros o la APPO dicen combatir, sino que el da\u00f1o fue directamente contra los oaxaque\u00f1os. Sin embargo, a pesar de ello hay quienes nunca han dejado de ponderar las \u201cvirtudes democr\u00e1ticas\u201d del magisterio o de la comuna oaxaque\u00f1a, o que afirman que aqu\u00ed, o en cualquier otro lugar, esa es una v\u00eda id\u00f3nea para cambiar el estado de cosas, y que por eso su lucha debe ser apoyada y respaldada incondicionalmente.<\/p>\n<p>Sabemos, sin embargo, que nada de eso ocurre en realidad. Que aqu\u00ed hay una situaci\u00f3n de paz, que \u00fanicamente se ve trastocada por algunos grupos organizados que cierran calles o bloquean oficial y por el gobierno que lo permite en aras de la \u201cgobernabilidad democr\u00e1tica\u201d. Sin embargo, ante el surgimiento de la percepci\u00f3n, lo que pareciera, reafirmamos, es que estamos en la antesala de una nueva crisis social y ante la revuelta para cambiar el estado de cosas.<\/p>\n<p>&nbsp;<\/p>\n<p>CRISIS DE LA LEGALIDAD<\/p>\n<p>A reserva de hablar en otro momento de las polic\u00edas comunitarias, y el cuestionamiento que generan para el Estado de Derecho y para la gobernabilidad, lo cierto es que el solo surgimiento de una de ellas en la entidad, nos equipara a otros lugares en los que tienen condiciones mucho peores a las de Oaxaca. En amplias zonas de Guerrero o Michoac\u00e1n no hay ley y por eso surgen esas polic\u00edas comunitarias. \u00bfEn Oaxaca estamos igual? Pero aqu\u00ed, la batalla de las percepciones, siempre la pierde quienes tienen el deber no s\u00f3lo el ser, sino tambi\u00e9n el parecer.<\/p>\n\n\t\t\t  <div \n\t\t\t  \tclass = \"fb-comments\" \n\t\t\t  \tdata-href = \"http:\/\/www.eloriente.net\/home\/2013\/02\/16\/resurgimiento-de-la-appo-ganan-en-el-efecto\/\"\n\t\t\t  \tdata-numposts = \"10\"\n\t\t\t\tdata-colorscheme = \"dark\"\n\t\t\t\tdata-order-by = \"social\"\n\t\t\t\tdata-mobile=true>\n\t\t\t  <\/div>\n\t\t  <style>\n\t\t\t.fb_iframe_widget_fluid_desktop iframe {\n\t\t\t    width: 100% !important;\n\t\t\t}\n\t\t  <\/style>\n\t\t  ","protected":false},"excerpt":{"rendered":"<p>Por: Adri\u00e1n Ortiz Romero + Oportunismo, s\u00ed; pero ante caos, es redituable No es buen signo para el gobierno de Oaxaca que, casi en las mismas fechas, ocurran varios hechos que si bien no tienen trascendencia material, de nuevo ponen a la entidad en una situaci\u00f3n francamente deplorable ante la mirada nacional e internacional. En [&hellip;]<\/p>\n","protected":false},"author":2,"featured_media":8469,"comment_status":"closed","ping_status":"open","sticky":false,"template":"","format":"standard","meta":{"_jetpack_memberships_contains_paid_content":false,"footnotes":""},"categories":[38,32,10],"tags":[],"class_list":["post-8468","post","type-post","status-publish","format-standard","has-post-thumbnail","hentry","category-adrian-ortiz-romero","category-entradas","category-lo-mas-reciente"],"jetpack_featured_media_url":"http:\/\/www.eloriente.net\/home\/wp-content\/uploads\/2013\/02\/appo.jpg","jetpack_sharing_enabled":true,"_links":{"self":[{"href":"http:\/\/www.eloriente.net\/home\/wp-json\/wp\/v2\/posts\/8468"}],"collection":[{"href":"http:\/\/www.eloriente.net\/home\/wp-json\/wp\/v2\/posts"}],"about":[{"href":"http:\/\/www.eloriente.net\/home\/wp-json\/wp\/v2\/types\/post"}],"author":[{"embeddable":true,"href":"http:\/\/www.eloriente.net\/home\/wp-json\/wp\/v2\/users\/2"}],"replies":[{"embeddable":true,"href":"http:\/\/www.eloriente.net\/home\/wp-json\/wp\/v2\/comments?post=8468"}],"version-history":[{"count":1,"href":"http:\/\/www.eloriente.net\/home\/wp-json\/wp\/v2\/posts\/8468\/revisions"}],"predecessor-version":[{"id":8470,"href":"http:\/\/www.eloriente.net\/home\/wp-json\/wp\/v2\/posts\/8468\/revisions\/8470"}],"wp:featuredmedia":[{"embeddable":true,"href":"http:\/\/www.eloriente.net\/home\/wp-json\/wp\/v2\/media\/8469"}],"wp:attachment":[{"href":"http:\/\/www.eloriente.net\/home\/wp-json\/wp\/v2\/media?parent=8468"}],"wp:term":[{"taxonomy":"category","embeddable":true,"href":"http:\/\/www.eloriente.net\/home\/wp-json\/wp\/v2\/categories?post=8468"},{"taxonomy":"post_tag","embeddable":true,"href":"http:\/\/www.eloriente.net\/home\/wp-json\/wp\/v2\/tags?post=8468"}],"curies":[{"name":"wp","href":"https:\/\/api.w.org\/{rel}","templated":true}]}}