{"id":8471,"date":"2013-02-16T10:02:53","date_gmt":"2013-02-16T16:02:53","guid":{"rendered":"http:\/\/www.eloriente.net\/home\/?p=8471"},"modified":"2013-02-16T10:02:53","modified_gmt":"2013-02-16T16:02:53","slug":"paul-hansen-ganador-del-world-press-photo","status":"publish","type":"post","link":"http:\/\/www.eloriente.net\/home\/2013\/02\/16\/paul-hansen-ganador-del-world-press-photo\/","title":{"rendered":"Paul Hansen, ganador del World Press Photo"},"content":{"rendered":"<p>eloriente.net\/<a href=\"http:\/\/www.worldpressphoto.org\/\" target=\"_blank\"> World Press Photo<\/a><\/p>\n<p>16 de febrero de 2013<\/p>\n<p>eloriente.net (Oaxaca, Oax.) 16 de febrero de 2013.- El fot\u00f3grafo sueco Paul Hansen, fue galardonado el d\u00eda de ayer con el primer premio en la edici\u00f3n de 2012 del <em>World Press Photo<\/em>, el concurso de fotoperiodismo m\u00e1s importante a nivel mundial, con la fotograf\u00eda titulada\u00a0 \u00ab<em>Gaza Burial<\/em>\u00ab, en la que se ve a un grupo de hombres en una calle de Gaza llevando los cuerpos de dos ni\u00f1os que murieron tras la ca\u00edda de misiles Israel\u00edes en el techo de la casa que habitaban.<\/p>\n<p>Hace dos a\u00f1os, Suhaib Hijazi y su hermano mayor Muhammad murieron cuando su casa fue destruida por un misil israel\u00ed. Su padre, Foaud, tambi\u00e9n muri\u00f3 y su madre fue llevada a terapia intensiva. Los hermanos de Fouad llevaron a los ni\u00f1os a la mezquita para la ceremonia del entierro, mientras que el cuerpo del padre se lleva atr\u00e1s de ellos en una camilla.<\/p>\n<p>Paul Hansen es un fot\u00f3grafo sueco que reside en Estocolmo y que ha trabajado para el diario Dagens Nyheter desde el a\u00f1o 2000. Ha recibido numerosos premios, incluyendo ser nombrado Fot\u00f3grafo del A\u00f1o por <em>Pictures of the Year International (POYi)<\/em> en 2010 y 2013, adem\u00e1s de ser el Fot\u00f3grafo del A\u00f1o en Suecia en siete ocasiones, y obtener dos primeros premios de la National Press Potographer Association (NPPA).<\/p>\n<p>El jurado internacional del World Press Photo concedi\u00f3 premios en nueve categor\u00edas tem\u00e1ticas a 54 fot\u00f3grafos de 32 nacionalidades procedentes de: Alemania, Argentina, Australia, B\u00e9lgica, Brasil, Canad\u00e1, Chile, China, Rep\u00fablica Checa, Dinamarca, Francia, Alemania, India, Indonesia, Ir\u00e1n, Italia, Jordania, Malasia , Territorios Palestinos, Pa\u00edses Bajos, Per\u00fa, Polonia, Portugal, Rusia, Serbia, Sud\u00e1frica, Espa\u00f1a, Suecia, Suiza, Turqu\u00eda, Reino Unido, EE.UU. y Vietnam.<\/p>\n<p>Los miembros del jurado anunciaron a los ganadores en una conferencia de prensa celebrada en la oficina de World Press Photo en Amsterdam el d\u00eda de ayer, 15 de febrero de 2013.<\/p>\n<p><strong>World Press Photo<\/strong> es una organizaci\u00f3n independiente sin fines de lucro fundada en 1955 en la ciudad de Amsterdam, Holanda. Cada a\u00f1o eligen la mejor fotograf\u00eda period\u00edstica o de prensa.<\/p>\n<p>Pueden Consultar <a href=\"http:\/\/www.worldpressphoto.org\/awards\/2013\" target=\"_blank\">AQU\u00cd<\/a> la galer\u00eda de las fotograf\u00edas ganadoras en las diferentes categor\u00edas. Los ganadores fueron seleccionados de entre m\u00e1s de 100.000 im\u00e1genes presentadas para el concurso.<\/p>\n<p style=\"text-align: center;\"><a href=\"http:\/\/www.eloriente.net\/home\/wp-content\/uploads\/2013\/02\/Captura-de-pantalla-2013-02-16-a-las-09.42.04.png\"><img loading=\"lazy\" decoding=\"async\" class=\"aligncenter  wp-image-8472\" title=\"Captura de pantalla 2013-02-16 a la(s) 09.42.04\" src=\"http:\/\/www.eloriente.net\/home\/wp-content\/uploads\/2013\/02\/Captura-de-pantalla-2013-02-16-a-las-09.42.04.png\" alt=\"\" width=\"543\" height=\"355\" srcset=\"http:\/\/www.eloriente.net\/home\/wp-content\/uploads\/2013\/02\/Captura-de-pantalla-2013-02-16-a-las-09.42.04.png 775w, http:\/\/www.eloriente.net\/home\/wp-content\/uploads\/2013\/02\/Captura-de-pantalla-2013-02-16-a-las-09.42.04-300x196.png 300w\" sizes=\"(max-width: 543px) 100vw, 543px\" \/><\/a><\/p>\n\n\t\t\t  <div \n\t\t\t  \tclass = \"fb-comments\" \n\t\t\t  \tdata-href = \"http:\/\/www.eloriente.net\/home\/2013\/02\/16\/paul-hansen-ganador-del-world-press-photo\/\"\n\t\t\t  \tdata-numposts = \"10\"\n\t\t\t\tdata-colorscheme = \"dark\"\n\t\t\t\tdata-order-by = \"social\"\n\t\t\t\tdata-mobile=true>\n\t\t\t  <\/div>\n\t\t  <style>\n\t\t\t.fb_iframe_widget_fluid_desktop iframe {\n\t\t\t    width: 100% !important;\n\t\t\t}\n\t\t  <\/style>\n\t\t  ","protected":false},"excerpt":{"rendered":"<p>eloriente.net\/ World Press Photo 16 de febrero de 2013 eloriente.net (Oaxaca, Oax.) 16 de febrero de 2013.- El fot\u00f3grafo sueco Paul Hansen, fue galardonado el d\u00eda de ayer con el primer premio en la edici\u00f3n de 2012 del World Press Photo, el concurso de fotoperiodismo m\u00e1s importante a nivel mundial, con la fotograf\u00eda titulada\u00a0 \u00abGaza [&hellip;]<\/p>\n","protected":false},"author":1,"featured_media":8472,"comment_status":"closed","ping_status":"open","sticky":false,"template":"","format":"standard","meta":{"_jetpack_memberships_contains_paid_content":false,"footnotes":""},"categories":[18,32,10,24],"tags":[],"class_list":["post-8471","post","type-post","status-publish","format-standard","has-post-thumbnail","hentry","category-educacion-y-cultura","category-entradas","category-lo-mas-reciente","category-mexico-y-el-mundo"],"jetpack_featured_media_url":"http:\/\/www.eloriente.net\/home\/wp-content\/uploads\/2013\/02\/Captura-de-pantalla-2013-02-16-a-las-09.42.04.png","jetpack_sharing_enabled":true,"_links":{"self":[{"href":"http:\/\/www.eloriente.net\/home\/wp-json\/wp\/v2\/posts\/8471"}],"collection":[{"href":"http:\/\/www.eloriente.net\/home\/wp-json\/wp\/v2\/posts"}],"about":[{"href":"http:\/\/www.eloriente.net\/home\/wp-json\/wp\/v2\/types\/post"}],"author":[{"embeddable":true,"href":"http:\/\/www.eloriente.net\/home\/wp-json\/wp\/v2\/users\/1"}],"replies":[{"embeddable":true,"href":"http:\/\/www.eloriente.net\/home\/wp-json\/wp\/v2\/comments?post=8471"}],"version-history":[{"count":2,"href":"http:\/\/www.eloriente.net\/home\/wp-json\/wp\/v2\/posts\/8471\/revisions"}],"predecessor-version":[{"id":8474,"href":"http:\/\/www.eloriente.net\/home\/wp-json\/wp\/v2\/posts\/8471\/revisions\/8474"}],"wp:featuredmedia":[{"embeddable":true,"href":"http:\/\/www.eloriente.net\/home\/wp-json\/wp\/v2\/media\/8472"}],"wp:attachment":[{"href":"http:\/\/www.eloriente.net\/home\/wp-json\/wp\/v2\/media?parent=8471"}],"wp:term":[{"taxonomy":"category","embeddable":true,"href":"http:\/\/www.eloriente.net\/home\/wp-json\/wp\/v2\/categories?post=8471"},{"taxonomy":"post_tag","embeddable":true,"href":"http:\/\/www.eloriente.net\/home\/wp-json\/wp\/v2\/tags?post=8471"}],"curies":[{"name":"wp","href":"https:\/\/api.w.org\/{rel}","templated":true}]}}